{"id":5321,"date":"2023-10-12T07:29:44","date_gmt":"2023-10-12T07:29:44","guid":{"rendered":"https:\/\/csiag.eu\/?p=5321"},"modified":"2023-10-12T08:33:01","modified_gmt":"2023-10-12T08:33:01","slug":"oudiotegnologie","status":"publish","type":"post","link":"https:\/\/csiag.eu\/af\/blog\/2023\/10\/12\/audio-technik\/","title":{"rendered":"Oudiotegnologie"},"content":{"rendered":"<div id=\"ez-toc-container\" class=\"ez-toc-v2_0_86 counter-hierarchy ez-toc-counter ez-toc-grey ez-toc-container-direction\">\n<div class=\"ez-toc-title-container\">\n<p class=\"ez-toc-title\" style=\"cursor:inherit\">Inhoudsopgawe<\/p>\n<span class=\"ez-toc-title-toggle\"><\/span><\/div>\n<nav><ul class='ez-toc-list ez-toc-list-level-1' ><li class='ez-toc-page-1 ez-toc-heading-level-2'><a class=\"ez-toc-link ez-toc-heading-1\" href=\"https:\/\/csiag.eu\/af\/blog\/2023\/10\/12\/audio-technik\/#Budget_und_Zweck\" >Begroting en doel<\/a><\/li><li class='ez-toc-page-1 ez-toc-heading-level-2'><a class=\"ez-toc-link ez-toc-heading-2\" href=\"https:\/\/csiag.eu\/af\/blog\/2023\/10\/12\/audio-technik\/#Kabel_ade_%E2%80%A6\" >Totsiens kabels\u2026<\/a><\/li><li class='ez-toc-page-1 ez-toc-heading-level-2'><a class=\"ez-toc-link ez-toc-heading-3\" href=\"https:\/\/csiag.eu\/af\/blog\/2023\/10\/12\/audio-technik\/#Frequenz-Dschungel\" >Frekwensie-oerwoud<\/a><ul class='ez-toc-list-level-3' ><li class='ez-toc-heading-level-3'><a class=\"ez-toc-link ez-toc-heading-4\" href=\"https:\/\/csiag.eu\/af\/blog\/2023\/10\/12\/audio-technik\/#Bandbreite\" >Bandwydte<\/a><\/li><li class='ez-toc-page-1 ez-toc-heading-level-3'><a class=\"ez-toc-link ez-toc-heading-5\" href=\"https:\/\/csiag.eu\/af\/blog\/2023\/10\/12\/audio-technik\/#Latenz\" >latensie<\/a><\/li><li class='ez-toc-page-1 ez-toc-heading-level-3'><a class=\"ez-toc-link ez-toc-heading-6\" href=\"https:\/\/csiag.eu\/af\/blog\/2023\/10\/12\/audio-technik\/#Empfehlung\" >Aanbeveling<\/a><\/li><\/ul><\/li><li class='ez-toc-page-1 ez-toc-heading-level-2'><a class=\"ez-toc-link ez-toc-heading-7\" href=\"https:\/\/csiag.eu\/af\/blog\/2023\/10\/12\/audio-technik\/#Billig_oder_gut\" >Goedkoop of goed?<\/a><ul class='ez-toc-list-level-3' ><li class='ez-toc-heading-level-3'><a class=\"ez-toc-link ez-toc-heading-8\" href=\"https:\/\/csiag.eu\/af\/blog\/2023\/10\/12\/audio-technik\/#Gebrauchtmarkt\" >Gebruikte mark<\/a><\/li><\/ul><\/li><li class='ez-toc-page-1 ez-toc-heading-level-2'><a class=\"ez-toc-link ez-toc-heading-9\" href=\"https:\/\/csiag.eu\/af\/blog\/2023\/10\/12\/audio-technik\/#Mikrofone\" >Mikrofone<\/a><ul class='ez-toc-list-level-3' ><li class='ez-toc-heading-level-3'><a class=\"ez-toc-link ez-toc-heading-10\" href=\"https:\/\/csiag.eu\/af\/blog\/2023\/10\/12\/audio-technik\/#Richtcharakteristik\" >Rigtingkarakteristiek<\/a><\/li><\/ul><\/li><li class='ez-toc-page-1 ez-toc-heading-level-2'><a class=\"ez-toc-link ez-toc-heading-11\" href=\"https:\/\/csiag.eu\/af\/blog\/2023\/10\/12\/audio-technik\/#Digital-Mischpult\" >Digitale mengkonsole<\/a><\/li><li class='ez-toc-page-1 ez-toc-heading-level-2'><a class=\"ez-toc-link ez-toc-heading-12\" href=\"https:\/\/csiag.eu\/af\/blog\/2023\/10\/12\/audio-technik\/#Beschallung\" >klankstelsel<\/a><\/li><li class='ez-toc-page-1 ez-toc-heading-level-2'><a class=\"ez-toc-link ez-toc-heading-13\" href=\"https:\/\/csiag.eu\/af\/blog\/2023\/10\/12\/audio-technik\/#Und_nun\" >En nou?<\/a><\/li><\/ul><\/nav><\/div>\n<span class=\"span-reading-time rt-reading-time\" style=\"display: block;\"><span class=\"rt-label rt-prefix\">Leestyd<\/span> <span class=\"rt-time\"> 5<\/span> <span class=\"rt-label rt-postfix\">minute<\/span><\/span>\n<p class=\"wp-block-paragraph\">Ateljee-gehalte klanktegnologie \u2013 is dit moontlik op &#039;n knap begroting? Binne sekere perke kan hierdie vraag met &#039;n klinkende ja beantwoord word. Danksy digitale tegnologie is hierdie allesomvattende oplossing nie meer buite bereik nie en is dit selfs haalbaar met begrotings onder die vyfsyfer-euro-merk.<\/p>\n\n\n\n<h2 class=\"wp-block-heading\"><span class=\"ez-toc-section\" id=\"Budget_und_Zweck\"><\/span>Begroting en doel<span class=\"ez-toc-section-end\"><\/span><\/h2>\n\n\n\n<p class=\"wp-block-paragraph\">Die twee deurslaggewende vrae is: hoe groot is die begroting en watter doel word gedien? Is die geleentheid hoofsaaklik vir sprekers, een of meer in &#039;n rondetafelbespreking, of vir musikante, sangers of kleiner ensembles? Is dit &#039;n mobiele of stilstaande installasie? Hoe is die kamers ontwerp? Watter tipe klankstelsel word verlang?<\/p>\n\n\n\n<h2 class=\"wp-block-heading\"><span class=\"ez-toc-section\" id=\"Kabel_ade_%E2%80%A6\"><\/span>Totsiens kabels\u2026<span class=\"ez-toc-section-end\"><\/span><\/h2>\n\n\n\n<p class=\"wp-block-paragraph\">Kabels is iets van die verlede, en daarom is oudio-oordrag hoofsaaklik draadloos. Benewens Bluetooth, byvoorbeeld, word verskeie frekwensiebande vir die monitering van luidsprekers gebruik, waarvan sommige sonder &#039;n lisensie gebruik kan word, terwyl ander onderhewig is aan fooie.<\/p>\n\n\n\n<h2 class=\"wp-block-heading\"><span class=\"ez-toc-section\" id=\"Frequenz-Dschungel\"><\/span>Frekwensie-oerwoud<span class=\"ez-toc-section-end\"><\/span><\/h2>\n\n\n\n<p class=\"wp-block-paragraph\">Daar is &#039;n paar oorwegings wat in ag geneem moet word voordat &#039;n frekwensiebereik gekies word: hoe groter die afstand tussen sender en ontvanger, hoe laer die frekwensie wat jy moet kies. Dit is omdat, soos die frekwensie toeneem, die reikwydte, of die vermo\u00eb van radiogolwe om hindernisse te penetreer, afneem. Verder is sommige frekwensiebereike nie uitsluitlik vir oudio-oordragdoeleindes gereserveer nie, dus kan vryheid van steuring nie gewaarborg word nie. Laastens is sommige frekwensievrystellings tydsbeperk, wat dikwels ywerige handelaars aanspoor om spesiale aanbiedinge te adverteer wat uiters bekostigbaar en dus winsgewend lyk. Ongelukkig is die feit dat die aangebied frekwensies &#039;n dreigende vervaldatum het, dikwels &#039;n ander storie.<\/p>\n\n\n\n<h3 class=\"wp-block-heading\"><span class=\"ez-toc-section\" id=\"Bandbreite\"><\/span>Bandwydte<span class=\"ez-toc-section-end\"><\/span><\/h3>\n\n\n\n<p class=\"wp-block-paragraph\">Die beskikbare bandwydte van &#039;n gekose frekwensie verdien ook spesiale oorweging. As verskeie senders &#039;n frekwensiebereik moet deel, byvoorbeeld in die ISM\/SRD-band 863\u2013865 met slegs 2 MHz, kan jy vinnig jou perke bereik as &#039;n sekere klankgehalte vereis word.<\/p>\n\n\n\n<h3 class=\"wp-block-heading\"><span class=\"ez-toc-section\" id=\"Latenz\"><\/span>latensie<span class=\"ez-toc-section-end\"><\/span><\/h3>\n\n\n\n<p class=\"wp-block-paragraph\">Latensie binne die onderskeie frekwensiebereik is nog &#039;n oorweging. Terwyl &#039;n paar millisekondes nie saak maak in oudiokonferensies as jy die spreker 20 ms later hoor as wat die woord gepraat is nie, is dit onaanvaarbaar vir musikante of sangers.<\/p>\n\n\n\n<h3 class=\"wp-block-heading\"><span class=\"ez-toc-section\" id=\"Empfehlung\"><\/span>Aanbeveling<span class=\"ez-toc-section-end\"><\/span><\/h3>\n\n\n\n<p class=\"wp-block-paragraph\">Nadat alle moontlikhede in ag geneem is, slegs frekwensies in die reeks van <strong>470 tot 608 MHz<\/strong> en <strong>614 tot 694 MHz<\/strong>, \u2013 ten minste tot 2030, want dan sal hul goedkeuring volgens die algemene toewysing verval <a href=\"https:\/\/images.static-thomann.de\/pics\/atg\/atgdata\/document\/info\/vfg_034_2020.pdf\" target=\"_blank\" rel=\"noopener\">Bevel 34\/2020<\/a>,<\/p>\n\n\n\n<h2 class=\"wp-block-heading\"><span class=\"ez-toc-section\" id=\"Billig_oder_gut\"><\/span>Goedkoop of goed?<span class=\"ez-toc-section-end\"><\/span><\/h2>\n\n\n\n<p class=\"wp-block-paragraph\">Watter vervaardiger uiteindelik die kontrak wen, behoort nie hoofsaaklik van die prys af te hang nie. Die gesegde &quot;Koop goedkoop, koop twee keer,&quot; en dus duurder, is beslis geldig.<br>Alhoewel die vervaldatum van bruikbare frekwensies jou dalk in die versoeking kan bring om te s\u00ea dat jy in elk geval weer sal moet bel\u00ea, so dit is oukei om iets &quot;goedkoop&quot; te kry, kan dit wel waar wees vir privaat en stokperdjie-toepassings. Enigiemand wat toerusting benodig wat betroubaar moet wees omdat dit professioneel gebruik sal word, moet egter ook aspekte soos diensbeskikbaarheid, waarborgtydperk, beskikbaarheid van onderdele, ens., en die gepaardgaande pryspremie in ag neem.<br>Vervaardigers wat al dekades lank op die mark gevestig is, het gesofistikeerde produkte, &#039;n uitgebreide diensnetwerk, beskikbare kli\u00ebntediens en stoorkapasiteit om te verseker dat hulle die nodige onderdele kan voortsit selfs nadat die waarborgtydperk verstryk het.<\/p>\n\n\n\n<h3 class=\"wp-block-heading\"><span class=\"ez-toc-section\" id=\"Gebrauchtmarkt\"><\/span>Gebruikte mark<span class=\"ez-toc-section-end\"><\/span><\/h3>\n\n\n\n<p class=\"wp-block-paragraph\">Gebruikte toerusting as &#039;n gelukkige middelweg? Hoekom nie! Mits dit natuurlik nie &#039;n dreigende vervaldatum het nie, soos hierbo genoem. Hier kry jy gewoonlik ho\u00ebgehalte-toerusting teen billike pryse, maar steeds met &#039;n lang lewensduur. Handelaars van gebruikte ateljeetoerusting bied gewoonlik slegs &#039;n waarborg van een jaar, in vergelyking met drie of meer jaar vir nuwe toerusting, maar dis beter as niks.<\/p>\n\n\n\n<h2 class=\"wp-block-heading\"><span class=\"ez-toc-section\" id=\"Mikrofone\"><\/span>Mikrofone<span class=\"ez-toc-section-end\"><\/span><\/h2>\n\n\n\n<p class=\"wp-block-paragraph\">Die keuse van mikrofone hang af van die beoogde gebruik: spraak, sang, watter rigtingkenmerke, lavaliermikrofoon, oorfone, bakkies vir snaarinstrumente, kitare, ens.<\/p>\n\n\n\n<p class=\"wp-block-paragraph\">Die struktuur van &#039;n mikrofoon kan ontwerp word as &#039;n dinamiese of kondensormikrofoon.<\/p>\n\n\n\n<p class=\"wp-block-paragraph\">Die dinamiese mikrofoon het &#039;n betreklik groot diafragma, word verkieslik by ho\u00eb klankdrukvlakke (sang) gebruik, is baie robuust en is meer as bestand teen terugvoereffekte.<\/p>\n\n\n\n<p class=\"wp-block-paragraph\">Kondensormikrofone is meer sensitief en word meer algemeen in rigtingmikrofone aangetref. Hulle benodig &#039;n kragbron in die vorm van &#039;n battery of &#039;n 48 V GS (+\/- 4 V GS) fantoomkragtoevoer via kabel. Battery-aangedrewe mikrofone kan baie verskil in hul kragvereistes. Twee identiese mikrofone het nie noodwendig dieselfde bedryfstyd nie.<\/p>\n\n\n\n<p class=\"wp-block-paragraph\">&#039;n Mikrofoon se frekwensieresponsgrafiek weerspie\u00ebl die sensitiwiteit daarvan oor die hele frekwensiebereik. Hoe meer line\u00ear die respons, hoe minder korreksie is nodig wanneer opgeneem word via die stroomafmenger.<\/p>\n\n\n<div class=\"wp-block-image\">\n<figure class=\"aligncenter size-large is-resized\"><img decoding=\"async\" src=\"https:\/\/csiag.eu\/wp-content\/uploads\/2023\/08\/image-3-1024x432.png\" alt=\"\" class=\"wp-image-5006\" style=\"width:529px;height:223px\" width=\"529\" height=\"223\" srcset=\"https:\/\/csiag.eu\/wp-content\/uploads\/2023\/08\/image-3-1024x432.png 1024w, https:\/\/csiag.eu\/wp-content\/uploads\/2023\/08\/image-3-300x127.png 300w, https:\/\/csiag.eu\/wp-content\/uploads\/2023\/08\/image-3-768x324.png 768w, https:\/\/csiag.eu\/wp-content\/uploads\/2023\/08\/image-3.png 1326w\" sizes=\"(max-width: 529px) 100vw, 529px\" \/><figcaption class=\"wp-element-caption\">Dinamiese mikrofoon<br><em>Stippellyne \u2013 geskakelde basvermindering<\/em><\/figcaption><\/figure>\n<\/div>\n\n<div class=\"wp-block-image\">\n<figure class=\"aligncenter size-large is-resized\"><img decoding=\"async\" src=\"https:\/\/csiag.eu\/wp-content\/uploads\/2023\/08\/image-4-1024x387.png\" alt=\"\" class=\"wp-image-5009\" style=\"width:543px;height:206px\" width=\"543\" height=\"206\" srcset=\"https:\/\/csiag.eu\/wp-content\/uploads\/2023\/08\/image-4-1024x387.png 1024w, https:\/\/csiag.eu\/wp-content\/uploads\/2023\/08\/image-4-1536x581.png 1536w, https:\/\/csiag.eu\/wp-content\/uploads\/2023\/08\/image-4-300x113.png 300w, https:\/\/csiag.eu\/wp-content\/uploads\/2023\/08\/image-4-768x290.png 768w, https:\/\/csiag.eu\/wp-content\/uploads\/2023\/08\/image-4.png 1692w\" sizes=\"(max-width: 543px) 100vw, 543px\" \/><figcaption class=\"wp-element-caption\">Kondensormikrofoon<\/figcaption><\/figure>\n<\/div>\n\n\n<p class=\"wp-block-paragraph\">Sprekers en sangers waardeer oorhoofse toestelle. Dit laat hul hande vry, elimineer die behoefte om &#039;n konstante afstand van die mikrofoon te handhaaf, en verseker konsekwente stem-\/vokale kwaliteit. Lavalier-mikrofone word af en toe gebruik. Die nadeel is dat veegbewegings moontlik die mikrofoon kan raak, wat onaangename steuring in die opname\/oordrag kan veroorsaak.<\/p>\n\n\n\n<h3 class=\"wp-block-heading\"><span class=\"ez-toc-section\" id=\"Richtcharakteristik\"><\/span>Rigtingkarakteristiek<span class=\"ez-toc-section-end\"><\/span><\/h3>\n\n\n\n<p class=\"wp-block-paragraph\">Die rigtinggewende eienskap van &#039;n mikrofoon hang af van of die klankbron hoofsaaklik uit een rigting kom en agtergrondgeraas van die kante uitgeblokkeer moet word (kardio\u00efed, superkardio\u00efed, hiperkardio\u00efed, lob), of of alle bronne, bv. di\u00e9 wat in &#039;n sirkel daaromheen gerangskik is, gelykop met &#039;n sentrale mikrofoon (omnidireksioneel) opgeneem moet word, of of die agtvormige eienskap gebruik word vir gesprekspartners wat teenoor mekaar staan.<\/p>\n\n\n\n<p class=\"wp-block-paragraph\">Die sfere vang klank uit alle rigtings vas, is hoogs vatbaar vir terugvoer, maar is nie baie sensitief vir wind- of ploffgeluide nie, en het &#039;n goeie bas-eienskap.<\/p>\n\n\n\n<p class=\"wp-block-paragraph\">Die kardio\u00efedpatroon filter agterste klankbronne baie goed uit, is minder sensitief vir terugvoer, maar is sensitief vir impak- en struktuurgedraagde geraas, en vereis toepaslike ontkoppelingsmaatre\u00ebls. Wanneer dit naby die mikrofoon gebruik word, is dit geneig om lae frekwensies te versterk, en daarom word &#039;n basfilter gewoonlik bygevoeg wanneer vir spraak oorgeskakel word.<\/p>\n\n\n\n<p class=\"wp-block-paragraph\">Let asseblief daarop dat met toenemende direktiwiteit (super-\/hiperkardio\u00efed), geluide wat in die teenoorgestelde rigting en reghoekig voorkom, ook invloed kry.<\/p>\n\n\n\n<p class=\"wp-block-paragraph\">Die lob is die minste sensitief vir klank wat van die kant af kom, maar baie sensitief vir struktuurgedraagde en impakgeraas, en daarom is baie goeie ontkoppeling belangrik.<\/p>\n\n\n\n<p class=\"wp-block-paragraph\">Hier is die verskillende eienskappe as pooldiagramme:<\/p>\n\n\n\n<figure class=\"wp-block-image size-large\"><img decoding=\"async\" width=\"1024\" height=\"188\" src=\"https:\/\/csiag.eu\/wp-content\/uploads\/2023\/08\/image-2-1024x188.png\" alt=\"\" class=\"wp-image-5003\" srcset=\"https:\/\/csiag.eu\/wp-content\/uploads\/2023\/08\/image-2-1024x188.png 1024w, https:\/\/csiag.eu\/wp-content\/uploads\/2023\/08\/image-2-1536x283.png 1536w, https:\/\/csiag.eu\/wp-content\/uploads\/2023\/08\/image-2-2048x377.png 2048w, https:\/\/csiag.eu\/wp-content\/uploads\/2023\/08\/image-2-300x55.png 300w, https:\/\/csiag.eu\/wp-content\/uploads\/2023\/08\/image-2-768x141.png 768w\" sizes=\"(max-width: 1024px) 100vw, 1024px\" \/><\/figure>\n\n\n\n<h2 class=\"wp-block-heading\"><span class=\"ez-toc-section\" id=\"Digital-Mischpult\"><\/span>Digitale mengkonsole<span class=\"ez-toc-section-end\"><\/span><\/h2>\n\n\n\n<p class=\"wp-block-paragraph\">Die grootte van &#039;n digitale mengkonsole is dikwels die laaste struikelblok op die pad na professionele klankmenging en -opname. Hoeveel insette en uitsette word benodig? Moet daar &#039;n ge\u00efntegreerde opname-opsie wees? Sal digitale en analoog seine verwerk kan word?<br>Oor die algemeen is dit beter om te oordimensioneer as te onderdimensioneer. Om terug te keer na die allrounder wat aan die begin genoem is, is &#039;n aanbevole voorbeeld die mobiele en stilstaande <em><a href=\"https:\/\/www.thomann.de\/de\/midas_m_32_live.htm\" target=\"_blank\" rel=\"noopener\">Midas M32 regstreeks<\/a><\/em> Dit het alles wat &#039;n oudio-entoesias kan begeer, is op baie maniere uitbreidbaar, en teen ongeveer \u20ac3 500 met &#039;n 48 kHz-monstertempo is die prys-prestasie-verhouding moeilik om te klop.<\/p>\n\n\n\n<p class=\"wp-block-paragraph\">As jy &#039;n 96 kHz steekproeftempo benodig, die <a href=\"https:\/\/www.thomann.de\/de\/allen_heath_sq6.htm\" target=\"_blank\" rel=\"noopener\">Allen &amp; Heath SQ6<\/a> goed aangeraai, selfs al is dit in sommige opsigte minderwaardig as die bogenoemde 48 kHz-menger.<\/p>\n\n\n\n<p class=\"wp-block-paragraph\">Die aankoopbesluit moet altyd gebaseer wees op die parameters wat relevant en noodsaaklik is vir &#039;n mens se eie beoogde gebruik, insluitend voornemende gebruike.<\/p>\n\n\n\n<h2 class=\"wp-block-heading\"><span class=\"ez-toc-section\" id=\"Beschallung\"><\/span>klankstelsel<span class=\"ez-toc-section-end\"><\/span><\/h2>\n\n\n\n<p class=\"wp-block-paragraph\">Die ontwerp van die klankstelsel voltooi die sirkel. Afhangende van die akoestiese toestande van die vertrek, kan dit raadsaam wees om advies van &#039;n kamerakoestiekbeplanner in te win. Enigiemand wat nie &#039;n konsertsaal wil toerus en klankdig maak nie, maar eerder &#039;n (gewoonlik gehuurde) vergaderlokaal, wil byvoorbeeld hul eiendomsbelegging binne &#039;n baie hanteerbare reeks hou. Gevolglik is akoestiese korreksiemaatre\u00ebls beperk tot mobiele klankabsorbeerders of, eenvoudig, gordynstowwe om ongewenste klankrefleksies te voorkom.<\/p>\n\n\n\n<p class=\"wp-block-paragraph\">Die keuse van klankstelsels moet ook voorafgegaan word deur professionele advies, tensy jy self oor die nodige kundigheid beskik. &#039;n Koste-effektiewe alternatief kan wees om soortgelyke persele te besoek, na stelsels wat daar ge\u00efnstalleer is te luister en met die operateurs te praat. Weereens, betroubare luidsprekerstelselvervaardigers is verkieslik as jy jou belegging vir baie jare sonder spyt wil geniet.<\/p>\n\n\n\n<h2 class=\"wp-block-heading\"><span class=\"ez-toc-section\" id=\"Und_nun\"><\/span>En nou?<span class=\"ez-toc-section-end\"><\/span><\/h2>\n\n\n\n<p class=\"wp-block-paragraph\">Nou, gebaseer op die bogenoemde idees, is dit tyd om jou eie vereistes neer te skryf, sodat jy beide geteikende advies en aanbevelings kan bekom en &#039;n materiaallys binne jou beskikbare begroting kan saamstel. Dan is dit tyd om te begin soek na geskikte toerusting.<\/p>","protected":false},"excerpt":{"rendered":"<p><span class=\"span-reading-time rt-reading-time\" style=\"display: block;\"><span class=\"rt-label rt-prefix\">Leestyd<\/span> <span class=\"rt-time\"> 5<\/span> <span class=\"rt-label rt-postfix\">minute<\/span><\/span>Audio-Technik in Studio-Qualit\u00e4t &#8211; f\u00fcr das schmale Budget, geht das? In gewissen Grenzen kann diese Frage durchaus mit Ja beantwortet werden. Dank Digital-Technik ist die Eierlegende-Wollmilchsau tats\u00e4chlich nicht &#8211; mehr &#8211; au\u00dfer Reichweite und auch mit Budgets unter der f\u00fcnfstelligen Euro-Grenze realisierbar. Budget und Zweck Die beiden alles entscheidenden Frage sind: wie gro\u00df ist das&hellip;&nbsp;<a href=\"https:\/\/csiag.eu\/af\/blog\/2023\/10\/12\/audio-technik\/\" rel=\"bookmark\">Lees Meer \u00bb<span class=\"screen-reader-text\">Oudiotegnologie<\/span><\/a><\/p>","protected":false},"author":1,"featured_media":0,"comment_status":"open","ping_status":"open","sticky":false,"template":"","format":"standard","meta":{"_lmt_disableupdate":"","_lmt_disable":"","neve_meta_sidebar":"","neve_meta_container":"","neve_meta_enable_content_width":"","neve_meta_content_width":0,"neve_meta_title_alignment":"","neve_meta_author_avatar":"","neve_post_elements_order":"","neve_meta_disable_header":"","neve_meta_disable_footer":"","neve_meta_disable_title":"","footnotes":""},"categories":[2079],"tags":[2495,2095,548,2490,2476,2085,2485,524,2487,2471,2472,2489,2482,2084,2087,2486,1425,2479,2478,2474,2493,2093,1366,2480,2491,2092,549,2349,2494,2473,2488,477,2081,141,2481,713,2483,2082,2484,2094,2091,2477,2492,2086],"class_list":["post-5321","post","type-post","status-publish","format-standard","hentry","category-audio-technik","tag-allen-heath-sq6","tag-allgemeinzuteilung","tag-audio","tag-aufnahme","tag-bandbreite","tag-beschallung","tag-betriebsdauer","tag-bluetooth","tag-diagramm","tag-digital","tag-digital-technik","tag-dynamisches-mikrofon","tag-empfindlichkeit","tag-frequenzband","tag-frequenzbereich","tag-frequenzgang","tag-garantie","tag-gebraucht","tag-gebrauchtmarkt","tag-gebuehrenpflichtig","tag-hyper-niere","tag-ism-band","tag-kabel","tag-kondensator-mikrofon","tag-kugel","tag-latenz","tag-lautsprecher","tag-linear","tag-midas-m32-live","tag-mikrofon","tag-mischpult","tag-monitor","tag-musiker","tag-niere","tag-phantomspeisung","tag-reichweite","tag-richtcharakteristik","tag-saenger","tag-spanungsquelle","tag-srd-band","tag-stoerungsfreiheit","tag-studio-equipment","tag-super-niere","tag-uebertragung"],"modified_by":"Achim Goerner","_links":{"self":[{"href":"https:\/\/csiag.eu\/af\/wp-json\/wp\/v2\/posts\/5321","targetHints":{"allow":["GET"]}}],"collection":[{"href":"https:\/\/csiag.eu\/af\/wp-json\/wp\/v2\/posts"}],"about":[{"href":"https:\/\/csiag.eu\/af\/wp-json\/wp\/v2\/types\/post"}],"author":[{"embeddable":true,"href":"https:\/\/csiag.eu\/af\/wp-json\/wp\/v2\/users\/1"}],"replies":[{"embeddable":true,"href":"https:\/\/csiag.eu\/af\/wp-json\/wp\/v2\/comments?post=5321"}],"version-history":[{"count":0,"href":"https:\/\/csiag.eu\/af\/wp-json\/wp\/v2\/posts\/5321\/revisions"}],"wp:attachment":[{"href":"https:\/\/csiag.eu\/af\/wp-json\/wp\/v2\/media?parent=5321"}],"wp:term":[{"taxonomy":"category","embeddable":true,"href":"https:\/\/csiag.eu\/af\/wp-json\/wp\/v2\/categories?post=5321"},{"taxonomy":"post_tag","embeddable":true,"href":"https:\/\/csiag.eu\/af\/wp-json\/wp\/v2\/tags?post=5321"}],"curies":[{"name":"wp","href":"https:\/\/api.w.org\/{rel}","templated":true}]}}