{"id":11434,"date":"2025-10-07T17:09:47","date_gmt":"2025-10-07T17:09:47","guid":{"rendered":"https:\/\/csiag.eu\/?p=11434"},"modified":"2025-10-07T17:54:09","modified_gmt":"2025-10-07T17:54:09","slug":"redesign-subdistribuce","status":"publish","type":"post","link":"https:\/\/csiag.eu\/cs\/blog\/2025\/10\/07\/unterverteilung-neu-gestalten\/","title":{"rendered":"P\u0159epracov\u00e1n\u00ed rozvodn\u00e9 desky"},"content":{"rendered":"<div id=\"ez-toc-container\" class=\"ez-toc-v2_0_86 counter-hierarchy ez-toc-counter ez-toc-grey ez-toc-container-direction\">\n<div class=\"ez-toc-title-container\">\n<p class=\"ez-toc-title\" style=\"cursor:inherit\">Obsah<\/p>\n<span class=\"ez-toc-title-toggle\"><\/span><\/div>\n<nav><ul class='ez-toc-list ez-toc-list-level-1' ><li class='ez-toc-page-1 ez-toc-heading-level-2'><a class=\"ez-toc-link ez-toc-heading-1\" href=\"https:\/\/csiag.eu\/cs\/blog\/2025\/10\/07\/unterverteilung-neu-gestalten\/#Durchgangsklemmen-Installationskasten\" >Pr\u016fchoz\u00ed instala\u010dn\u00ed svorkovnice<\/a><\/li><li class='ez-toc-page-1 ez-toc-heading-level-2'><a class=\"ez-toc-link ez-toc-heading-2\" href=\"https:\/\/csiag.eu\/cs\/blog\/2025\/10\/07\/unterverteilung-neu-gestalten\/#Verteilerschrank\" >Rozvodn\u00e1 sk\u0159\u00ed\u0148<\/a><\/li><li class='ez-toc-page-1 ez-toc-heading-level-2'><a class=\"ez-toc-link ez-toc-heading-3\" href=\"https:\/\/csiag.eu\/cs\/blog\/2025\/10\/07\/unterverteilung-neu-gestalten\/#Leistungsmessung\" >M\u011b\u0159en\u00ed v\u00fdkonu<\/a><\/li><\/ul><\/nav><\/div>\n<span class=\"span-reading-time rt-reading-time\" style=\"display: block;\"><span class=\"rt-label rt-prefix\">Doba \u010dten\u00ed<\/span> <span class=\"rt-time\"> 3<\/span> <span class=\"rt-label rt-postfix\">minuty<\/span><\/span>\n<p class=\"wp-block-paragraph\">P\u0159epracov\u00e1n\u00ed rozvodnice v dom\u011b m\u016f\u017ee m\u00edt smysl v r\u016fzn\u00fdch p\u0159\u00edpadech: nap\u0159\u00edklad p\u0159i kompletn\u00ed obnov\u011b elektroinstalace nebo p\u0159i v\u00fdm\u011bn\u011b star\u00e9ho pojistkov\u00e9ho syst\u00e9mu za nov\u00fd, p\u0159\u00edpadn\u011b s proudov\u00fdmi chr\u00e1ni\u010di.<\/p>\n\n\n\n<h2 class=\"wp-block-heading\"><span class=\"ez-toc-section\" id=\"Durchgangsklemmen-Installationskasten\"><\/span>Pr\u016fchoz\u00ed instala\u010dn\u00ed svorkovnice<span class=\"ez-toc-section-end\"><\/span><\/h2>\n\n\n\n<p class=\"wp-block-paragraph\">V obou p\u0159\u00edpadech se ukazuje, \u017ee star\u00e9 kabely jsou p\u0159\u00edli\u0161 kr\u00e1tk\u00e9, a proto se zkracuj\u00ed na standardizovanou vhodnou d\u00e9lku a pomoc\u00ed pr\u016fchoz\u00edch svorek PHOENIX-CONTACT UT 2,5 BU se p\u0159ed\u00e1vaj\u00ed nap\u0159\u00edklad do navazuj\u00edc\u00edch p\u0159\u00edpojnic a automat\u016f atd.<\/p>\n\n\n\n<p class=\"wp-block-paragraph\">Pokud je kapacita vy\u0161\u0161\u00ed ne\u017e u 2,5 mm<sup>2<\/sup>Pokud je nutn\u00e9 pro zapojen\u00ed pou\u017e\u00edt pr\u016fchoz\u00ed svorky 2,5 mm, je nutn\u00e9 je pou\u017e\u00edt m\u00edsto pr\u016fchoz\u00edch svorek 2,5 mm. Kabel\u00e1\u017e mus\u00ed b\u00fdt rovn\u011b\u017e navr\u017eena pro po\u017eadovan\u00e9 pr\u016f\u0159ezy.<\/p>\n\n\n<div class=\"wp-block-image\">\n<figure class=\"aligncenter size-full\"><img decoding=\"async\" width=\"900\" height=\"511\" src=\"https:\/\/csiag.eu\/wp-content\/uploads\/2025\/10\/Durchgangsklemmen_.png\" alt=\"\" class=\"wp-image-11436\" srcset=\"https:\/\/csiag.eu\/wp-content\/uploads\/2025\/10\/Durchgangsklemmen_.png 900w, https:\/\/csiag.eu\/wp-content\/uploads\/2025\/10\/Durchgangsklemmen_-300x170.png 300w, https:\/\/csiag.eu\/wp-content\/uploads\/2025\/10\/Durchgangsklemmen_-768x436.png 768w, https:\/\/csiag.eu\/wp-content\/uploads\/2025\/10\/Durchgangsklemmen_-18x10.png 18w\" sizes=\"(max-width: 900px) 100vw, 900px\" \/><\/figure>\n<\/div>\n\n\n<p class=\"wp-block-paragraph\">Pokud je nov\u00fd rozvad\u011b\u010d u\u017e\u0161\u00ed ne\u017e p\u0159edchoz\u00ed, doporu\u010duje se instalace do samostatn\u00e9ho \u0161irok\u00e9ho jedno\u0159ad\u00e9ho rozvad\u011b\u010de.<\/p>\n\n\n\n<h2 class=\"wp-block-heading\"><span class=\"ez-toc-section\" id=\"Verteilerschrank\"><\/span>Rozvodn\u00e1 sk\u0159\u00ed\u0148<span class=\"ez-toc-section-end\"><\/span><\/h2>\n\n\n\n<p class=\"wp-block-paragraph\">Velikost rozvodn\u00e9 sk\u0159\u00edn\u011b z\u00e1vis\u00ed na dal\u0161\u00edch instalovan\u00fdch komponentech. U t\u0159\u00edf\u00e1zov\u00fdch syst\u00e9m\u016f by m\u011bla m\u00edt 4 \u0159ady.<\/p>\n\n\n\n<p class=\"wp-block-paragraph\">Prvn\u00ed \u0159ada slou\u017e\u00ed k um\u00edst\u011bn\u00ed 5p\u00f3lov\u00e9 odbo\u010dn\u00e9 svorky hlavn\u00edho veden\u00ed (t\u0159i f\u00e1ze, nulov\u00fd a zemnic\u00ed vodi\u010d), 3p\u00f3lov\u00e9ho hlavn\u00edho vyp\u00edna\u010de (pro t\u0159i f\u00e1ze) a 4p\u00f3lov\u00e9ho proudov\u00e9ho chr\u00e1ni\u010de (pro nulov\u00fd vodi\u010d a 3 f\u00e1ze). N\u00e1sleduj\u00edc\u00ed t\u0159i \u0159ady jsou p\u0159i\u0159azeny t\u0159em f\u00e1z\u00edm a osazeny p\u0159\u00edslu\u0161n\u00fdmi jisti\u010di.<\/p>\n\n\n\n<p class=\"wp-block-paragraph\">Obvykle se v\u0161echny kabely p\u0159iv\u00e1d\u011bj\u00ed shora. V n\u011bkter\u00fdch instala\u010dn\u00edch situac\u00edch mohou kabely do rozvodn\u00e9 sk\u0159\u00edn\u011b vstupovat tak\u00e9 zespodu.<br>Aby nebylo nutn\u00e9 v\u00e9st v\u0161echny kabely za \u0159adami automat\u016f a\u017e do horn\u00edho patra (co\u017e je obvykle obt\u00ed\u017en\u00e9 u\u017e jen kv\u016fli omezen\u00e9mu prostoru za li\u0161tami DIN), jsou zde na konci posledn\u00edch t\u0159\u00ed \u0159ad k dispozici pr\u016fchoz\u00ed svorky, ze kter\u00fdch lze kabely pohodln\u011b v\u00e9st pod\u00e9l okraje nahoru.<\/p>\n\n\n<div class=\"wp-block-image\">\n<figure class=\"aligncenter size-large\"><img decoding=\"async\" width=\"510\" height=\"1024\" src=\"https:\/\/csiag.eu\/wp-content\/uploads\/2025\/10\/Verteiler-510x1024.png\" alt=\"\" class=\"wp-image-11437\" srcset=\"https:\/\/csiag.eu\/wp-content\/uploads\/2025\/10\/Verteiler-510x1024.png 510w, https:\/\/csiag.eu\/wp-content\/uploads\/2025\/10\/Verteiler-149x300.png 149w, https:\/\/csiag.eu\/wp-content\/uploads\/2025\/10\/Verteiler-6x12.png 6w, https:\/\/csiag.eu\/wp-content\/uploads\/2025\/10\/Verteiler.png 600w\" sizes=\"(max-width: 510px) 100vw, 510px\" \/><\/figure>\n<\/div>\n\n\n<p class=\"wp-block-paragraph\">A kone\u010dn\u00e1 distribuce...<\/p>\n\n\n<div class=\"wp-block-image\">\n<figure class=\"aligncenter size-large\"><img decoding=\"async\" width=\"433\" height=\"1024\" src=\"https:\/\/csiag.eu\/wp-content\/uploads\/2025\/10\/Verteilung_kpl-433x1024.png\" alt=\"\" class=\"wp-image-11448\" srcset=\"https:\/\/csiag.eu\/wp-content\/uploads\/2025\/10\/Verteilung_kpl-433x1024.png 433w, https:\/\/csiag.eu\/wp-content\/uploads\/2025\/10\/Verteilung_kpl-127x300.png 127w, https:\/\/csiag.eu\/wp-content\/uploads\/2025\/10\/Verteilung_kpl-5x12.png 5w, https:\/\/csiag.eu\/wp-content\/uploads\/2025\/10\/Verteilung_kpl.png 600w\" sizes=\"(max-width: 433px) 100vw, 433px\" \/><\/figure>\n<\/div>\n\n\n<h2 class=\"wp-block-heading\"><span class=\"ez-toc-section\" id=\"Leistungsmessung\"><\/span>M\u011b\u0159en\u00ed v\u00fdkonu<span class=\"ez-toc-section-end\"><\/span><\/h2>\n\n\n\n<p class=\"wp-block-paragraph\">Pokud nechcete pouze ode\u010d\u00edtat celkovou spot\u0159ebu na elektrom\u011bru, ale chcete zjistit spot\u0159ebu po jednotliv\u00fdch f\u00e1z\u00edch, m\u016f\u017eete vyu\u017e\u00edt r\u016fzn\u00e1 za\u0159\u00edzen\u00ed, kter\u00e1 pokr\u00fdvaj\u00ed \u0161irokou \u0161k\u00e1lu aplikac\u00ed a pohodln\u011b zobrazuj\u00ed data prost\u0159ednictv\u00edm aplikace.<\/p>\n\n\n\n<p class=\"wp-block-paragraph\">Pou\u017eit\u00ed t\u011bchto za\u0159\u00edzen\u00ed je v\u0161ak vhodn\u00e9 nejen z d\u016fvodu p\u0159ehlednosti, ale zejm\u00e9na za \u00fa\u010delem stanoven\u00ed do zna\u010dn\u00e9 m\u00edry rovnom\u011brn\u00e9ho vyu\u017eit\u00ed jednotliv\u00fdch f\u00e1z\u00ed.<\/p>\n\n\n\n<p class=\"wp-block-paragraph\">Pokud chcete data d\u00e1le zpracov\u00e1vat nebo nap\u0159\u00edklad p\u0159ep\u00ednat spot\u0159ebi\u010de, jako je proces nab\u00edjen\u00ed vozidla, v ur\u010dit\u00fdch \u010dasech a v z\u00e1vislosti na f\u00e1zov\u00e9m vyu\u017eit\u00ed, m\u011bli byste se ujistit, \u017ee za\u0159\u00edzen\u00ed umo\u017e\u0148uje tak\u00e9 integraci do takov\u00fdch inteligentn\u00edch dom\u016f a \u017ee je podporov\u00e1n po\u017eadovan\u00fd protokol, jako nap\u0159\u00edklad produkty Shelly.<\/p>\n\n\n<div class=\"wp-block-image\">\n<figure class=\"aligncenter size-large\"><img decoding=\"async\" width=\"1024\" height=\"712\" src=\"https:\/\/csiag.eu\/wp-content\/uploads\/2025\/10\/image-1024x712.png\" alt=\"\" class=\"wp-image-11438\" srcset=\"https:\/\/csiag.eu\/wp-content\/uploads\/2025\/10\/image-1024x712.png 1024w, https:\/\/csiag.eu\/wp-content\/uploads\/2025\/10\/image-300x208.png 300w, https:\/\/csiag.eu\/wp-content\/uploads\/2025\/10\/image-768x534.png 768w, https:\/\/csiag.eu\/wp-content\/uploads\/2025\/10\/image-1536x1067.png 1536w, https:\/\/csiag.eu\/wp-content\/uploads\/2025\/10\/image-2048x1423.png 2048w, https:\/\/csiag.eu\/wp-content\/uploads\/2025\/10\/image-18x12.png 18w\" sizes=\"(max-width: 1024px) 100vw, 1024px\" \/><\/figure>\n<\/div>\n\n\n<p class=\"wp-block-paragraph\">Toto za\u0159\u00edzen\u00ed je k dispozici ve dvou verz\u00edch: \"T\" znamen\u00e1 svorky ur\u010den\u00e9 k p\u0159\u00edm\u00e9 mont\u00e1\u017ei na RCD. Varianta \"W\" m\u00e1 m\u00edsto toho kabel s koncovkou pro ka\u017edou z\u00e1suvku.<\/p>\n\n\n\n<p class=\"wp-block-paragraph\">Oba zaznamen\u00e1vaj\u00ed spot\u0159ebu a p\u0159\u00edvod stejnou m\u011brou prost\u0159ednictv\u00edm induk\u010dn\u00edch sn\u00edma\u010d\u016f v pouzd\u0159e navr\u017een\u00e9m v rozm\u011bru m\u0159\u00ed\u017eov\u00fdch proudov\u00fdch chr\u00e1ni\u010d\u016f.<\/p>\n\n\n\n<p class=\"wp-block-paragraph\">P\u0159i instalaci je t\u0159eba dodr\u017eet sm\u011br toku proudu, aby nebyly zaznamen\u00e1ny v\u00fdnosy, kter\u00e9 by m\u011bly b\u00fdt ve skute\u010dnosti p\u0159id\u011bleny stran\u011b spot\u0159eby... - Podle toho \"L\" ozna\u010duje stranu spot\u0159eby, \"K\" stranu dod\u00e1vky \/ nap\u00e1jen\u00ed (PV).<\/p>\n\n\n\n<p class=\"wp-block-paragraph\">Ka\u017ed\u00e1 f\u00e1ze je p\u0159ipojena ke t\u0159em kontakt\u016fm z\u00e1str\u010dky pomoc\u00ed t\u0159\u00ed kabelov\u00fdch ok a p\u0159ipojen je tak\u00e9 nulov\u00fd vodi\u010d.<br>F\u00e1ze by m\u011bly b\u00fdt ji\u0161t\u011bny rychle p\u016fsob\u00edc\u00edmi sklen\u011bn\u00fdmi pojistkami 100 mA 20 \u00d7 5 mm ve vhodn\u00fdch pojistkov\u00fdch dr\u017e\u00e1c\u00edch. Stalo se pr\u00fd, \u017ee takov\u00e9 za\u0159\u00edzen\u00ed ti\u0161e vzpl\u00e1lo ...<\/p>\n\n\n\n<p class=\"wp-block-paragraph\">Nastaven\u00ed za\u0159\u00edzen\u00ed je skute\u010dn\u011b plug &amp; play. Pomoc\u00ed aplikace, kterou lze st\u00e1hnout pomoc\u00ed QR k\u00f3du z p\u0159\u00edslu\u0161n\u00e9ho obchodu s aplikacemi, se p\u0159ipoj\u00edte k za\u0159\u00edzen\u00ed p\u0159es Bluetooth, kter\u00e9 je okam\u017eit\u011b rozpozn\u00e1no. Pot\u00e9 se nab\u00eddne p\u0159ipojen\u00ed k m\u00edstn\u00ed s\u00edti WLAN. Po schv\u00e1len\u00ed p\u0159\u00edslu\u0161n\u00fdch bezpe\u010dnostn\u00edch dotaz\u016f se za\u0159\u00edzen\u00ed p\u0159ipoj\u00ed k dom\u00e1c\u00ed s\u00edti Wi-Fi a od t\u00e9 chv\u00edle je mo\u017en\u00e9 k n\u011bmu p\u0159istupovat.<\/p>\n\n\n\n<p class=\"wp-block-paragraph\">Zobrazen\u00ed \u00fadaj\u016f o spot\u0159eb\u011b v aplikaci je p\u0159ehledn\u00e9, i kdy\u017e ne p\u0159\u00edli\u0161 efektn\u011b navr\u017een\u00e9.<\/p>\n\n\n\n<figure class=\"wp-block-image size-large\"><img decoding=\"async\" width=\"1024\" height=\"989\" src=\"https:\/\/csiag.eu\/wp-content\/uploads\/2025\/10\/image-1-1024x989.png\" alt=\"\" class=\"wp-image-11439\" srcset=\"https:\/\/csiag.eu\/wp-content\/uploads\/2025\/10\/image-1-1024x989.png 1024w, https:\/\/csiag.eu\/wp-content\/uploads\/2025\/10\/image-1-300x290.png 300w, https:\/\/csiag.eu\/wp-content\/uploads\/2025\/10\/image-1-768x742.png 768w, https:\/\/csiag.eu\/wp-content\/uploads\/2025\/10\/image-1-1536x1484.png 1536w, https:\/\/csiag.eu\/wp-content\/uploads\/2025\/10\/image-1-2048x1979.png 2048w, https:\/\/csiag.eu\/wp-content\/uploads\/2025\/10\/image-1-12x12.png 12w\" sizes=\"(max-width: 1024px) 100vw, 1024px\" \/><\/figure>\n\n\n\n<hr class=\"wp-block-separator has-alpha-channel-opacity\"\/>\n\n\n\n<blockquote class=\"wp-block-quote is-layout-flow wp-block-quote-is-layout-flow\">\n<p class=\"has-text-align-center wp-block-paragraph\">Ve\u0161ker\u00e9 informace bez z\u00e1ruky - instalace na elektrick\u00fdch za\u0159\u00edzen\u00edch sm\u00ed prov\u00e1d\u011bt pouze autorizovan\u00fd odborn\u00fd person\u00e1l!<\/p>\n<\/blockquote>","protected":false},"excerpt":{"rendered":"<p><span class=\"span-reading-time rt-reading-time\" style=\"display: block;\"><span class=\"rt-label rt-prefix\">Doba \u010dten\u00ed<\/span> <span class=\"rt-time\"> 3<\/span> <span class=\"rt-label rt-postfix\">minuty<\/span><\/span>Eine Unterverteilung im Haus neu zu gestalten kann im verschiedenen F\u00e4llen sinnvoll sein: so z.B. bei einer vollst\u00e4ndigen Erneuerung der elektrischen Verkabelung oder auch, um eine alte Sicherungsanlage durch eine neue ggf. mit FI-Schalter(n) zu ersetzen. Durchgangsklemmen-Installationskasten In beiden F\u00e4llen erweisen sich die alten Kabel als zu kurz, weshalb man diese auf eine einheitlich passende&hellip;&nbsp;<a href=\"https:\/\/csiag.eu\/cs\/blog\/2025\/10\/07\/unterverteilung-neu-gestalten\/\" rel=\"bookmark\">\u010c\u00edst d\u00e1le \"<span class=\"screen-reader-text\">P\u0159epracov\u00e1n\u00ed rozvodn\u00e9 desky<\/span><\/a><\/p>","protected":false},"author":1,"featured_media":0,"comment_status":"open","ping_status":"open","sticky":false,"template":"","format":"standard","meta":{"_lmt_disableupdate":"","_lmt_disable":"","neve_meta_sidebar":"","neve_meta_container":"","neve_meta_enable_content_width":"","neve_meta_content_width":0,"neve_meta_title_alignment":"","neve_meta_author_avatar":"","neve_post_elements_order":"","neve_meta_disable_header":"","neve_meta_disable_footer":"","neve_meta_disable_title":"","footnotes":""},"categories":[1],"tags":[5494,551,5488,5490,5489,5486,5485,5484,5497,813,5482,5493,5088,389,5487,812,5498,5495,5496,1062,981,370,5481,3388,2621,2536,5483,563],"class_list":["post-11434","post","type-post","status-publish","format-standard","hentry","category-uncategorized","tag-auslastung","tag-bt","tag-durchgangsklemmen","tag-einspeisedaten","tag-einspeisung","tag-fehlerstromschutzschalter","tag-fi-schalter-2","tag-galssicherung","tag-hauptleitungs-abzweigklemme","tag-installation","tag-installationskasten","tag-ladevorgang","tag-last","tag-leistungsmessung","tag-phoenix-contact","tag-photovoltaik","tag-pv","tag-shelly","tag-shelly-gen3","tag-sicherung","tag-sicherungsautomat","tag-smarthome","tag-unterverteilung","tag-verbrauch","tag-verbrauchsdaten","tag-verteiler","tag-verteilerschrank","tag-wlan"],"modified_by":"Achim Goerner","_links":{"self":[{"href":"https:\/\/csiag.eu\/cs\/wp-json\/wp\/v2\/posts\/11434","targetHints":{"allow":["GET"]}}],"collection":[{"href":"https:\/\/csiag.eu\/cs\/wp-json\/wp\/v2\/posts"}],"about":[{"href":"https:\/\/csiag.eu\/cs\/wp-json\/wp\/v2\/types\/post"}],"author":[{"embeddable":true,"href":"https:\/\/csiag.eu\/cs\/wp-json\/wp\/v2\/users\/1"}],"replies":[{"embeddable":true,"href":"https:\/\/csiag.eu\/cs\/wp-json\/wp\/v2\/comments?post=11434"}],"version-history":[{"count":0,"href":"https:\/\/csiag.eu\/cs\/wp-json\/wp\/v2\/posts\/11434\/revisions"}],"wp:attachment":[{"href":"https:\/\/csiag.eu\/cs\/wp-json\/wp\/v2\/media?parent=11434"}],"wp:term":[{"taxonomy":"category","embeddable":true,"href":"https:\/\/csiag.eu\/cs\/wp-json\/wp\/v2\/categories?post=11434"},{"taxonomy":"post_tag","embeddable":true,"href":"https:\/\/csiag.eu\/cs\/wp-json\/wp\/v2\/tags?post=11434"}],"curies":[{"name":"wp","href":"https:\/\/api.w.org\/{rel}","templated":true}]}}