{"id":7328,"date":"2024-05-18T18:24:09","date_gmt":"2024-05-18T18:24:09","guid":{"rendered":"https:\/\/csiag.eu\/?p=7328"},"modified":"2024-05-18T18:33:06","modified_gmt":"2024-05-18T18:33:06","slug":"vypnuto-pro-inteligentni-merice","status":"publish","type":"post","link":"https:\/\/csiag.eu\/cs\/blog\/2024\/05\/18\/aus-fuer-smart-meter\/","title":{"rendered":"Konec chytr\u00fdch m\u011b\u0159i\u010d\u016f?"},"content":{"rendered":"<div id=\"ez-toc-container\" class=\"ez-toc-v2_0_86 counter-hierarchy ez-toc-counter ez-toc-grey ez-toc-container-direction\">\n<div class=\"ez-toc-title-container\">\n<p class=\"ez-toc-title\" style=\"cursor:inherit\">Obsah<\/p>\n<span class=\"ez-toc-title-toggle\"><\/span><\/div>\n<nav><ul class='ez-toc-list ez-toc-list-level-1' ><li class='ez-toc-page-1 ez-toc-heading-level-2'><a class=\"ez-toc-link ez-toc-heading-1\" href=\"https:\/\/csiag.eu\/cs\/blog\/2024\/05\/18\/aus-fuer-smart-meter\/#Zuruck_zum_alten_Zahler\" >Zp\u011bt ke star\u00e9mu pultu?<\/a><\/li><li class='ez-toc-page-1 ez-toc-heading-level-2'><a class=\"ez-toc-link ez-toc-heading-2\" href=\"https:\/\/csiag.eu\/cs\/blog\/2024\/05\/18\/aus-fuer-smart-meter\/#Und_nun\" >A te\u010f?<\/a><\/li><li class='ez-toc-page-1 ez-toc-heading-level-2'><a class=\"ez-toc-link ez-toc-heading-3\" href=\"https:\/\/csiag.eu\/cs\/blog\/2024\/05\/18\/aus-fuer-smart-meter\/#Widerspruch_gegen_Smart_Meter\" >Odpor k inteligentn\u00edm m\u011b\u0159i\u010d\u016fm?<\/a><\/li><li class='ez-toc-page-1 ez-toc-heading-level-2'><a class=\"ez-toc-link ez-toc-heading-4\" href=\"https:\/\/csiag.eu\/cs\/blog\/2024\/05\/18\/aus-fuer-smart-meter\/#Wechsel_des_Messstellenbetreibers\" >Zm\u011bna obsluhy m\u011b\u0159ic\u00edho m\u00edsta<\/a><\/li><li class='ez-toc-page-1 ez-toc-heading-level-2'><a class=\"ez-toc-link ez-toc-heading-5\" href=\"https:\/\/csiag.eu\/cs\/blog\/2024\/05\/18\/aus-fuer-smart-meter\/#Verbrauch_kleiner_6000_kWh\" >Spot\u0159eba ni\u017e\u0161\u00ed ne\u017e 6 000 kWh<\/a><\/li><li class='ez-toc-page-1 ez-toc-heading-level-2'><a class=\"ez-toc-link ez-toc-heading-6\" href=\"https:\/\/csiag.eu\/cs\/blog\/2024\/05\/18\/aus-fuer-smart-meter\/#Warum_uberhaupt_Smart_Meter\" >Pro\u010d v\u016fbec chytr\u00e9 m\u011b\u0159i\u010de?<\/a><\/li><\/ul><\/nav><\/div>\n<span class=\"span-reading-time rt-reading-time\" style=\"display: block;\"><span class=\"rt-label rt-prefix\">Doba \u010dten\u00ed<\/span> <span class=\"rt-time\"> 2<\/span> <span class=\"rt-label rt-postfix\">minuty<\/span><\/span>\n<p class=\"wp-block-paragraph\">OVG NRW (Kol\u00edn nad R\u00fdnem) sv\u00fdm rozhodnut\u00edm, proti kter\u00e9mu nen\u00ed odvol\u00e1n\u00ed, nazna\u010dil konec inteligentn\u00edch m\u011b\u0159i\u010d\u016f. <a href=\"https:\/\/justiz.nrw.de\/nrwe\/ovgs\/ovg_nrw\/j2021\/21_B_1162_20_Beschluss_20210304.html\" target=\"_blank\" rel=\"noreferrer noopener\">21 B 1162\/20<\/a> z 04.03.2021, podle Handwerksblatt z 18.05.2024 v t\u00e9matu speci\u00e1ln\u00ed \"<a href=\"https:\/\/www.handwerksblatt.de\/themen-specials\/weg-frei-fuer-smart-meter\/gericht-stoppt-einbaupflicht-fuer-smart-meter\" target=\"_blank\" rel=\"noreferrer noopener\">Soud zastavil povinnost instalovat inteligentn\u00ed m\u011b\u0159i\u010de<\/a>\" s.<\/p>\n\n\n\n<p class=\"wp-block-paragraph\">Z t\u00e9to \u00favahy vypl\u00fdv\u00e1, \u017ee inteligentn\u00ed m\u011b\u0159i\u010de, kter\u00e9 jsou v sou\u010dasn\u00e9 dob\u011b na trhu, nespl\u0148uj\u00ed z\u00e1konn\u00e9 po\u017eadavky.<\/p>\n\n\n\n<p class=\"wp-block-paragraph\">Povinnost instalovat v sou\u010dasnosti dostupn\u00e9 inteligentn\u00ed m\u011b\u0159i\u010de je tedy prozat\u00edm zru\u0161ena.<\/p>\n\n\n\n<h2 class=\"wp-block-heading\"><span class=\"ez-toc-section\" id=\"Zuruck_zum_alten_Zahler\"><\/span>Zp\u011bt ke star\u00e9mu pultu?<span class=\"ez-toc-section-end\"><\/span><\/h2>\n\n\n\n<p class=\"wp-block-paragraph\">Bohu\u017eel ne - nad\u00e1le mohou fungovat pouze za\u0159\u00edzen\u00ed zaznamen\u00e1vaj\u00edc\u00ed spot\u0159ebu, kter\u00e1 je\u0161t\u011b nebyla p\u0159evedena na inteligentn\u00ed m\u011b\u0159i\u010de. Neexistuje \u017e\u00e1dn\u00fd po\u017eadavek ani ustanoven\u00ed o zp\u011btn\u00e9 mont\u00e1\u017ei ji\u017e instalovan\u00e9ho inteligentn\u00edho m\u011b\u0159i\u010de na p\u0159edchoz\u00ed stav.<\/p>\n\n\n\n<p class=\"wp-block-paragraph\">Zda je mo\u017en\u00e9 na \u017e\u00e1dost z\u00e1kazn\u00edka demontovat ji\u017e instalovan\u00fd inteligentn\u00ed elektrom\u011br a nahradit jej star\u00fdm dobr\u00fdm elektrom\u011brem na st\u0159\u00eddav\u00fd proud (elektrom\u011br Ferraris), nebylo diskutov\u00e1no.<\/p>\n\n\n\n<h2 class=\"wp-block-heading\"><span class=\"ez-toc-section\" id=\"Und_nun\"><\/span>A te\u010f?<span class=\"ez-toc-section-end\"><\/span><\/h2>\n\n\n\n<p class=\"wp-block-paragraph\">... se z\u00e1kazn\u00edk elekt\u0159iny div\u00ed. Je logick\u00e9, \u017ee kontroverzn\u00ed chytr\u00fd elektrom\u011br, kter\u00fd je kontroverzn\u00ed i v jin\u00fdch ohledech, a to z hlediska oz\u00e1\u0159en\u00ed a s n\u00edm spojen\u00fdch zdravotn\u00edch rizik, bude v bl\u00edzk\u00e9 budoucnosti op\u011bt pou\u017e\u00edv\u00e1n a jeho instalace bude op\u011bt povinn\u00e1.<\/p>\n\n\n\n<h2 class=\"wp-block-heading\"><span class=\"ez-toc-section\" id=\"Widerspruch_gegen_Smart_Meter\"><\/span>Odpor k inteligentn\u00edm m\u011b\u0159i\u010d\u016fm?<span class=\"ez-toc-section-end\"><\/span><\/h2>\n\n\n\n<p class=\"wp-block-paragraph\">Z pr\u00e1vn\u00edho hlediska neexistuje pr\u00e1vo vzn\u00e9st n\u00e1mitku proti povinn\u00e9 instalaci inteligentn\u00edho m\u011b\u0159i\u010de.<\/p>\n\n\n\n<p class=\"wp-block-paragraph\">N\u00e1mitku lze p\u0159esto vzn\u00e9st a odpov\u00eddaj\u00edc\u00edm zp\u016fsobem od\u016fvodnit. Dodavatel\u00e9 elekt\u0159iny jsou v\u0161ak ze z\u00e1kona povinni n\u00e1mitku zam\u00edtnout s odkazem na pr\u00e1vn\u00ed stav.<\/p>\n\n\n\n<p class=\"wp-block-paragraph\">V sou\u010dasn\u00e9 dob\u011b nejsou obecn\u011b uzn\u00e1v\u00e1ny ani argumenty zalo\u017een\u00e9 na obav\u00e1ch o zdrav\u00ed, ani na obav\u00e1ch o ochranu \u00fadaj\u016f. Pouze v individu\u00e1ln\u00edch p\u0159\u00edpadech masivn\u00edho po\u0161kozen\u00ed zdrav\u00ed, po zdlouhav\u00fdch procesn\u00edch sporech ve spojen\u00ed s l\u00e9ka\u0159sk\u00fdmi znaleck\u00fdmi posudky, jsou mo\u017en\u00e1 nad\u011bjn\u00e1 \u0159\u00edzen\u00ed o n\u00e1mitk\u00e1ch.<\/p>\n\n\n\n<h2 class=\"wp-block-heading\"><span class=\"ez-toc-section\" id=\"Wechsel_des_Messstellenbetreibers\"><\/span>Zm\u011bna obsluhy m\u011b\u0159ic\u00edho m\u00edsta<span class=\"ez-toc-section-end\"><\/span><\/h2>\n\n\n\n<p class=\"wp-block-paragraph\">Zm\u011bna provozovatele m\u011b\u0159ic\u00edho m\u00edsta m\u016f\u017ee zp\u016fsobit odlo\u017een\u00ed instalace inteligentn\u00edho m\u011b\u0159i\u010de, ale v kone\u010dn\u00e9m d\u016fsledku nebr\u00e1n\u00ed jeho instalaci.<\/p>\n\n\n\n<h2 class=\"wp-block-heading\"><span class=\"ez-toc-section\" id=\"Verbrauch_kleiner_6000_kWh\"><\/span>Spot\u0159eba ni\u017e\u0161\u00ed ne\u017e 6 000 kWh<span class=\"ez-toc-section-end\"><\/span><\/h2>\n\n\n\n<p class=\"wp-block-paragraph\">Nakonec zb\u00fdv\u00e1 sn\u00ed\u017eit spot\u0159ebu pod 6 000 kWh ro\u010dn\u011b. Pod touto hranic\u00ed je mo\u017en\u00e9 instalovat inteligentn\u00ed m\u011b\u0159i\u010d BEZ d\u00e1lkov\u00e9 komunikace.<\/p>\n\n\n\n<p class=\"wp-block-paragraph\">Pr\u016fm\u011brn\u00e1 spot\u0159eba v\u0161ak mus\u00ed b\u00fdt trvale ni\u017e\u0161\u00ed ne\u017e 6 000 kWh, co\u017e je v b\u011b\u017en\u00e9 dom\u00e1cnosti m\u00e1lokdy realizovateln\u00e9.<\/p>\n\n\n\n<h2 class=\"wp-block-heading\"><span class=\"ez-toc-section\" id=\"Warum_uberhaupt_Smart_Meter\"><\/span>Pro\u010d v\u016fbec chytr\u00e9 m\u011b\u0159i\u010de?<span class=\"ez-toc-section-end\"><\/span><\/h2>\n\n\n\n<p class=\"wp-block-paragraph\">Hlavn\u00edm z\u00e1m\u011brem z\u00e1konod\u00e1rce je, aby si spot\u0159ebitel\u00e9 uv\u011bdomili sv\u00e9 spot\u0159ebn\u00ed chov\u00e1n\u00ed a iniciovali tak sn\u00ed\u017een\u00ed spot\u0159eby elekt\u0159iny.<\/p>\n\n\n\n<p class=\"wp-block-paragraph\">Vzhledem k tomu, \u017ee data jsou p\u0159en\u00e1\u0161ena ka\u017ed\u00fdch 15 minut, lze z tohoto sb\u011bru dat vyvodit z\u00e1v\u011bry, kter\u00e9 dalece p\u0159esahuj\u00ed nomin\u00e1ln\u011b zam\u00fd\u0161len\u00fd \u00fa\u010del.<\/p>\n\n\n\n<p class=\"wp-block-paragraph\">Krom\u011b tohoto sb\u011bru dat zp\u016fsobuje p\u0159eru\u0161ovan\u00fd p\u0159enos zv\u00fd\u0161enou radia\u010dn\u00ed expozici v d\u016fsledku vysokofrekven\u010dn\u00edho z\u00e1\u0159en\u00ed v r\u016fzn\u00fdch frekven\u010dn\u00edch p\u00e1smech, a to i v s\u00edti 5G.<\/p>\n\n\n\n<p class=\"wp-block-paragraph\">Dal\u0161\u00ed informace k tomuto t\u00e9matu naleznete <a href=\"https:\/\/csiag.eu\/cs\/smartmetr-zabrani-elektrosmogu\/\" target=\"_blank\" data-type=\"post\" data-id=\"4373\" rel=\"noreferrer noopener\">zde<\/a> a <a href=\"https:\/\/csiag.eu\/cs\/chytry-merici-pristroj-shield\/\" target=\"_blank\" rel=\"noreferrer noopener\">zde<\/a>.<\/p>","protected":false},"excerpt":{"rendered":"<p><span class=\"span-reading-time rt-reading-time\" style=\"display: block;\"><span class=\"rt-label rt-prefix\">Doba \u010dten\u00ed<\/span> <span class=\"rt-time\"> 2<\/span> <span class=\"rt-label rt-postfix\">minuty<\/span><\/span>OVG NRW (Kol\u00edn nad R\u00fdnem) rozhodl o konci chytr\u00fdch m\u011b\u0159i\u010d\u016f rozsudkem 21 B 1162\/20 ze dne 4.3.2021, proti kter\u00e9mu nen\u00ed odvol\u00e1n\u00ed, podle Handwerksblattu ze dne 18.5.2024 ve zvl\u00e1\u0161tn\u00edm t\u00e9matu \"Soud zastavil povinnost instalace chytr\u00fdch m\u011b\u0159i\u010d\u016f\". Od\u016fvodn\u011bn\u00ed vede k z\u00e1v\u011bru, \u017ee inteligentn\u00ed m\u011b\u0159i\u010de, kter\u00e9 jsou v sou\u010dasn\u00e9 dob\u011b na trhu, nespl\u0148uj\u00ed z\u00e1konn\u00e9 po\u017eadavky na...&nbsp;<a href=\"https:\/\/csiag.eu\/cs\/blog\/2024\/05\/18\/aus-fuer-smart-meter\/\" rel=\"bookmark\">\u010c\u00edst d\u00e1le \"<span class=\"screen-reader-text\">Konec chytr\u00fdch m\u011b\u0159i\u010d\u016f?<\/span><\/a><\/p>","protected":false},"author":1,"featured_media":0,"comment_status":"open","ping_status":"open","sticky":false,"template":"","format":"standard","meta":{"_lmt_disableupdate":"","_lmt_disable":"","neve_meta_sidebar":"","neve_meta_container":"","neve_meta_enable_content_width":"","neve_meta_content_width":0,"neve_meta_title_alignment":"","neve_meta_author_avatar":"","neve_post_elements_order":"","neve_meta_disable_header":"","neve_meta_disable_footer":"","neve_meta_disable_title":"","footnotes":""},"categories":[1601,1586,1525,1606,1302,1600],"tags":[3357,1702,3355,3348,3354,3351,3356,3347,929,1303,444,217,3349,3350,3352,3353],"class_list":["post-7328","post","type-post","status-publish","format-standard","hentry","category-abschirmung","category-elektrosensibilitaet","category-elektrosmog","category-emf","category-funktechnik","category-smartmeter","tag-21-b-1162-20","tag-5g","tag-fernkommunikation","tag-ferraris-zaehler","tag-gesundheitsschaeden","tag-messstellenbetreiber","tag-ovg-nrw","tag-smart-meter","tag-smartmeter","tag-strahlungsbelastung","tag-stromverbrauch","tag-urteil","tag-verbrauchserfassung","tag-wechselstromzaehler","tag-widerspruch","tag-widerspruchsverfahren"],"modified_by":"Achim Goerner","_links":{"self":[{"href":"https:\/\/csiag.eu\/cs\/wp-json\/wp\/v2\/posts\/7328","targetHints":{"allow":["GET"]}}],"collection":[{"href":"https:\/\/csiag.eu\/cs\/wp-json\/wp\/v2\/posts"}],"about":[{"href":"https:\/\/csiag.eu\/cs\/wp-json\/wp\/v2\/types\/post"}],"author":[{"embeddable":true,"href":"https:\/\/csiag.eu\/cs\/wp-json\/wp\/v2\/users\/1"}],"replies":[{"embeddable":true,"href":"https:\/\/csiag.eu\/cs\/wp-json\/wp\/v2\/comments?post=7328"}],"version-history":[{"count":0,"href":"https:\/\/csiag.eu\/cs\/wp-json\/wp\/v2\/posts\/7328\/revisions"}],"wp:attachment":[{"href":"https:\/\/csiag.eu\/cs\/wp-json\/wp\/v2\/media?parent=7328"}],"wp:term":[{"taxonomy":"category","embeddable":true,"href":"https:\/\/csiag.eu\/cs\/wp-json\/wp\/v2\/categories?post=7328"},{"taxonomy":"post_tag","embeddable":true,"href":"https:\/\/csiag.eu\/cs\/wp-json\/wp\/v2\/tags?post=7328"}],"curies":[{"name":"wp","href":"https:\/\/api.w.org\/{rel}","templated":true}]}}