{"id":2088,"date":"2022-07-05T18:49:33","date_gmt":"2022-07-05T18:49:33","guid":{"rendered":"https:\/\/csiag.eu\/?p=2088"},"modified":"2023-01-21T16:29:58","modified_gmt":"2023-01-21T16:29:58","slug":"reemplazo-del-mueble-para-el-sofa-en-el-equipo-barversion","status":"publish","type":"post","link":"https:\/\/csiag.eu\/es\/blog\/2022\/07\/05\/schrankersatz-fuer-das-sofa-in-der-barversions-ausstattung\/","title":{"rendered":"Sustituci\u00f3n del mueble para el sof\u00e1 en el equipamiento versi\u00f3n barra."},"content":{"rendered":"<span class=\"span-reading-time rt-reading-time\" style=\"display: block;\"><span class=\"rt-label rt-prefix\">Tiempo de leer<\/span> <span class=\"rt-time\"> 2<\/span> <span class=\"rt-label rt-postfix\">minutos<\/span><\/span>\n<p class=\"wp-block-paragraph\">Nunca hay suficiente espacio de almacenamiento, y como en el sof\u00e1 para dos personas de la versi\u00f3n de barra tampoco es posible tumbarse y dos personas pueden sentarse c\u00f3modamente a la mesa del asiento adicional y del acompa\u00f1ante, la decisi\u00f3n se tom\u00f3 r\u00e1pidamente: Se saca el sof\u00e1 y se a\u00f1aden tres armarios de cocina de 40 x 60 cm.<br>Para la estabilizaci\u00f3n se colocan dos tablas de 24 mm debajo de la parte delantera y trasera del armario y se atornillan desde abajo al compartimento portaobjetos y desde arriba a la base del armario.<\/p>\n\n\n\n<p class=\"wp-block-paragraph\">Debido a la calefacci\u00f3n detr\u00e1s, hubo que recortar la zona superior de la pared trasera y cubrirla nuevamente con un tablero multiplex.<br>La pared trasera se atornilla a la pared del veh\u00edculo mediante escuadras.<br>En la encimera, debajo de la ventana, hay integrada una rejilla de ventilaci\u00f3n de aluminio para permitir la salida del aire caliente.<\/p>\n\n\n\n<p class=\"wp-block-paragraph\">En esta ocasi\u00f3n, un espacio restante de poco menos de 12 cm a la izquierda se equip\u00f3 con una regleta y debajo cuatro disyuntores de 16 A. Tambi\u00e9n se instal\u00f3 una toma de corriente en el lado izquierdo de la encimera, que cubre el ancho del mueble y estos 12 cm, as\u00ed como dos tomas USB de 2 v\u00edas.<\/p>\n\n\n<div class=\"wp-block-image\">\n<figure class=\"aligncenter size-full\"><img decoding=\"async\" width=\"600\" height=\"800\" src=\"https:\/\/csiag.eu\/wp-content\/uploads\/2022\/04\/KU_Schrank-1.jpg\" alt=\"\" class=\"wp-image-1769\" srcset=\"https:\/\/csiag.eu\/wp-content\/uploads\/2022\/04\/KU_Schrank-1.jpg 600w, https:\/\/csiag.eu\/wp-content\/uploads\/2022\/04\/KU_Schrank-1-225x300.jpg 225w\" sizes=\"(max-width: 600px) 100vw, 600px\" \/><figcaption class=\"wp-element-caption\">Enchufes y disyuntores a la izquierda del armario de la cocina.<\/figcaption><\/figure>\n<\/div>\n\n\n<p class=\"wp-block-paragraph\"><\/p>\n\n\n\n<p class=\"wp-block-paragraph\">La cafetera totalmente autom\u00e1tica se encuentra en la esquina trasera izquierda de la encimera y est\u00e1 conectada a la toma de corriente superior de 230 V. Para evitar resbalones durante la marcha, en la zona accesible del caj\u00f3n para orujos se atornillan dos tornillos Torx a trav\u00e9s de los orificios correspondientes en la encimera, as\u00ed como un perno de carro en la parte trasera derecha del suelo, que se fija con una tuerca desde la parte inferior. de la encimera.<\/p>\n\n\n\n<p class=\"wp-block-paragraph\">En el centro, entre el borde delantero y la rejilla de salida de calefacci\u00f3n en la parte trasera de la ventanilla de ventilaci\u00f3n, se encuentra una placa de inducci\u00f3n de dos fuegos. La conexi\u00f3n el\u00e9ctrica se realiza a trav\u00e9s de una caja de conexi\u00f3n de estufa convencional, cuyo cable de alimentaci\u00f3n est\u00e1 atornillado a un fusible de 16 A. El corte necesario para la placa de cocci\u00f3n se graba en la posici\u00f3n deseada en la encimera seg\u00fan las dimensiones del fabricante y se elabora cuidadosamente con una herramienta multifuncional.<br>La cinta selladora incluida con la placa de cocci\u00f3n se pega a ras alrededor de la parte inferior de la placa de cocci\u00f3n, luego se coloca primero la placa de cocci\u00f3n con el cable en el hueco y se presiona firmemente.<br>Si quiere protegerse de la entrada de agua, tambi\u00e9n puede utilizar una costura de silicona fina y limpia detr\u00e1s de la cinta selladora (o alternativamente) a una distancia de unos 3 mm del borde de la placa. La silicona que salga se retira con cuidado con un raspador de silicona. Finalmente se realiza el alisado utilizando un dedo humedecido con agua y jab\u00f3n.<\/p>\n\n\n<div class=\"wp-block-image\">\n<figure class=\"aligncenter size-full\"><img decoding=\"async\" width=\"800\" height=\"600\" src=\"https:\/\/csiag.eu\/wp-content\/uploads\/2022\/04\/Herd_Arbeitsplatte.jpg\" alt=\"\" class=\"wp-image-1768\" srcset=\"https:\/\/csiag.eu\/wp-content\/uploads\/2022\/04\/Herd_Arbeitsplatte.jpg 800w, https:\/\/csiag.eu\/wp-content\/uploads\/2022\/04\/Herd_Arbeitsplatte-300x225.jpg 300w, https:\/\/csiag.eu\/wp-content\/uploads\/2022\/04\/Herd_Arbeitsplatte-768x576.jpg 768w\" sizes=\"(max-width: 800px) 100vw, 800px\" \/><figcaption class=\"wp-element-caption\">Encimera con enchufes, cafetera totalmente autom\u00e1tica y placa de inducci\u00f3n.<\/figcaption><\/figure>\n<\/div>\n\n\n<p class=\"wp-block-paragraph\">Las puertas de los armarios est\u00e1n hechas con <a href=\"https:\/\/www.amazon.de\/gp\/product\/B092QSXP82\/ref=ppx_yo_dt_b_asin_title_o02_s00?ie=UTF8&amp;psc=1\" target=\"_blank\" rel=\"noreferrer noopener\">cazador de plumas<\/a> asegurado contra apertura involuntaria. El montaje es sencillo: cuando est\u00e1 cerrado, el pestillo se atornilla a la pared lateral del armario con la bisagra del pestillo a ras del borde frontal de la pared lateral despu\u00e9s de realizar una perforaci\u00f3n previa adecuada.<br>Sujete la contraparte del pestillo para que encaje en el papel del pestillo y mida la distancia desde la encimera. Transfiera la medida a la puerta en consecuencia, teniendo en cuenta la distancia entre el borde superior de la puerta y la parte inferior de la encimera, taladre previamente unos 3 mm de profundidad con un taladro de 2 mm e instale el tambor, que a\u00fan se puede mover f\u00e1cilmente.<br>Pruebe si la puerta se puede cerrar y abrir limpiamente, reajuste el mecanismo de bloqueo si es necesario y finalmente atorn\u00edllelo.<\/p>","protected":false},"excerpt":{"rendered":"<p><span class=\"span-reading-time rt-reading-time\" style=\"display: block;\"><span class=\"rt-label rt-prefix\">Tiempo de leer<\/span> <span class=\"rt-time\"> 2<\/span> <span class=\"rt-label rt-postfix\">minutos<\/span><\/span>Stauraum kann man nie genug haben, und da man sich auf dem Sofa f\u00fcr zwei Personen der Barversion eh nicht lang machen kann, zu Zweit am Tisch auf dem Zusatz- und Beifahrersitz gem\u00fctlich sitzen kann, war der Entschluss schnell gefasst: Dass Sofa kommt raus und drei 40 x 60 cm K\u00fcchenschr\u00e4nke hielten Einzug.Zur Stabilisierung werden&hellip;&nbsp;<a href=\"https:\/\/csiag.eu\/es\/blog\/2022\/07\/05\/schrankersatz-fuer-das-sofa-in-der-barversions-ausstattung\/\" rel=\"bookmark\">Vaciar m\u00e1s \"<span class=\"screen-reader-text\">Sustituci\u00f3n del mueble para el sof\u00e1 en el equipamiento versi\u00f3n barra.<\/span><\/a><\/p>","protected":false},"author":1,"featured_media":0,"comment_status":"open","ping_status":"open","sticky":false,"template":"","format":"standard","meta":{"_lmt_disableupdate":"","_lmt_disable":"","neve_meta_sidebar":"","neve_meta_container":"","neve_meta_enable_content_width":"","neve_meta_content_width":0,"neve_meta_title_alignment":"","neve_meta_author_avatar":"","neve_post_elements_order":"","neve_meta_disable_header":"","neve_meta_disable_footer":"","neve_meta_disable_title":"","footnotes":""},"categories":[323,304,318],"tags":[977,984,980,983,982,979,976,985,981,975,978],"class_list":["post-2088","post","type-post","status-publish","format-standard","hentry","category-schrankersatz-fuer-das-sofa-in-der-barversions-ausstattung","category-wohnmobil","category-womo-umbau","tag-barversion","tag-federschnaepper","tag-heizung","tag-induktionskochfeld","tag-kaffeevollautomat","tag-lueftungsgitter","tag-schrank","tag-schranktuer","tag-sicherungsautomat","tag-sofa","tag-stauraum"],"modified_by":"Achim Goerner","_links":{"self":[{"href":"https:\/\/csiag.eu\/es\/wp-json\/wp\/v2\/posts\/2088","targetHints":{"allow":["GET"]}}],"collection":[{"href":"https:\/\/csiag.eu\/es\/wp-json\/wp\/v2\/posts"}],"about":[{"href":"https:\/\/csiag.eu\/es\/wp-json\/wp\/v2\/types\/post"}],"author":[{"embeddable":true,"href":"https:\/\/csiag.eu\/es\/wp-json\/wp\/v2\/users\/1"}],"replies":[{"embeddable":true,"href":"https:\/\/csiag.eu\/es\/wp-json\/wp\/v2\/comments?post=2088"}],"version-history":[{"count":0,"href":"https:\/\/csiag.eu\/es\/wp-json\/wp\/v2\/posts\/2088\/revisions"}],"wp:attachment":[{"href":"https:\/\/csiag.eu\/es\/wp-json\/wp\/v2\/media?parent=2088"}],"wp:term":[{"taxonomy":"category","embeddable":true,"href":"https:\/\/csiag.eu\/es\/wp-json\/wp\/v2\/categories?post=2088"},{"taxonomy":"post_tag","embeddable":true,"href":"https:\/\/csiag.eu\/es\/wp-json\/wp\/v2\/tags?post=2088"}],"curies":[{"name":"wp","href":"https:\/\/api.w.org\/{rel}","templated":true}]}}