{"id":5028,"date":"2023-08-30T12:51:49","date_gmt":"2023-08-30T12:51:49","guid":{"rendered":"https:\/\/csiag.eu\/?p=5028"},"modified":"2024-05-18T14:43:42","modified_gmt":"2024-05-18T14:43:42","slug":"controle-du-ventilateur-du-refrigerateur","status":"publish","type":"post","link":"https:\/\/csiag.eu\/fr\/blog\/2023\/08\/30\/kuehlschrank-ventilator-steuerung\/","title":{"rendered":"R\u00e9frig\u00e9rateur \u2013 Contr\u00f4le du ventilateur"},"content":{"rendered":"<div id=\"ez-toc-container\" class=\"ez-toc-v2_0_86 counter-hierarchy ez-toc-counter ez-toc-grey ez-toc-container-direction\">\n<div class=\"ez-toc-title-container\">\n<p class=\"ez-toc-title\" style=\"cursor:inherit\">Table des mati\u00e8res<\/p>\n<span class=\"ez-toc-title-toggle\"><\/span><\/div>\n<nav><ul class='ez-toc-list ez-toc-list-level-1' ><li class='ez-toc-page-1 ez-toc-heading-level-2'><a class=\"ez-toc-link ez-toc-heading-1\" href=\"https:\/\/csiag.eu\/fr\/blog\/2023\/08\/30\/kuehlschrank-ventilator-steuerung\/#Funktionsweise_Absorber\" >Comment fonctionnent les absorbeurs<\/a><\/li><li class='ez-toc-page-1 ez-toc-heading-level-2'><a class=\"ez-toc-link ez-toc-heading-2\" href=\"https:\/\/csiag.eu\/fr\/blog\/2023\/08\/30\/kuehlschrank-ventilator-steuerung\/#Kuhlung_fur_den_Kondensator\" >Refroidissement du condenseur<\/a><\/li><li class='ez-toc-page-1 ez-toc-heading-level-2'><a class=\"ez-toc-link ez-toc-heading-3\" href=\"https:\/\/csiag.eu\/fr\/blog\/2023\/08\/30\/kuehlschrank-ventilator-steuerung\/#Lufter-Regelung\" >Contr\u00f4le du ventilateur<\/a><\/li><li class='ez-toc-page-1 ez-toc-heading-level-2'><a class=\"ez-toc-link ez-toc-heading-4\" href=\"https:\/\/csiag.eu\/fr\/blog\/2023\/08\/30\/kuehlschrank-ventilator-steuerung\/#Programmierung\" >programmation<\/a><ul class='ez-toc-list-level-4' ><li class='ez-toc-heading-level-4'><ul class='ez-toc-list-level-4' ><li class='ez-toc-heading-level-4'><a class=\"ez-toc-link ez-toc-heading-5\" href=\"https:\/\/csiag.eu\/fr\/blog\/2023\/08\/30\/kuehlschrank-ventilator-steuerung\/#Legende\" >L\u00e9gende:<\/a><\/li><\/ul><\/li><\/ul><\/li><li class='ez-toc-page-1 ez-toc-heading-level-2'><a class=\"ez-toc-link ez-toc-heading-6\" href=\"https:\/\/csiag.eu\/fr\/blog\/2023\/08\/30\/kuehlschrank-ventilator-steuerung\/#Temperatursensor_im_Gefrierfach\" >Sonde de temp\u00e9rature dans le compartiment cong\u00e9lateur<\/a><\/li><\/ul><\/nav><\/div>\n<span class=\"span-reading-time rt-reading-time\" style=\"display: block;\"><span class=\"rt-label rt-prefix\">Temps de lecture<\/span> <span class=\"rt-time\"> 5<\/span> <span class=\"rt-label rt-postfix\">minutes<\/span><\/span>\n<p class=\"wp-block-paragraph\">Surtout avec les r\u00e9frig\u00e9rateurs \u00e0 absorption, il est difficile d&#039;obtenir la puissance de refroidissement requise du r\u00e9frig\u00e9rateur pendant les saisons chaudes, en particulier dans les climats du sud et donc plus chauds. Une commande de ventilateur peut aider.<\/p>\n\n\n\n<p class=\"wp-block-paragraph\">La diff\u00e9rence avec et sans ventilateur est claire : sans lui, la temp\u00e9rature dans le compartiment cong\u00e9lateur se situe entre 7 .. 11 \u00b0C, avec un ventilateur apr\u00e8s un court instant -20 \u00b0C ! <\/p>\n\n\n\n<h2 class=\"wp-block-heading\"><span class=\"ez-toc-section\" id=\"Funktionsweise_Absorber\"><\/span>Comment fonctionnent les absorbeurs<span class=\"ez-toc-section-end\"><\/span><\/h2>\n\n\n\n<p class=\"wp-block-paragraph\">Un absorbeur, contrairement \u00e0 un compresseur, fonctionne avec de l&#039;eau et de l&#039;ammoniac dans une atmosph\u00e8re d&#039;hydrog\u00e8ne. L&#039;hydrog\u00e8ne agit comme un \u00e9galiseur de pression. L&#039;eau et l&#039;ammoniac sont chauff\u00e9s dans ce que l&#039;on appelle la \u00ab cuisini\u00e8re \u00bb, principalement au gaz, 230 V AC ou 12 V DC, mais aussi \u00e0 l&#039;essence.<\/p>\n\n\n\n<p class=\"wp-block-paragraph\">L&#039;ammoniac devient gazeux sous l&#039;effet du chauffage. Il se refroidit via le condenseur (situ\u00e9 derri\u00e8re la bouche d&#039;a\u00e9ration sup\u00e9rieure de la paroi de la caravane ou du camping-car) et atteint \u00e0 son tour l&#039;\u00e9vaporateur (situ\u00e9 dans le compartiment cong\u00e9lateur du r\u00e9frig\u00e9rateur) sous forme liqu\u00e9fi\u00e9e, dans lequel l&#039;hydrog\u00e8ne compense la pression. des diff\u00e9rences qui surviennent lorsque l&#039;ammoniac s&#039;\u00e9vapore \u00e0 nouveau et produit celui souhait\u00e9 Du froid est g\u00e9n\u00e9r\u00e9. Dans l&#039;absorbeur, l&#039;ammoniac se dissout \u00e0 nouveau avec l&#039;eau et le cycle recommence.<\/p>\n\n\n\n<p class=\"wp-block-paragraph\">Une faible puissance de refroidissement \u00e0 des temp\u00e9ratures ext\u00e9rieures plus \u00e9lev\u00e9es est due au fait qu&#039;une quantit\u00e9 insuffisante d&#039;ammoniac sous forme liqu\u00e9fi\u00e9e peut \u00eatre introduite dans l&#039;\u00e9vaporateur car elle ne peut pas refroidir suffisamment lors de son passage dans le condenseur.<\/p>\n\n\n\n<p class=\"wp-block-paragraph\">Si le condenseur est en outre refroidi par des ventilateurs avec un d\u00e9bit d&#039;air accru, davantage d&#039;ammoniac se liqu\u00e9fie et la puissance de refroidissement augmente en cons\u00e9quence.<\/p>\n\n\n\n<h2 class=\"wp-block-heading\"><span class=\"ez-toc-section\" id=\"Kuhlung_fur_den_Kondensator\"><\/span>Refroidissement du condenseur<span class=\"ez-toc-section-end\"><\/span><\/h2>\n\n\n\n<p class=\"wp-block-paragraph\">Certains r\u00e9frig\u00e9rateurs \u00e0 absorption disposent d\u00e9j\u00e0 d&#039;un ou deux ventilateurs suppl\u00e9mentaires avec contr\u00f4le de la temp\u00e9rature. Si cela ne suffit pas, vous pouvez rem\u00e9dier vous-m\u00eame \u00e0 la situation. SmartHome rend cela possible.<\/p>\n\n\n\n<p class=\"wp-block-paragraph\">Vous avez d&#039;abord besoin de ventilateurs adapt\u00e9s, <a href=\"https:\/\/www.amazon.de\/dp\/B09722FQHV?ref=ppx_yo2ov_dt_b_product_details&amp;th=1\" target=\"_blank\" rel=\"noopener\">ce<\/a> sont disponibles en paquets de trois (360 x 120 x 25 mm). Ensemble, ils ont un d\u00e9bit d&#039;air de 7 m<sup>3<\/sup>\/h. Ils sont con\u00e7us pour 12 V DC, mais sont aliment\u00e9s en 230 V. Bien s\u00fbr, une commande 12 V aurait \u00e9t\u00e9 plus agr\u00e9able. Afin de pouvoir contr\u00f4ler les ventilateurs individuellement, le c\u00e2ble doit \u00eatre coup\u00e9 directement avant la combinaison des trois lignes individuelles.<\/p>\n\n\n\n<p class=\"wp-block-paragraph\">La pose s&#039;effectue \u00e0 l&#039;aide d&#039;une corni\u00e8re en aluminium de 30 x 30 mm, maintenue horizontalement \u00e0 l&#039;aide d&#039;un double face. <a href=\"https:\/\/www.amazon.de\/dp\/B086RQZYTM?psc=1&amp;ref=ppx_yo2ov_dt_b_product_details\" target=\"_blank\" rel=\"noopener\">ruban adh\u00e9sif<\/a> coll\u00e9 \u00e0 l&#039;int\u00e9rieur du mur. Les ventilateurs sont \u00e9galement fix\u00e9s de la m\u00eame mani\u00e8re. Le ruban adh\u00e9sif \u00e9pais d\u00e9couple en grande partie les bruits de fonctionnement, mais malheureusement pas compl\u00e8tement.<\/p>\n\n\n\n<figure class=\"wp-block-image size-full\"><img decoding=\"async\" width=\"800\" height=\"308\" src=\"https:\/\/csiag.eu\/wp-content\/uploads\/2023\/08\/Ventilatoren_KS-2.jpg\" alt=\"\" class=\"wp-image-5037\" srcset=\"https:\/\/csiag.eu\/wp-content\/uploads\/2023\/08\/Ventilatoren_KS-2.jpg 800w, https:\/\/csiag.eu\/wp-content\/uploads\/2023\/08\/Ventilatoren_KS-2-300x116.jpg 300w, https:\/\/csiag.eu\/wp-content\/uploads\/2023\/08\/Ventilatoren_KS-2-768x296.jpg 768w\" sizes=\"(max-width: 800px) 100vw, 800px\" \/><\/figure>\n\n\n\n<h2 class=\"wp-block-heading\"><span class=\"ez-toc-section\" id=\"Lufter-Regelung\"><\/span>Contr\u00f4le du ventilateur<span class=\"ez-toc-section-end\"><\/span><\/h2>\n\n\n\n<p class=\"wp-block-paragraph\">Eh bien, si les performances ne peuvent pas \u00eatre contr\u00f4l\u00e9es via la vitesse, alors en activant un, deux ou les trois ventilateurs en fonction de la diff\u00e9rence de temp\u00e9rature devant le condenseur et apr\u00e8s l&#039;\u00e9vaporateur.<\/p>\n\n\n\n<p class=\"wp-block-paragraph\">UN <a href=\"https:\/\/de.elv.com\/homematic-differenz-temperatur-sensor-hm-wds30-ot2-sm-2-fuer-smart-home-hausautomation-143420\" target=\"_blank\" rel=\"noopener\">Capteur de diff\u00e9rence de temp\u00e9rature hom\u00e9matique<\/a> (Le capteur 1 est fix\u00e9 au sommet du condenseur \u00e0 l&#039;aide d&#039;un serre-c\u00e2ble, le capteur 2 est fix\u00e9 au tuyau inf\u00e9rieur apr\u00e8s l&#039;\u00e9vaporateur), d\u00e9termine les valeurs n\u00e9cessaires et est \u00e9galement fix\u00e9 \u00e0 une zone libre derri\u00e8re l&#039;ouverture de ventilation inf\u00e9rieure dans le mur de caravane ou de camping-car \u00e0 l&#039;aide de ruban adh\u00e9sif double face.<br>Quiconque n&#039;aime pas les piles ou les accumulateurs (2x AA) mais souhaite utiliser le r\u00e9seau de bord 12 V DC le trouvera <a href=\"https:\/\/csiag.eu\/fr\/mesure-de-la-temperature\/\" data-type=\"link\" data-id=\"https:\/\/csiag.eu\/temperatur-messung\/\">ici<\/a> instructions expliquant comment un convertisseur DCDC 12 V \/ 3,3 V peut \u00eatre int\u00e9gr\u00e9 \u00e0 cet effet dans le capteur de diff\u00e9rence de temp\u00e9rature.<\/p>\n\n\n\n<p class=\"wp-block-paragraph\">Un actionneur de commutation \u00e0 4 voies Homematic alimente les trois ventilateurs individuels en 12 V via les canaux 1, 2 et 3.<br><strong>Danger<\/strong> \u2013 Il existe diff\u00e9rentes versions de l&#039;actionneur de commutation \u00e0 4 voies : au <a href=\"https:\/\/de.elv.com\/homematic-funk-schaltaktor-4-fach-hm-lc-sw4-wm-fuer-smart-home-hausautomation-099082?fs=240820572\" target=\"_blank\" rel=\"noopener\">Version avec relais m\u00e9caniques<\/a> Vous \u00eates libre de choisir la polarit\u00e9 de commutation (plus ou moins), tandis que les circuits purement \u00e9lectroniques, qui commutent via des transistors de commutation, commutent g\u00e9n\u00e9ralement vers le moins, c&#039;est-\u00e0-dire qu&#039;ici, toutes les lignes positives doivent \u00eatre connect\u00e9es directement au plus, tandis que les lignes n\u00e9gatives sont connect\u00e9es au les bornes \u00e0 vis des canaux 1 .. 3 peuvent \u00eatre raccord\u00e9es.<br>Celui-ci peut \u00e9galement \u00eatre mont\u00e9 de la m\u00eame mani\u00e8re.<\/p>\n\n\n\n<h2 class=\"wp-block-heading\"><span class=\"ez-toc-section\" id=\"Programmierung\"><\/span>programmation<span class=\"ez-toc-section-end\"><\/span><\/h2>\n\n\n\n<p class=\"wp-block-paragraph\">Par souci de simplicit\u00e9, un programme distinct est cr\u00e9\u00e9 pour chaque ventilateur, qui allume le ventilateur respectif en fonction du seuil de diff\u00e9rence de temp\u00e9rature. \u00e9galement pour le processus de coupure lorsque le seuil de commutation est d\u00e9pass\u00e9.<\/p>\n\n\n\n<p class=\"text-indent: 10px; wp-block-paragraph\">Voici un exemple pour le fan du canal 1\u00a0:<\/p>\n\n\n\n<h4 class=\"wp-block-heading\" style=\"padding-left: 40px;\"><span class=\"ez-toc-section\" id=\"Legende\"><\/span>L\u00e9gende:<span class=\"ez-toc-section-end\"><\/span><\/h4>\n\n\n\n<p class=\"wp-block-paragraph\"><p class=\"text-indent: 10px;\" style=\"padding-left: 80px;\">KS_TDS_Diff_K3 -&gt; Nom* de la voie 3 du capteur de diff\u00e9rence de temp\u00e9rature <br>KS_Lft -&gt; cr\u00e9\u00e9 <a href=\"https:\/\/csiag.eu\/fr\/variables-du-systeme-de-maison-intelligente\/\">variable<\/a>** (vrai ou pas vrai)<br>KS_SW_Lft1_K1 -&gt; Nom* du canal 1 de l&#039;actionneur de commutation<br>KS_SW_Lft2_K2 -&gt; Nom* du canal 2 de l&#039;actionneur de commutation<br>KS_SW_Lft3_K3 -&gt; Nom* du canal 3 de l&#039;actionneur de commutation<br>KS_SW_Lft4_K4 -&gt; Nom* du canal 4 de l&#039;actionneur de commutation<\/p><\/p>\n\n\n\n<p class=\"wp-block-paragraph\"><p style=\"padding-left: 80px;\">* sera apr\u00e8s <a href=\"https:\/\/csiag.eu\/fr\/apprendre-les-appareils-intelligents-pour-la-maison\/\" data-type=\"post\" data-id=\"73\">Entra\u00eenement<\/a> de l&#039;appareil manuellement<br>** Une variable \u00e0 v\u00e9rifier permet de d\u00e9cider si une action ult\u00e9rieure <br>&nbsp; &nbsp; est initi\u00e9 ou non.<br>&nbsp; &nbsp; (Ici, par exemple, le ventilateur ne doit pas \u00eatre activ\u00e9 la nuit pour cr\u00e9er un bruit de fond. <br>&nbsp; &nbsp; &nbsp;Par cons\u00e9quent, la variable de nuit est configur\u00e9e dans un programme s\u00e9par\u00e9. <br>&nbsp; &nbsp; &nbsp;&quot;pas vrai&quot;, r\u00e9gl\u00e9 sur &quot;vrai&quot; pendant la journ\u00e9e)<\/p><\/p>\n\n\n\n<ul class=\"wp-block-list\">\n<li>Allumer<\/li>\n<\/ul>\n\n\n\n<figure class=\"wp-block-image size-large\"><img decoding=\"async\" width=\"1024\" height=\"324\" src=\"https:\/\/csiag.eu\/wp-content\/uploads\/2023\/08\/image-6-1024x324.png\" alt=\"\" class=\"wp-image-5029\" srcset=\"https:\/\/csiag.eu\/wp-content\/uploads\/2023\/08\/image-6-1024x324.png 1024w, https:\/\/csiag.eu\/wp-content\/uploads\/2023\/08\/image-6-1536x485.png 1536w, https:\/\/csiag.eu\/wp-content\/uploads\/2023\/08\/image-6-300x95.png 300w, https:\/\/csiag.eu\/wp-content\/uploads\/2023\/08\/image-6-768x243.png 768w, https:\/\/csiag.eu\/wp-content\/uploads\/2023\/08\/image-6.png 1924w\" sizes=\"(max-width: 1024px) 100vw, 1024px\" \/><\/figure>\n\n\n\n<p class=\"wp-block-paragraph\">Le ventilateur 2 est activ\u00e9 lorsqu&#039;une temp\u00e9rature diff\u00e9rentielle* de 16 \u00b0C est d\u00e9pass\u00e9e, le ventilateur 3 \u00e0 partir de 24 \u00b0C.<\/p>\n\n\n\n<ul class=\"wp-block-list\">\n<li>\u00c9teindre<\/li>\n<\/ul>\n\n\n\n<figure class=\"wp-block-image size-large\"><img decoding=\"async\" width=\"1024\" height=\"358\" src=\"https:\/\/csiag.eu\/wp-content\/uploads\/2023\/08\/image-7-1024x358.png\" alt=\"\" class=\"wp-image-5030\" srcset=\"https:\/\/csiag.eu\/wp-content\/uploads\/2023\/08\/image-7-1024x358.png 1024w, https:\/\/csiag.eu\/wp-content\/uploads\/2023\/08\/image-7-1536x538.png 1536w, https:\/\/csiag.eu\/wp-content\/uploads\/2023\/08\/image-7-300x105.png 300w, https:\/\/csiag.eu\/wp-content\/uploads\/2023\/08\/image-7-768x269.png 768w, https:\/\/csiag.eu\/wp-content\/uploads\/2023\/08\/image-7.png 1926w\" sizes=\"(max-width: 1024px) 100vw, 1024px\" \/><\/figure>\n\n\n\n<p class=\"wp-block-paragraph\">Le ventilateur 2 est \u00e9teint lorsque la temp\u00e9rature diff\u00e9rentielle* descend en dessous de 8 \u00b0C, le ventilateur 3 lorsque la temp\u00e9rature descend en dessous de 16 \u00b0C.<\/p>\n\n\n\n<p class=\"wp-block-paragraph\">Une variable <code>SV_KS_Lft<\/code> peut \u00eatre utilis\u00e9 pour prendre une d\u00e9cision qui vous permet d&#039;autoriser ou d&#039;emp\u00eacher g\u00e9n\u00e9ralement l&#039;action des ventilateurs, par exemple si vous \u00eates sensible au bruit la nuit et que les ventilateurs ne doivent donc pas fonctionner.<\/p>\n\n\n\n<p class=\"wp-block-paragraph\">*La diff\u00e9rence de temp\u00e9rature est ici arbitrairement fix\u00e9e aux valeurs mentionn\u00e9es uniquement \u00e0 titre d&#039;exemple. En r\u00e9alit\u00e9, \u00e0 des temp\u00e9ratures ext\u00e9rieures d&#039;environ 5 \u00e0 10 \u00b0C, vous devez d\u00e9terminer la diff\u00e9rence de temp\u00e9rature qui se produit - sans ventilation active. \u00c0 mesure que la temp\u00e9rature ext\u00e9rieure augmente, vous surveillez l&#039;\u00e9volution de cette diff\u00e9rence de temp\u00e9rature et ajustez le point d&#039;utilisation des ventilateurs en cons\u00e9quence.<\/p>\n\n\n\n<ul class=\"wp-block-list\">\n<li>Contr\u00f4le manuel<\/li>\n<\/ul>\n\n\n\n<figure class=\"wp-block-image size-large\"><img decoding=\"async\" width=\"1024\" height=\"328\" src=\"https:\/\/csiag.eu\/wp-content\/uploads\/2023\/08\/image-8-1024x328.png\" alt=\"\" class=\"wp-image-5031\" srcset=\"https:\/\/csiag.eu\/wp-content\/uploads\/2023\/08\/image-8-1024x328.png 1024w, https:\/\/csiag.eu\/wp-content\/uploads\/2023\/08\/image-8-1536x492.png 1536w, https:\/\/csiag.eu\/wp-content\/uploads\/2023\/08\/image-8-300x96.png 300w, https:\/\/csiag.eu\/wp-content\/uploads\/2023\/08\/image-8-768x246.png 768w, https:\/\/csiag.eu\/wp-content\/uploads\/2023\/08\/image-8.png 1924w\" sizes=\"(max-width: 1024px) 100vw, 1024px\" \/><\/figure>\n\n\n\n<ul class=\"wp-block-list\">\n<li>Contr\u00f4le manuel et d\u00e9pendant du temps<\/li>\n<\/ul>\n\n\n\n<figure class=\"wp-block-image size-large\"><img decoding=\"async\" width=\"1024\" height=\"399\" src=\"https:\/\/csiag.eu\/wp-content\/uploads\/2023\/08\/image-9-1024x399.png\" alt=\"\" class=\"wp-image-5032\" srcset=\"https:\/\/csiag.eu\/wp-content\/uploads\/2023\/08\/image-9-1024x399.png 1024w, https:\/\/csiag.eu\/wp-content\/uploads\/2023\/08\/image-9-1536x599.png 1536w, https:\/\/csiag.eu\/wp-content\/uploads\/2023\/08\/image-9-300x117.png 300w, https:\/\/csiag.eu\/wp-content\/uploads\/2023\/08\/image-9-768x299.png 768w, https:\/\/csiag.eu\/wp-content\/uploads\/2023\/08\/image-9.png 1924w\" sizes=\"(max-width: 1024px) 100vw, 1024px\" \/><\/figure>\n\n\n\n<p class=\"wp-block-paragraph\">Ici, la variable est soit r\u00e9gl\u00e9e manuellement sur \u00ab false \u00bb pour \u00e9teindre tous les ventilateurs, soit automatiquement, en fonction de la p\u00e9riode s\u00e9lectionn\u00e9e, ici tous les jours de 22h00 \u00e0 7h00.<\/p>\n\n\n\n<h2 class=\"wp-block-heading\"><span class=\"ez-toc-section\" id=\"Temperatursensor_im_Gefrierfach\"><\/span>Sonde de temp\u00e9rature dans le compartiment cong\u00e9lateur<span class=\"ez-toc-section-end\"><\/span><\/h2>\n\n\n\n<p class=\"wp-block-paragraph\">Si vous souhaitez par mesure de s\u00e9curit\u00e9 et faire d\u00e9pendre l&#039;action du ventilateur de la temp\u00e9rature dans le compartiment cong\u00e9lateur, percez un trou d&#039;environ 5 mm (diam\u00e8tre du capteur de temp\u00e9rature) en haut \u00e0 gauche de l&#039;\u00e9changeur thermique dans le compartiment cong\u00e9lateur, ins\u00e9rez le capteur de temp\u00e9rature dans ce trou par derri\u00e8re, poussez-le vers l&#039;avant jusqu&#039;\u00e0 ce qu&#039;il apparaisse \u00e0 l&#039;int\u00e9rieur du compartiment cong\u00e9lateur avec son serre-c\u00e2ble et scellez le trou et le c\u00e2ble par derri\u00e8re avec du silicone.<\/p>\n\n\n\n<p class=\"wp-block-paragraph\">Le capteur de temp\u00e9rature peut \u00eatre du type <a href=\"https:\/\/www.eq-3.de\/produkte\/homematic\/detail\/hm-wds30-t-o.html\" target=\"_blank\" rel=\"noreferrer noopener\">HM-WDS30-TO<\/a> (1 canal) ou <a href=\"https:\/\/de.elv.com\/homematic-differenz-temperatur-sensor-hm-wds30-ot2-sm-2-fuer-smart-home-hausautomation-143420\" target=\"_blank\" rel=\"noreferrer noopener\">HM-WDS30-OT2-SM-2<\/a> (2 canaux).<\/p>\n\n\n\n<p class=\"wp-block-paragraph\">Dans ce cas, la programmation ne s&#039;effectue pas via la voie diff\u00e9rentielle (<em>K3<\/em>), mais le canal de capteur associ\u00e9 (pour les capteurs monocanal <em>K1<\/em>) en allumant un ventilateur lorsque la temp\u00e9rature mesur\u00e9e descend en dessous de -18 \u00b0C, par exemple.<\/p>\n\n\n\n<p class=\"wp-block-paragraph\">Le deuxi\u00e8me ventilateur entre en action lorsque la temp\u00e9rature est par exemple de -16 \u00b0C, le troisi\u00e8me ventilateur \u00e0 -14 \u00b0C. De cette fa\u00e7on, la temp\u00e9rature souhait\u00e9e (ici par exemple -20 \u00b0C) peut \u00eatre atteinte tr\u00e8s rapidement, surtout lorsque la temp\u00e9rature ext\u00e9rieure est \u00e9lev\u00e9e.<\/p>","protected":false},"excerpt":{"rendered":"<p><span class=\"span-reading-time rt-reading-time\" style=\"display: block;\"><span class=\"rt-label rt-prefix\">Temps de lecture<\/span> <span class=\"rt-time\"> 5<\/span> <span class=\"rt-label rt-postfix\">minutes<\/span><\/span>Avec les r\u00e9frig\u00e9rateurs \u00e0 absorption, il est difficile d'obtenir la puissance frigorifique n\u00e9cessaire pendant les saisons chaudes, surtout dans les r\u00e9gions plus m\u00e9ridionales et donc plus chaudes. Une commande de ventilateur peut y rem\u00e9dier. La diff\u00e9rence avec et sans ventilateur est claire : sans ventilateur, la temp\u00e9rature dans le compartiment cong\u00e9lateur se situe entre 7 ... 11 \u00b0C, avec le ventilateur, apr\u00e8s une courte...&nbsp;<a href=\"https:\/\/csiag.eu\/fr\/blog\/2023\/08\/30\/kuehlschrank-ventilator-steuerung\/\" rel=\"bookmark\">Lire la suite \"<span class=\"screen-reader-text\">R\u00e9frig\u00e9rateur \u2013 Contr\u00f4le du ventilateur<\/span><\/a><\/p>","protected":false},"author":1,"featured_media":0,"comment_status":"open","ping_status":"open","sticky":false,"template":"","format":"standard","meta":{"_lmt_disableupdate":"","_lmt_disable":"","neve_meta_sidebar":"","neve_meta_container":"","neve_meta_enable_content_width":"off","neve_meta_content_width":70,"neve_meta_title_alignment":"","neve_meta_author_avatar":"","neve_post_elements_order":"","neve_meta_disable_header":"","neve_meta_disable_footer":"","neve_meta_disable_title":"","footnotes":""},"categories":[2106,346],"tags":[],"class_list":["post-5028","post","type-post","status-publish","format-standard","hentry","category-absorber-kuehlschrank","category-smarthome"],"modified_by":"Achim Goerner","_links":{"self":[{"href":"https:\/\/csiag.eu\/fr\/wp-json\/wp\/v2\/posts\/5028","targetHints":{"allow":["GET"]}}],"collection":[{"href":"https:\/\/csiag.eu\/fr\/wp-json\/wp\/v2\/posts"}],"about":[{"href":"https:\/\/csiag.eu\/fr\/wp-json\/wp\/v2\/types\/post"}],"author":[{"embeddable":true,"href":"https:\/\/csiag.eu\/fr\/wp-json\/wp\/v2\/users\/1"}],"replies":[{"embeddable":true,"href":"https:\/\/csiag.eu\/fr\/wp-json\/wp\/v2\/comments?post=5028"}],"version-history":[{"count":0,"href":"https:\/\/csiag.eu\/fr\/wp-json\/wp\/v2\/posts\/5028\/revisions"}],"wp:attachment":[{"href":"https:\/\/csiag.eu\/fr\/wp-json\/wp\/v2\/media?parent=5028"}],"wp:term":[{"taxonomy":"category","embeddable":true,"href":"https:\/\/csiag.eu\/fr\/wp-json\/wp\/v2\/categories?post=5028"},{"taxonomy":"post_tag","embeddable":true,"href":"https:\/\/csiag.eu\/fr\/wp-json\/wp\/v2\/tags?post=5028"}],"curies":[{"name":"wp","href":"https:\/\/api.w.org\/{rel}","templated":true}]}}