{"id":11469,"date":"2025-10-16T17:40:40","date_gmt":"2025-10-16T17:40:40","guid":{"rendered":"https:\/\/csiag.eu\/?p=11469"},"modified":"2025-10-16T18:33:11","modified_gmt":"2025-10-16T18:33:11","slug":"rossz-wifi-a-szallodaban-mit-tegyek","status":"publish","type":"post","link":"https:\/\/csiag.eu\/hu\/blog\/2025\/10\/16\/schlechtes-wlan-im-hotel-was-tun\/","title":{"rendered":"Rossz WLAN a sz\u00e1llod\u00e1ban - mi a teend\u0151?"},"content":{"rendered":"<div id=\"ez-toc-container\" class=\"ez-toc-v2_0_86 counter-hierarchy ez-toc-counter ez-toc-grey ez-toc-container-direction\">\n<div class=\"ez-toc-title-container\">\n<p class=\"ez-toc-title\" style=\"cursor:inherit\">Tartalomjegyz\u00e9k<\/p>\n<span class=\"ez-toc-title-toggle\"><\/span><\/div>\n<nav><ul class='ez-toc-list ez-toc-list-level-1' ><li class='ez-toc-page-1 ez-toc-heading-level-2'><a class=\"ez-toc-link ez-toc-heading-1\" href=\"https:\/\/csiag.eu\/hu\/blog\/2025\/10\/16\/schlechtes-wlan-im-hotel-was-tun\/#Warum_ist_das_WLAN_in_Hotels_oft_wenig_leistungsfahig\" >Mi\u00e9rt nem t\u00fal hat\u00e9kony a WLAN a sz\u00e1llod\u00e1kban?<\/a><\/li><li class='ez-toc-page-1 ez-toc-heading-level-2'><a class=\"ez-toc-link ez-toc-heading-2\" href=\"https:\/\/csiag.eu\/hu\/blog\/2025\/10\/16\/schlechtes-wlan-im-hotel-was-tun\/#Der_Ausweg\" >A ki\u00fat<\/a><\/li><li class='ez-toc-page-1 ez-toc-heading-level-2'><a class=\"ez-toc-link ez-toc-heading-3\" href=\"https:\/\/csiag.eu\/hu\/blog\/2025\/10\/16\/schlechtes-wlan-im-hotel-was-tun\/#Handy_als_Hotspot\" >Mobiltelefon mint hotspot<\/a><\/li><li class='ez-toc-page-1 ez-toc-heading-level-2'><a class=\"ez-toc-link ez-toc-heading-4\" href=\"https:\/\/csiag.eu\/hu\/blog\/2025\/10\/16\/schlechtes-wlan-im-hotel-was-tun\/#Taschen-Router\" >Zseb router<\/a><\/li><li class='ez-toc-page-1 ez-toc-heading-level-2'><a class=\"ez-toc-link ez-toc-heading-5\" href=\"https:\/\/csiag.eu\/hu\/blog\/2025\/10\/16\/schlechtes-wlan-im-hotel-was-tun\/#5G_%E2%80%93_ja_oder_nein\" >5G - igen vagy nem?<\/a><\/li><li class='ez-toc-page-1 ez-toc-heading-level-2'><a class=\"ez-toc-link ez-toc-heading-6\" href=\"https:\/\/csiag.eu\/hu\/blog\/2025\/10\/16\/schlechtes-wlan-im-hotel-was-tun\/#Welcher_mobile_Router_ist_der_beste\" >Melyik mobil router a legjobb?<\/a><\/li><li class='ez-toc-page-1 ez-toc-heading-level-2'><a class=\"ez-toc-link ez-toc-heading-7\" href=\"https:\/\/csiag.eu\/hu\/blog\/2025\/10\/16\/schlechtes-wlan-im-hotel-was-tun\/#Externe_Antennen\" >K\u00fcls\u0151 antenn\u00e1k<\/a><ul class='ez-toc-list-level-3' ><li class='ez-toc-heading-level-3'><a class=\"ez-toc-link ez-toc-heading-8\" href=\"https:\/\/csiag.eu\/hu\/blog\/2025\/10\/16\/schlechtes-wlan-im-hotel-was-tun\/#Poynting_XPOL-2-5G\" >Poynting XPOL-2-5G<\/a><\/li><li class='ez-toc-page-1 ez-toc-heading-level-3'><a class=\"ez-toc-link ez-toc-heading-9\" href=\"https:\/\/csiag.eu\/hu\/blog\/2025\/10\/16\/schlechtes-wlan-im-hotel-was-tun\/#Netgear_6000451-10000S\" >Netgear 6000451-10000S<\/a><\/li><\/ul><\/li><li class='ez-toc-page-1 ez-toc-heading-level-2'><a class=\"ez-toc-link ez-toc-heading-10\" href=\"https:\/\/csiag.eu\/hu\/blog\/2025\/10\/16\/schlechtes-wlan-im-hotel-was-tun\/#Fazit\" >K\u00f6vetkeztet\u00e9s<\/a><\/li><\/ul><\/nav><\/div>\n<span class=\"span-reading-time rt-reading-time\" style=\"display: block;\"><span class=\"rt-label rt-prefix\">Olvas\u00e1si id\u0151<\/span> <span class=\"rt-time\"> 4<\/span> <span class=\"rt-label rt-postfix\">percek<\/span><\/span>\n<p class=\"wp-block-paragraph\">Rossz Wi-Fi a sz\u00e1llod\u00e1ban - mi a teend\u0151? Ezt a k\u00e9rd\u00e9st kev\u00e9sb\u00e9 a nyaral\u00f3k teszik fel, mint azok, akik gyakran \u00fczleti \u00faton vannak, \u00e9s f\u00fcggnek a sz\u00e1lloda Wi-Fi szolg\u00e1ltat\u00e1s\u00e1t\u00f3l.<\/p>\n\n\n\n<h2 class=\"wp-block-heading\"><span class=\"ez-toc-section\" id=\"Warum_ist_das_WLAN_in_Hotels_oft_wenig_leistungsfahig\"><\/span>Mi\u00e9rt nem t\u00fal hat\u00e9kony a WLAN a sz\u00e1llod\u00e1kban?<span class=\"ez-toc-section-end\"><\/span><\/h2>\n\n\n\n<p class=\"wp-block-paragraph\">Legyen sz\u00f3 ak\u00e1r az \u00f6tcsillagos \u00fcd\u00fcl\u0151helyr\u0151l, ak\u00e1r az egyszer\u0171 sz\u00e1ll\u00e1shelyr\u0151l, k\u00f6z\u00f6s benn\u00fck, hogy mindannyian DSL-vonallal rendelkeznek, ami v\u00e9gs\u0151 soron nem ny\u00fajt kiemelked\u0151 s\u00e1vsz\u00e9less\u00e9get. V\u00e9g\u00fcl is, ahol csak lehet, sp\u00f3rolni kell, \u00edgy az internetszerz\u0151d\u00e9seken is.<\/p>\n\n\n\n<p class=\"wp-block-paragraph\">Wi-Fi hotspotok nem mindig tal\u00e1lhat\u00f3k minden emeleten, n\u00e9ha csak a lobbyban, amely t\u00f6bb\u00e9-kev\u00e9sb\u00e9 h\u00edvogat\u00f3 hely a tart\u00f3zkod\u00e1sra. Gyakran kev\u00e9sb\u00e9, hiszen a vend\u00e9geknek nem szabad t\u00fal sok\u00e1ig blokkolniuk az ott l\u00e9v\u0151 kev\u00e9s \u00fcl\u0151helyet, hogy m\u00e1soknak is legyen lehet\u0151s\u00e9g\u00fck \u00fclve internetezni.<\/p>\n\n\n\n<p class=\"wp-block-paragraph\">A v\u00e9ges s\u00e1vsz\u00e9less\u00e9g kezdetben a sz\u00e1llodai m\u0171veletek sz\u00e1m\u00e1ra van fenntartva. Ami \u201emegmarad\u201c, azt a vend\u00e9gek kapj\u00e1k meg, gyakran t\u00e9r\u00edt\u00e9s ellen\u00e9ben. Ezt olyan kieg\u00e9sz\u00edt\u0151 szolg\u00e1ltat\u00e1snak kell tekinteni, amely a vend\u00e9geknek kezdetleges hozz\u00e1f\u00e9r\u00e9st biztos\u00edt az internetes tartalmakhoz \u00e9s az e-mailhez.<br>Annak \u00e9rdek\u00e9ben, hogy p\u00e9ld\u00e1ul egy online j\u00e1t\u00e9krajong\u00f3 ne haszn\u00e1lja fel a teljes s\u00e1vsz\u00e9less\u00e9get, a kv\u00f3t\u00e1t a k\u00f6zepes kihaszn\u00e1lts\u00e1g\u00fa vend\u00e9gek sz\u00e1ma k\u00f6z\u00f6tt osztj\u00e1k fel. \u00cdgy az \u00f6sszes vend\u00e9g sz\u00e1m\u00e1ra rendelkez\u00e9sre \u00e1ll\u00f3 \u201emarad\u00e9knak\u201c csak egy t\u00f6red\u00e9ke marad az adott vend\u00e9g sz\u00e1m\u00e1ra, ami \u00e9ppen el\u00e9g a fent eml\u00edtett alapvet\u0151 online ig\u00e9nyek kiel\u00e9g\u00edt\u00e9s\u00e9re.<\/p>\n\n\n\n<p class=\"wp-block-paragraph\">Egyes sz\u00e1llod\u00e1k fel\u00e1r ellen\u00e9ben \u201epr\u00e9mium\u201c hozz\u00e1f\u00e9r\u00e9st k\u00edn\u00e1lnak. Itt a kv\u00f3t\u00e1t egyszer\u0171en megn\u00f6velik. Ennek ellen\u00e9re a \u201emarad\u00e9k\u201c egy r\u00e9sze megmarad, m\u00e9g ha most nagyobb is. Nem sz\u00e1m\u00edt, hogy a sz\u00e1lloda biztos\u00edtja-e a vend\u00e9g sz\u00e1m\u00e1ra a Wi-Fi-t vagy a saj\u00e1t routert.<br>Ha \u00d6n a felh\u0151alap\u00fa tartalmak let\u00f6lt\u00e9s\u00e9t\u0151l \u00e9s felt\u00f6lt\u00e9s\u00e9t\u0151l f\u00fcgg, legk\u00e9s\u0151bb itt pr\u00f3b\u00e1ra lesz t\u00e9ve a t\u00fcrelme, \u00e9s p\u00e9ld\u00e1ul a Zoom megbesz\u00e9l\u00e9sek csak ritk\u00e1n val\u00f3sulhatnak meg hi\u00e1nytalanul.<\/p>\n\n\n\n<h2 class=\"wp-block-heading\"><span class=\"ez-toc-section\" id=\"Der_Ausweg\"><\/span>A ki\u00fat<span class=\"ez-toc-section-end\"><\/span><\/h2>\n\n\n\n<p class=\"wp-block-paragraph\">A mobiltelefon mint hotspot vagy akkumul\u00e1toros zsebrouter saj\u00e1t SIM-k\u00e1rty\u00e1val.<\/p>\n\n\n\n<h2 class=\"wp-block-heading\"><span class=\"ez-toc-section\" id=\"Handy_als_Hotspot\"><\/span>Mobiltelefon mint hotspot<span class=\"ez-toc-section-end\"><\/span><\/h2>\n\n\n\n<p class=\"wp-block-paragraph\">A mobiltelefon mint hotspot j\u00f3 h\u00e1l\u00f3zati lefedetts\u00e9g eset\u00e9n a leggyakrabban haszn\u00e1lt ment\u0151\u00f6v ilyen helyzetekben, m\u00e9g akkor is, ha csak ideiglenesen, r\u00f6gt\u00f6nz\u00e9sk\u00e9nt haszn\u00e1lj\u00e1k, mivel a mobiltelefon hotspotk\u00e9nt rendelkez\u00e9sre bocs\u00e1tott WLAN-ja csak alacsony s\u00e1vsz\u00e9less\u00e9get szolg\u00e1l ki, ez\u00e9rt a sebess\u00e9g ritk\u00e1n elegend\u0151 szakmai c\u00e9lokra.<\/p>\n\n\n\n<h2 class=\"wp-block-heading\"><span class=\"ez-toc-section\" id=\"Taschen-Router\"><\/span>Zseb router<span class=\"ez-toc-section-end\"><\/span><\/h2>\n\n\n\n<p class=\"wp-block-paragraph\">A mobil routerek, amelyek be\u00e9p\u00edtett \u00fajrat\u00f6lthet\u0151 akkumul\u00e1torokkal rendelkeznek, amelyek egy munkanapig is kib\u00edrj\u00e1k, saj\u00e1t SIM-k\u00e1rty\u00e1val m\u0171k\u00f6dnek, \u00e9s a WLAN-t a lehet\u0151 legnagyobb s\u00e1vsz\u00e9less\u00e9ggel biztos\u00edtj\u00e1k.<\/p>\n\n\n\n<p class=\"wp-block-paragraph\">A k\u00fclf\u00f6ldi haszn\u00e1lat el\u0151nye, hogy helyi el\u0151re fizetett adatk\u00e1rty\u00e1t v\u00e1s\u00e1rol, ami \u00e1ltal\u00e1ban sokkal olcs\u00f3bb, mint a sz\u00e1llodai WLAN k\u00f6lts\u00e9gei, nem besz\u00e9lve a viszonylag szer\u00e9ny teljes\u00edtm\u00e9nyr\u0151l.<\/p>\n\n\n\n<p class=\"wp-block-paragraph\">A mobil router \u00e1ltal\u00e1ban k\u00fcls\u0151 antennaaljzatot k\u00edn\u00e1l (ez ink\u00e1bb a lak\u00f3aut\u00f3-vezet\u0151k vagy az otthoniak sz\u00e1m\u00e1ra \u00e9rdekes), hogy minimaliz\u00e1lni lehessen a szob\u00e1ban\/hotelszob\u00e1ban a sug\u00e1rz\u00e1st. A router azonban egyszer\u0171en az ablakp\u00e1rk\u00e1nyra is helyezhet\u0151 (ak\u00e1r k\u00edv\u00fclre is), ami egyr\u00e9szt maxim\u00e1lis v\u00e9teli teljes\u00edtm\u00e9nyt \u00e9s minim\u00e1lis sug\u00e1rz\u00e1st biztos\u00edt, m\u00e1sr\u00e9szt az ablak\u00fcveg nem okoz \u00e9szrevehet\u0151 WLAN-vesztes\u00e9get.<\/p>\n\n\n\n<p class=\"wp-block-paragraph\">Az ilyen eszk\u00f6z\u00f6k nemcsak t\u00f6bb v\u00e9gberendez\u00e9s (mobiltelefon, t\u00e1blag\u00e9p, laptop stb.) egyidej\u0171 \u00f6sszekapcsol\u00e1s\u00e1ra alkalmasak, hanem t\u00falzott felh\u0151el\u00e9r\u00e9sre, telekonferenci\u00e1ra stb. is.<\/p>\n\n\n\n<h2 class=\"wp-block-heading\"><span class=\"ez-toc-section\" id=\"5G_%E2%80%93_ja_oder_nein\"><\/span>5G - igen vagy nem?<span class=\"ez-toc-section-end\"><\/span><\/h2>\n\n\n\n<p class=\"wp-block-paragraph\">Ebben a k\u00e9rd\u00e9sben elt\u00e9rnek a v\u00e9lem\u00e9nyek. B\u00e1rki, aki EHS-ben (elektro-hiper-\u00e9rz\u00e9kenys\u00e9g) szenved, jobb, ha t\u00e1vol tartja mag\u00e1t az 5G-t\u0151l. De nem mindegy, hogy egy 5G-s ad\u00f3antenna k\u00f6zvetlen sug\u00e1rz\u00e1si mezej\u00e9ben tart\u00f3zkodik-e (amelynek \u00e1tviteli teljes\u00edtm\u00e9nye\/sug\u00e1rz\u00e1si s\u0171r\u0171s\u00e9ge l\u00e9nyegesen nagyobb, mint egy mobiltelefon\u00e9 vagy mobil router\u00e9).<\/p>\n\n\n\n<p class=\"wp-block-paragraph\">Sajnos nem ker\u00fclheti el, hogy mobiltelefonj\u00e1t a f\u00fcl\u00e9hez tartsa, kiv\u00e9ve a kihangos\u00edtott h\u00edv\u00e1sokat. A vezet\u00e9kes fejhallgat\u00f3 sem j\u00f3 alternat\u00edva, mivel a k\u00e1bel a mobiltelefon \u00e1ltal kibocs\u00e1tott \u00e1tviteli energia vezet\u0151jek\u00e9nt m\u0171k\u00f6dik. Alternat\u00edv megold\u00e1s a Bluetooth-fejhallgat\u00f3 haszn\u00e1lata, de ez is kiteszi \u00d6nt a sug\u00e1rz\u00e1snak, b\u00e1r sokkal kisebb \u00e9s kev\u00e9sb\u00e9 k\u00e1ros, mik\u00f6zben a mobiltelefont ide\u00e1lis esetben az ablak mell\u00e9 helyezi, \u00e9s a szoba m\u00e1sik v\u00e9g\u00e9be megy.<\/p>\n\n\n\n<p class=\"wp-block-paragraph\">Az 5G - elm\u00e9letileg - ak\u00e1r t\u00edzszer nagyobb adat\u00e1tviteli sebess\u00e9get \u00e9s a 4G (LTE) k\u00e9sleltet\u00e9si idej\u00e9nek csak sz\u00e1zszoros\u00e1t k\u00edn\u00e1lja. A jelent\u0151sen gyorsabb kapcsolat\u00e9p\u00edt\u00e9s szinte fontosabb, mint a s\u00e1vsz\u00e9less\u00e9g - gyakorlati - n\u00f6veked\u00e9se. A fejleszt\u00e9s alapja a val\u00f3s idej\u0171 kommunik\u00e1ci\u00f3 volt, p\u00e9ld\u00e1ul vez\u00e9rl\u00e9si c\u00e9lokra.<\/p>\n\n\n\n<p class=\"wp-block-paragraph\">R\u00e1ad\u00e1sul nem minden 5G egyforma. A 700 MHz-es s\u00e1vban m\u0171k\u00f6d\u0151 5G ad\u00f3k ugyanis csak valamivel magasabbak, mint az UHF TV-s\u00e1vban jelenleg m\u0171k\u00f6d\u0151 mag\u00e1nad\u00f3k, \u00e9s nem jelentenek eg\u00e9szs\u00e9g\u00fcgyi kock\u00e1zatot. M\u00e1sr\u00e9szt nagyobb a hat\u00f3t\u00e1vols\u00e1guk, mivel az alacsonyabb frekvenci\u00e1kat kev\u00e9sb\u00e9 csillap\u00edtj\u00e1k a lombok, \u00e9p\u00fcletek stb.<br>Ha azonban az 5G rendszer a 6 GHz-t\u0151l felfel\u00e9 terjed\u0151 tartom\u00e1nyban sug\u00e1roz, a frekvencia n\u00f6veked\u00e9s\u00e9vel a hat\u00f3t\u00e1vols\u00e1g jelent\u0151sen cs\u00f6kken, ez\u00e9rt az \u00e1tviteli oszlopokat egym\u00e1st\u00f3l sokkal kisebb t\u00e1vols\u00e1gra kell fel\u00e1ll\u00edtani ahhoz, hogy m\u00e9g h\u00f3ban vagy heves es\u0151ben is megb\u00edzhat\u00f3 kapcsolatot tudjanak fenntartani, ami azt jelenti, hogy a sug\u00e1rterhel\u00e9s sokkal nagyobb, \u00e9s a frekvencia miatt az eg\u00e9szs\u00e9gre k\u00e1rosabb.<\/p>\n\n\n\n<p class=\"wp-block-paragraph\">A mobil 5G router, ak\u00e1rcsak a mobiltelefon, nem egy helyhez k\u00f6t\u00f6tt 5G ad\u00f3, ez\u00e9rt eg\u00e9szs\u00e9g\u00fcgyi szempontb\u00f3l nem \u00f6sszehasonl\u00edthat\u00f3.<br>Mivel az antenn\u00e1k a szob\u00e1n k\u00edv\u00fcl is elhelyezhet\u0151k, a WLAN-router egy\u00e9rtelm\u0171 el\u0151nyben van a mobiltelefonnal szemben. A nagy teljes\u00edtm\u00e9ny\u0171 WLAN-nak k\u00f6sz\u00f6nhet\u0151en az is kellemes alternat\u00edva, hogy VoIP-szolg\u00e1ltat\u00f3kat haszn\u00e1ljon telefon\u00e1l\u00e1sra, \u00e9s \u00edgy kikapcsolja a mobiltelefon sug\u00e1rz\u00e1s\u00e1t.<\/p>\n\n\n\n<h2 class=\"wp-block-heading\"><span class=\"ez-toc-section\" id=\"Welcher_mobile_Router_ist_der_beste\"><\/span>Melyik mobil router a legjobb?<span class=\"ez-toc-section-end\"><\/span><\/h2>\n\n\n\n<p class=\"wp-block-paragraph\">Ez \u00e9rthet\u0151 k\u00e9rd\u00e9s, hiszen olyan befektet\u00e9st szeretne, amely nemcsak a jelenlegi ig\u00e9nyeit el\u00e9g\u00edti ki, hanem a j\u00f6v\u0151ben is k\u00e9pes lesz erre.<\/p>\n\n\n\n<p class=\"wp-block-paragraph\">Az ilyen k\u00e9sz\u00fcl\u00e9kek 100 ... 900 eur\u00f3 k\u00f6r\u00fcli \u00e1ron kaphat\u00f3k.<br>A vez\u00e9relv eml\u00e9k\u00e9re, <em>aki olcs\u00f3n v\u00e1s\u00e1rol, k\u00e9tszeresen v\u00e1s\u00e1rol; \u00e9s akinek van r\u00e1 p\u00e9nze, az abban a helyzetben van, hogy egy kicsit t\u00f6bb p\u00e9nz\u00e9rt jobbat is vehet.<\/em> ... \u00e1ltal\u00e1ban igaza van az aranyk\u00f6z\u00e9p\u00fattal.<\/p>\n\n\n\n<p class=\"wp-block-paragraph\">Ennek megfelel\u0151en a <a href=\"https:\/\/www.tp-link.com\/de\/home-networking\/5g-4g-router\/m8550\/\" target=\"_blank\" rel=\"noreferrer noopener\">TP-Link M8550<\/a> k\u00fcl\u00f6n\u00f6s figyelmet:<\/p>\n\n\n\n<ul class=\"wp-block-list\">\n<li>5G - ak\u00e1r 3,4 GBit\/s lefel\u00e9 \/ 900 MBit\/s felt\u00f6lt\u00e9s<\/li>\n\n\n\n<li>4G - ak\u00e1r 1,6 GBit\/s lefel\u00e9 \/ 200 MBit\/s felt\u00f6lt\u00e9s<\/li>\n\n\n\n<li>WiFi - ak\u00e1r 3,6 GBit\/s (2,4 GHz-en ak\u00e1r 688 MBit\/s, 5 \u00e9s 6 GHz-en 2,88 GBit\/s)<\/li>\n\n\n\n<li>MicroSD ak\u00e1r 2 TB-ig<\/li>\n\n\n\n<li>4680 mAh \u00fajrat\u00f6lthet\u0151 akkumul\u00e1tor, ak\u00e1r 15 \u00f3r\u00e1s \u00fczemid\u0151, USB-C t\u00f6lt\u0151csatlakoz\u00f3val<\/li>\n\n\n\n<li>1,44\u2033-os \u00e9rint\u0151k\u00e9perny\u0151<\/li>\n\n\n\n<li>TS-9 ext. antennacsatlakoz\u00e1sok<br>Minden kereskedelmi forgalomban kaphat\u00f3 5G antenna haszn\u00e1lhat\u00f3 TS-9 SMA adapteren kereszt\u00fcl<\/li>\n\n\n\n<li>ak\u00e1r 32 \u00fcgyf\u00e9l<\/li>\n\n\n\n<li>Nano SIM<\/li>\n\n\n\n<li>T\u00f6meg 273 g<\/li>\n\n\n\n<li>kb. 340 Euro<\/li>\n<\/ul>\n\n\n\n<h2 class=\"wp-block-heading\"><span class=\"ez-toc-section\" id=\"Externe_Antennen\"><\/span>K\u00fcls\u0151 antenn\u00e1k<span class=\"ez-toc-section-end\"><\/span><\/h2>\n\n\n\n<p class=\"wp-block-paragraph\">Min\u00e9l r\u00f6videbb az antennak\u00e1bel, ann\u00e1l kisebbek a vesztes\u00e9gek. Nem seg\u00edt, ha egy hossz\u00fa k\u00e1bel kompenz\u00e1lja az antenna er\u0151s\u00edt\u00e9s\u00e9t.<\/p>\n\n\n\n<p class=\"wp-block-paragraph\">A dugaszolhat\u00f3 vagy csavaros csatlakoz\u00e1sokat mindig er\u0151sen meg kell h\u00fazni, hogy a HF-csatlakoz\u00e1sok j\u00f3l \u00e9rintkezzenek.<\/p>\n\n\n\n<p class=\"wp-block-paragraph\">Az antennak\u00e1beleket nem szabad az ablak \u00e9s az ablakkeret k\u00f6z\u00e9 gy\u0171rni vagy ak\u00e1r becs\u00edpni, mivel ez kedvez\u0151tlen\u00fcl befoly\u00e1solja a k\u00e1bel HF tulajdons\u00e1gait.<\/p>\n\n\n\n<p class=\"wp-block-paragraph\">Az al\u00e1bbiakban k\u00e9t, ehhez a mobil routerhez tervezett vagy k\u00fcl\u00f6n\u00f6sen alkalmas antenn\u00e1t mutatunk be:<\/p>\n\n\n\n<h3 class=\"wp-block-heading\"><span class=\"ez-toc-section\" id=\"Poynting_XPOL-2-5G\"><\/span>Poynting XPOL-2-5G<span class=\"ez-toc-section-end\"><\/span><\/h3>\n\n\n\n<ul class=\"wp-block-list\">\n<li>Helyhez k\u00f6t\u00f6tt alkalmaz\u00e1s<\/li>\n\n\n\n<li>5G MIMO antenna (minden ir\u00e1ny\u00fa, oszlopra szerelt)<\/li>\n\n\n\n<li>Er\u0151s\u00edt\u00e9s 3 dBi (v\u00edzszintes), 5 dBi (f\u00fcgg\u0151leges)<\/li>\n\n\n\n<li>698 - 3,800 MHz<\/li>\n\n\n\n<li>SMA csatlakoz\u00e1s<\/li>\n\n\n\n<li>M\u00e9retek 287 x 262 x 151 mm (tart\u00f3val egy\u00fctt)<\/li>\n\n\n\n<li>T\u00f6meg 1,860 g<\/li>\n\n\n\n<li><a href=\"https:\/\/poynting.tech\/de\/antennas\/xpol-2-5g\/\" target=\"_blank\" rel=\"noreferrer noopener\">Link<\/a><\/li>\n<\/ul>\n\n\n\n<h3 class=\"wp-block-heading\"><span class=\"ez-toc-section\" id=\"Netgear_6000451-10000S\"><\/span>Netgear 6000451-10000S<span class=\"ez-toc-section-end\"><\/span><\/h3>\n\n\n\n<ul class=\"wp-block-list\">\n<li>Mobil alkalmaz\u00e1s (omnidirekcion\u00e1lis MIMO)<\/li>\n\n\n\n<li>Er\u0151s\u00edt\u00e9s 2,5 dBi<\/li>\n\n\n\n<li>1710 - 5,925 MHz<\/li>\n\n\n\n<li>TS-9 csatlakoz\u00e1s<\/li>\n\n\n\n<li>M\u00e9retek 160 x 120 x 5,5 mm<\/li>\n\n\n\n<li>S\u00faly 200 g<\/li>\n\n\n\n<li><a href=\"https:\/\/gfx3.senetic.com\/akeneo-catalog\/2\/3\/d\/8\/23d86eca521cc6801e365710a41c105d9d4c8015_1676884_6000451_10000S_icecat_multimedia_leaflet_1_en_GB.pdf\" target=\"_blank\" rel=\"noreferrer noopener\">Link<\/a><\/li>\n<\/ul>\n\n\n\n<h2 class=\"wp-block-heading\"><span class=\"ez-toc-section\" id=\"Fazit\"><\/span>K\u00f6vetkeztet\u00e9s<span class=\"ez-toc-section-end\"><\/span><\/h2>\n\n\n\n<p class=\"wp-block-paragraph\">A TP-Link M8550 a Netgear k\u00fcls\u0151 antenn\u00e1j\u00e1val egy\u00fctt ide\u00e1lis az elej\u00e9n eml\u00edtett felhaszn\u00e1l\u00e1si esethez, az \u00f6sszes komponens kompakt, k\u00f6nny\u0171, adapter n\u00e9lk\u00fcl csatlakoztathat\u00f3 \u00e9s rendk\u00edv\u00fcl er\u0151s.<\/p>","protected":false},"excerpt":{"rendered":"<p><span class=\"span-reading-time rt-reading-time\" style=\"display: block;\"><span class=\"rt-label rt-prefix\">Olvas\u00e1si id\u0151<\/span> <span class=\"rt-time\"> 4<\/span> <span class=\"rt-label rt-postfix\">percek<\/span><\/span>Ein schlechtes WLAN im Hotel, was tun? diese Frage stellt sich weniger dem Urlauber, als vielmehr demjenigen, der \u00f6fter gesch\u00e4ftlich unterwegs ist und in Hotels auf deren WLAN-Angebot angewiesen ist. Warum ist das WLAN in Hotels oft wenig leistungsf\u00e4hig? Ob das 5-Sterne Ressort oder die schlichte Unterkunft, allen gemeinsam ist i.d.R., dass sie \u00fcber eine&hellip;&nbsp;<a href=\"https:\/\/csiag.eu\/hu\/blog\/2025\/10\/16\/schlechtes-wlan-im-hotel-was-tun\/\" rel=\"bookmark\">Olvass tov\u00e1bb \"<span class=\"screen-reader-text\">Rossz WLAN a sz\u00e1llod\u00e1ban - mi a teend\u0151?<\/span><\/a><\/p>","protected":false},"author":1,"featured_media":0,"comment_status":"open","ping_status":"open","sticky":false,"template":"","format":"standard","meta":{"_lmt_disableupdate":"","_lmt_disable":"","neve_meta_sidebar":"","neve_meta_container":"","neve_meta_enable_content_width":"","neve_meta_content_width":0,"neve_meta_title_alignment":"","neve_meta_author_avatar":"","neve_post_elements_order":"","neve_meta_disable_header":"","neve_meta_disable_footer":"","neve_meta_disable_title":"","footnotes":""},"categories":[1],"tags":[],"class_list":["post-11469","post","type-post","status-publish","format-standard","hentry","category-uncategorized"],"modified_by":"Achim Goerner","_links":{"self":[{"href":"https:\/\/csiag.eu\/hu\/wp-json\/wp\/v2\/posts\/11469","targetHints":{"allow":["GET"]}}],"collection":[{"href":"https:\/\/csiag.eu\/hu\/wp-json\/wp\/v2\/posts"}],"about":[{"href":"https:\/\/csiag.eu\/hu\/wp-json\/wp\/v2\/types\/post"}],"author":[{"embeddable":true,"href":"https:\/\/csiag.eu\/hu\/wp-json\/wp\/v2\/users\/1"}],"replies":[{"embeddable":true,"href":"https:\/\/csiag.eu\/hu\/wp-json\/wp\/v2\/comments?post=11469"}],"version-history":[{"count":0,"href":"https:\/\/csiag.eu\/hu\/wp-json\/wp\/v2\/posts\/11469\/revisions"}],"wp:attachment":[{"href":"https:\/\/csiag.eu\/hu\/wp-json\/wp\/v2\/media?parent=11469"}],"wp:term":[{"taxonomy":"category","embeddable":true,"href":"https:\/\/csiag.eu\/hu\/wp-json\/wp\/v2\/categories?post=11469"},{"taxonomy":"post_tag","embeddable":true,"href":"https:\/\/csiag.eu\/hu\/wp-json\/wp\/v2\/tags?post=11469"}],"curies":[{"name":"wp","href":"https:\/\/api.w.org\/{rel}","templated":true}]}}