{"id":12796,"date":"2026-02-22T12:46:20","date_gmt":"2026-02-22T12:46:20","guid":{"rendered":"https:\/\/csiag.eu\/?p=12796"},"modified":"2026-03-13T11:56:05","modified_gmt":"2026-03-13T11:56:05","slug":"kanyaro-elleni-vedekezesi-toerveny","status":"publish","type":"post","link":"https:\/\/csiag.eu\/hu\/blog\/2026\/02\/22\/masernschutzgesetz\/","title":{"rendered":"Kanyar\u00f3 \u201cv\u00e9delmi\u201c t\u00f6rv\u00e9ny?"},"content":{"rendered":"<div id=\"ez-toc-container\" class=\"ez-toc-v2_0_86 counter-hierarchy ez-toc-counter ez-toc-grey ez-toc-container-direction\">\n<div class=\"ez-toc-title-container\">\n<p class=\"ez-toc-title\" style=\"cursor:inherit\">Tartalomjegyz\u00e9k<\/p>\n<span class=\"ez-toc-title-toggle\"><\/span><\/div>\n<nav><ul class='ez-toc-list ez-toc-list-level-1' ><li class='ez-toc-page-1 ez-toc-heading-level-2'><a class=\"ez-toc-link ez-toc-heading-1\" href=\"https:\/\/csiag.eu\/hu\/blog\/2026\/02\/22\/masernschutzgesetz\/#Was_sind_Masern_%E2%80%93_Spezifische_Evasionsmechanismen\" >Mi a kanyar\u00f3? - Speci\u00e1lis kit\u00e9r\u00e9si mechanizmusok<\/a><ul class='ez-toc-list-level-3' ><li class='ez-toc-heading-level-3'><a class=\"ez-toc-link ez-toc-heading-2\" href=\"https:\/\/csiag.eu\/hu\/blog\/2026\/02\/22\/masernschutzgesetz\/#Defizitare_Interferon-Antwort_und_NF-%CE%BAB-Dependenz\" >Hi\u00e1nyos interferonv\u00e1lasz \u00e9s NF-\u03baB-f\u00fcgg\u0151s\u00e9g<\/a><\/li><li class='ez-toc-page-1 ez-toc-heading-level-3'><a class=\"ez-toc-link ez-toc-heading-3\" href=\"https:\/\/csiag.eu\/hu\/blog\/2026\/02\/22\/masernschutzgesetz\/#Dendritische_Zellen_als_primare_Zielzellen_und_Suppression_durch_MeV\" >Dendritikus sejtek mint els\u0151dleges c\u00e9lsejtek \u00e9s a MeV \u00e1ltali szuppresszi\u00f3<\/a><\/li><li class='ez-toc-page-1 ez-toc-heading-level-3'><a class=\"ez-toc-link ez-toc-heading-4\" href=\"https:\/\/csiag.eu\/hu\/blog\/2026\/02\/22\/masernschutzgesetz\/#Die_MDA5V-Protein-Interferon-Suppression\" >MDA5\/V feh\u00e9rje interferon szuppresszi\u00f3ja<\/a><\/li><li class='ez-toc-page-1 ez-toc-heading-level-3'><a class=\"ez-toc-link ez-toc-heading-5\" href=\"https:\/\/csiag.eu\/hu\/blog\/2026\/02\/22\/masernschutzgesetz\/#IL-12-Suppression_und_Th2-Verschiebung\" >IL-12 szuppresszi\u00f3 \u00e9s Th2 eltol\u00f3d\u00e1s<\/a><\/li><\/ul><\/li><li class='ez-toc-page-1 ez-toc-heading-level-2'><a class=\"ez-toc-link ez-toc-heading-6\" href=\"https:\/\/csiag.eu\/hu\/blog\/2026\/02\/22\/masernschutzgesetz\/#Gibt_es_pflanzliche_Wirkstoffe_gegen_Masern\" >Vannak n\u00f6v\u00e9nyi hat\u00f3anyagok kanyar\u00f3 ellen?<\/a><ul class='ez-toc-list-level-3' ><li class='ez-toc-heading-level-3'><a class=\"ez-toc-link ez-toc-heading-7\" href=\"https:\/\/csiag.eu\/hu\/blog\/2026\/02\/22\/masernschutzgesetz\/#Was_Huaier_theoretisch_bewirken_kann\" >Amit Huaier elm\u00e9letileg el\u00e9rhet<\/a><\/li><li class='ez-toc-page-1 ez-toc-heading-level-3'><a class=\"ez-toc-link ez-toc-heading-8\" href=\"https:\/\/csiag.eu\/hu\/blog\/2026\/02\/22\/masernschutzgesetz\/#Wie_ist_der_Ablauf_einer_Masern-Infektion_und_was_bewirken_die_Huaier-Wirkstoffe\" >Hogyan zajlik a kanyar\u00f3fert\u0151z\u00e9s, \u00e9s mit tesznek a Huaier hat\u00f3anyagok?<\/a><\/li><\/ul><\/li><li class='ez-toc-page-1 ez-toc-heading-level-2'><a class=\"ez-toc-link ez-toc-heading-9\" href=\"https:\/\/csiag.eu\/hu\/blog\/2026\/02\/22\/masernschutzgesetz\/#Informationsschreiben_zur_Masern-Impfpflicht_des_MWGFD_eV\" >Az MWGFD e.V. t\u00e1j\u00e9koztat\u00f3 levele a k\u00f6telez\u0151 kanyar\u00f3 elleni v\u00e9d\u0151olt\u00e1sr\u00f3l.<\/a><ul class='ez-toc-list-level-3' ><li class='ez-toc-heading-level-3'><a class=\"ez-toc-link ez-toc-heading-10\" href=\"https:\/\/csiag.eu\/hu\/blog\/2026\/02\/22\/masernschutzgesetz\/#%E2%80%A6_beschneidet_die_Rechte_der_Kinder_und_ihrer_Eltern\" >... korl\u00e1tozza a gyermekek \u00e9s sz\u00fcleik jogait.<\/a><\/li><li class='ez-toc-page-1 ez-toc-heading-level-3'><a class=\"ez-toc-link ez-toc-heading-11\" href=\"https:\/\/csiag.eu\/hu\/blog\/2026\/02\/22\/masernschutzgesetz\/#%E2%80%A6_wie_sie_sich_aus_dem_Masernschutzgesetz_faktisch_ergibt_ist_rechtlich_umstritten\" >... mivel de facto a kanyar\u00f3 elleni v\u00e9dekez\u00e9sr\u0151l sz\u00f3l\u00f3 t\u00f6rv\u00e9nyb\u0151l k\u00f6vetkezik, jogilag vitatott.<\/a><\/li><li class='ez-toc-page-1 ez-toc-heading-level-3'><a class=\"ez-toc-link ez-toc-heading-12\" href=\"https:\/\/csiag.eu\/hu\/blog\/2026\/02\/22\/masernschutzgesetz\/#%E2%80%A6_ist_medizinisch_sinnlos\" >... orvosilag \u00e9rtelmetlen<\/a><\/li><\/ul><\/li><li class='ez-toc-page-1 ez-toc-heading-level-2'><a class=\"ez-toc-link ez-toc-heading-13\" href=\"https:\/\/csiag.eu\/hu\/blog\/2026\/02\/22\/masernschutzgesetz\/#Rechtsgutachten_%E2%80%93_Ist_die_Impfpflicht_nach_dem_geplanten_Masernschutzgesetz_verfassungswidrig\" >Jogi v\u00e9lem\u00e9ny - Alkotm\u00e1nyellenes-e a (tervezett) kanyar\u00f3v\u00e9delmi t\u00f6rv\u00e9ny szerinti k\u00f6telez\u0151 v\u00e9d\u0151olt\u00e1s?<\/a><ul class='ez-toc-list-level-3' ><li class='ez-toc-heading-level-3'><a class=\"ez-toc-link ez-toc-heading-14\" href=\"https:\/\/csiag.eu\/hu\/blog\/2026\/02\/22\/masernschutzgesetz\/#Betroffene_Grundrechte\" >\u00c9rintett alapvet\u0151 jogok<\/a><\/li><li class='ez-toc-page-1 ez-toc-heading-level-3'><a class=\"ez-toc-link ez-toc-heading-15\" href=\"https:\/\/csiag.eu\/hu\/blog\/2026\/02\/22\/masernschutzgesetz\/#Regelungsmechanismus_und_Zwangsstruktur\" >Szab\u00e1lyoz\u00e1si mechanizmus \u00e9s k\u00e9nyszer\u00edt\u0151 strukt\u00fara<\/a><\/li><li class='ez-toc-page-1 ez-toc-heading-level-3'><a class=\"ez-toc-link ez-toc-heading-16\" href=\"https:\/\/csiag.eu\/hu\/blog\/2026\/02\/22\/masernschutzgesetz\/#Kritik_an_der_Verhaltnismasigkeit\" >Az ar\u00e1nyoss\u00e1g kritik\u00e1ja<\/a><\/li><li class='ez-toc-page-1 ez-toc-heading-level-3'><a class=\"ez-toc-link ez-toc-heading-17\" href=\"https:\/\/csiag.eu\/hu\/blog\/2026\/02\/22\/masernschutzgesetz\/#Rechtsstaatliche_und_demokratische_Mangel\" >Jog\u00e1llamis\u00e1g \u00e9s demokratikus hi\u00e1nyoss\u00e1gok<\/a><\/li><li class='ez-toc-page-1 ez-toc-heading-level-3'><a class=\"ez-toc-link ez-toc-heading-18\" href=\"https:\/\/csiag.eu\/hu\/blog\/2026\/02\/22\/masernschutzgesetz\/#Das_Kombinationsimpfstoff-Problem\" >A kombin\u00e1lt vakcina probl\u00e9m\u00e1ja<\/a><\/li><li class='ez-toc-page-1 ez-toc-heading-level-3'><a class=\"ez-toc-link ez-toc-heading-19\" href=\"https:\/\/csiag.eu\/hu\/blog\/2026\/02\/22\/masernschutzgesetz\/#Fazit\" >K\u00f6vetkeztet\u00e9s<\/a><\/li><\/ul><\/li><li class='ez-toc-page-1 ez-toc-heading-level-2'><a class=\"ez-toc-link ez-toc-heading-20\" href=\"https:\/\/csiag.eu\/hu\/blog\/2026\/02\/22\/masernschutzgesetz\/#Entwicklungen_seit_2019\" >Fejlem\u00e9nyek 2019 \u00f3ta<\/a><ul class='ez-toc-list-level-3' ><li class='ez-toc-heading-level-3'><a class=\"ez-toc-link ez-toc-heading-21\" href=\"https:\/\/csiag.eu\/hu\/blog\/2026\/02\/22\/masernschutzgesetz\/#Bundesverfassungsgericht_2022\" >Sz\u00f6vets\u00e9gi Alkotm\u00e1nyb\u00edr\u00f3s\u00e1g (2022)<\/a><\/li><li class='ez-toc-page-1 ez-toc-heading-level-3'><a class=\"ez-toc-link ez-toc-heading-22\" href=\"https:\/\/csiag.eu\/hu\/blog\/2026\/02\/22\/masernschutzgesetz\/#Das_Kombinationsimpfstoff-Problem_wurde_Realitat\" >A kombin\u00e1lt vakcin\u00e1k probl\u00e9m\u00e1ja val\u00f3s\u00e1gg\u00e1 v\u00e1lt<\/a><\/li><li class='ez-toc-page-1 ez-toc-heading-level-3'><a class=\"ez-toc-link ez-toc-heading-23\" href=\"https:\/\/csiag.eu\/hu\/blog\/2026\/02\/22\/masernschutzgesetz\/#RKI-Bilanz_nach_5_Jahren_2025\" >Az RKI m\u00e9rlege 5 \u00e9v m\u00falva (2025)<\/a><\/li><li class='ez-toc-page-1 ez-toc-heading-level-3'><a class=\"ez-toc-link ez-toc-heading-24\" href=\"https:\/\/csiag.eu\/hu\/blog\/2026\/02\/22\/masernschutzgesetz\/#Kritische_Nebeneffekte\" >Kritikus mell\u00e9khat\u00e1sok<\/a><\/li><li class='ez-toc-page-1 ez-toc-heading-level-3'><a class=\"ez-toc-link ez-toc-heading-25\" href=\"https:\/\/csiag.eu\/hu\/blog\/2026\/02\/22\/masernschutzgesetz\/#Ausgeloster_Status\" >Kioldott \u00e1llapot<\/a><\/li><li class='ez-toc-page-1 ez-toc-heading-level-3'><a class=\"ez-toc-link ez-toc-heading-26\" href=\"https:\/\/csiag.eu\/hu\/blog\/2026\/02\/22\/masernschutzgesetz\/#Fazit-2\" >K\u00f6vetkeztet\u00e9s<\/a><\/li><\/ul><\/li><\/ul><\/nav><\/div>\n<span class=\"span-reading-time rt-reading-time\" style=\"display: block;\"><span class=\"rt-label rt-prefix\">Olvas\u00e1si id\u0151<\/span> <span class=\"rt-time\"> 21<\/span> <span class=\"rt-label rt-postfix\">percek<\/span><\/span>\n<p class=\"wp-block-paragraph\">Miel\u0151tt eljutn\u00e1nk a <a href=\"https:\/\/www.bundesgesundheitsministerium.de\/fileadmin\/Dateien\/3_Downloads\/Gesetze_und_Verordnungen\/GuV\/M\/Masernschutzgesetz_Kabinett.pdf\" target=\"_blank\" rel=\"noreferrer noopener\">Kanyar\u00f3 elleni v\u00e9dekez\u00e9sr\u0151l sz\u00f3l\u00f3 t\u00f6rv\u00e9ny<\/a> Ebben a cikkben el\u0151sz\u00f6r a kanyar\u00f3v\u00edrus immunol\u00f3gi\u00e1j\u00e1nak tudom\u00e1nyos magyar\u00e1zat\u00e1t szeretn\u00e9nk adni a fert\u0151z\u00e9sv\u00e9delmi t\u00f6rv\u00e9ny (IfSG) keretein bel\u00fcl.<\/p>\n\n\n\n<h2 class=\"wp-block-heading\"><span class=\"ez-toc-section\" id=\"Was_sind_Masern_%E2%80%93_Spezifische_Evasionsmechanismen\"><\/span>Mi a kanyar\u00f3? - Speci\u00e1lis kit\u00e9r\u00e9si mechanizmusok<span class=\"ez-toc-section-end\"><\/span><\/h2>\n\n\n\n<h3 class=\"wp-block-heading\"><span class=\"ez-toc-section\" id=\"Defizitare_Interferon-Antwort_und_NF-%CE%BAB-Dependenz\"><\/span>Hi\u00e1nyos interferonv\u00e1lasz \u00e9s NF-\u03baB-f\u00fcgg\u0151s\u00e9g<span class=\"ez-toc-section-end\"><\/span><\/h3>\n\n\n\n<p class=\"wp-block-paragraph\">A kanyar\u00f3 k\u00f6zponti immunol\u00f3giai hib\u00e1ja alapvet\u0151en k\u00fcl\u00f6nb\u00f6zik a klasszikus v\u00edrusos immunv\u00e1laszt\u00f3l:<\/p>\n\n\n\n<p class=\"wp-block-paragraph\">A kanyar\u00f3v\u00edrus-fert\u0151z\u00e9s nem induk\u00e1l 1-es t\u00edpus\u00fa interferonokat, de az NF-\u03baB jel\u00e1tvitelhez \u00e9s az NLRP3 inflammasz\u00f3ma aktiv\u00e1l\u00e1s\u00e1hoz kapcsol\u00f3d\u00f3 citokinek \u00e9s kemokinek termel\u0151d\u00e9s\u00e9hez vezet, amint azt t\u00f6bbek k\u00f6z\u00f6tt ez a cikk is mutatja. <a href=\"https:\/\/www.explorationpub.com\/Journals\/ei\/Article\/1003167\" target=\"_blank\" rel=\"noreferrer noopener\">A kanyar\u00f3v\u00edrus meg\u00e9rt\u00e9se: az izol\u00e1l\u00e1st\u00f3l az immunol\u00f3giai sejtmechanizmusokig \u00e9s az immuniz\u00e1ci\u00f3ig 1954-2024<\/a> kider\u00fcl.<\/p>\n\n\n\n<p class=\"wp-block-paragraph\">Ez a korl\u00e1tozott v\u00e1lasz lehet\u0151v\u00e9 teszi a v\u00edrus kiterjedt szaporod\u00e1s\u00e1t \u00e9s terjed\u00e9s\u00e9t a klinikailag csendes, 10-14 napos l\u00e1tens f\u00e1zisban.<\/p>\n\n\n\n<h3 class=\"wp-block-heading\"><span class=\"ez-toc-section\" id=\"Dendritische_Zellen_als_primare_Zielzellen_und_Suppression_durch_MeV\"><\/span>Dendritikus sejtek mint els\u0151dleges c\u00e9lsejtek \u00e9s a MeV \u00e1ltali szuppresszi\u00f3<span class=\"ez-toc-section-end\"><\/span><\/h3>\n\n\n\n<p class=\"wp-block-paragraph\">A MeV-fert\u0151z\u00e9s a l\u00e9g\u00fati ny\u00e1lkah\u00e1rty\u00e1n kezd\u0151dik, ahol az \u00e9retlen t\u00fcd\u0151 dendritikus sejtek (DC) \u00e9s\/vagy alveol\u00e1ris makrof\u00e1gok MeV-r\u00e9szecsk\u00e9ket vesznek fel vagy fert\u0151z\u0151dnek meg, majd a nyirokcsom\u00f3kba v\u00e1ndorolnak, ahol el\u0151seg\u00edtik a v\u00edrus terjed\u00e9s\u00e9t. A teljes sz\u00f6vegben ingyenesen el\u00e9rhet\u0151 tanulm\u00e1ny a k\u00f6vetkez\u0151 <a href=\"https:\/\/pmc.ncbi.nlm.nih.gov\/articles\/PMC7994291\/\" target=\"_blank\" rel=\"noreferrer noopener\">Kanyar\u00f3 immunit\u00e1s \u00e9s immunszuppresszi\u00f3<\/a>.<\/p>\n\n\n\n<p class=\"wp-block-paragraph\">A v\u00edrusos kit\u00e9r\u00e9si arzen\u00e1l kifejezetten a DC m\u0171k\u00f6d\u00e9se ellen ir\u00e1nyul: A H glikoprotein k\u00f6t\u0151d\u00e9se a dendritikus sejtek felsz\u00edn\u00e9n l\u00e9v\u0151 CD150-hez az IL-12 citokin termel\u00e9s\u00e9nek g\u00e1tl\u00e1s\u00e1t id\u00e9zi el\u0151, amely sz\u00fcks\u00e9ges a T-sejtek \u00e9r\u00e9s\u00e9hez \u00e9s prolifer\u00e1ci\u00f3j\u00e1hoz, valamint a DC antig\u00e9n prezent\u00e1ci\u00f3j\u00e1hoz a T-sejteken.<\/p>\n\n\n\n<h3 class=\"wp-block-heading\"><span class=\"ez-toc-section\" id=\"Die_MDA5V-Protein-Interferon-Suppression\"><\/span>MDA5\/V feh\u00e9rje interferon szuppresszi\u00f3ja<span class=\"ez-toc-section-end\"><\/span><\/h3>\n\n\n\n<p class=\"wp-block-paragraph\">A kanyar\u00f3 V feh\u00e9rje a PP1 foszfat\u00e1zt veszi c\u00e9lba, \u00e9s a C-termin\u00e1lis v\u00e9g\u00e9n l\u00e9v\u0151 PP1-k\u00f6t\u0151 mot\u00edvumon kereszt\u00fcl elz\u00e1rja azt, megakad\u00e1lyozva, hogy az MDA5 immunszenzor a citokinindukci\u00f3n kereszt\u00fcl teljes\u00edtse riaszt\u00e1si feladat\u00e1t. A sajnos csak absztraktk\u00e9nt ingyenesen el\u00e9rhet\u0151 tanulm\u00e1ny a k\u00f6vetkez\u0151 <a href=\"https:\/\/link.springer.com\/chapter\/10.1007\/978-3-540-70617-5_13\" target=\"_blank\" rel=\"noreferrer noopener\">A kanyar\u00f3v\u00edrus ellens\u00e9ges kommunik\u00e1ci\u00f3ja a gazdaszervezet velesz\u00fcletett immunit\u00e1s\u00e1val \u00e9s dendritikus sejtjeivel<\/a>.<\/p>\n\n\n\n<p class=\"wp-block-paragraph\">A MeV g\u00e9nterm\u00e9kek az IFN indukci\u00f3 \u00e9s az IFN jel\u00e1tviteli kaszk\u00e1d szinte minden egyes l\u00e9p\u00e9s\u00e9t c\u00e9lba veszik, \u00e9s csak nyolc v\u00edrusfeh\u00e9rje alkotja az ellenint\u00e9zked\u00e9sek olyan arzen\u00e1lj\u00e1t, amely nagym\u00e9rt\u00e9kben cs\u00f6kkenti az interferon kaszk\u00e1dot, amint azt ez a tanulm\u00e1ny is mutatja <a href=\"https:\/\/www.sciencedirect.com\/science\/article\/abs\/pii\/S1879625720300109\" target=\"_blank\" rel=\"noreferrer noopener\">Keresni \u00e9s b\u00fajni: a kanyar\u00f3v\u00edrus \u00e9s a velesz\u00fcletett immunrendszer manipulat\u00edv k\u00f6lcs\u00f6nhat\u00e1sa <\/a>- sajnos csak teljes sz\u00f6vegben, t\u00e9r\u00edt\u00e9s ellen\u00e9ben \u00e9rhet\u0151 el - egy\u00e9rtelm\u0171en bizony\u00edtva.<\/p>\n\n\n\n<h3 class=\"wp-block-heading\"><span class=\"ez-toc-section\" id=\"IL-12-Suppression_und_Th2-Verschiebung\"><\/span>IL-12 szuppresszi\u00f3 \u00e9s Th2 eltol\u00f3d\u00e1s<span class=\"ez-toc-section-end\"><\/span><\/h3>\n\n\n\n<p class=\"wp-block-paragraph\">Az IL-12 szekr\u00e9ci\u00f3 \u00e1ltal\u00e1nos g\u00e1tl\u00e1sa megsz\u00fcnteti a Th1 sejtpopul\u00e1ci\u00f3 indukci\u00f3j\u00e1t, \u00e9s el\u0151seg\u00edti a gyullad\u00e1scs\u00f6kkent\u0151 tulajdons\u00e1gokkal rendelkez\u0151 Th2 sejtek \u00e9r\u00e9s\u00e9t. Ez az immunszuppresszi\u00f3 kritikus mechanizmusa.<\/p>\n\n\n\n<h2 class=\"wp-block-heading\"><span class=\"ez-toc-section\" id=\"Gibt_es_pflanzliche_Wirkstoffe_gegen_Masern\"><\/span>Vannak n\u00f6v\u00e9nyi hat\u00f3anyagok kanyar\u00f3 ellen?<span class=\"ez-toc-section-end\"><\/span><\/h2>\n\n\n\n<p class=\"wp-block-paragraph\"><strong>Nem, a n\u00f6v\u00e9nyi anyagok nem tudj\u00e1k ugyan\u00fagy blokkolni ezt a mechanizmust, mint a szintetikus peptidek vagy antitestek.<\/strong><\/p>\n\n\n\n<p class=\"wp-block-paragraph\">Ha lenne olyan szer, amely a MeV g\u00e1tl\u00e1sa ellen\u00e9re is k\u00e9pes fenntartani a p38 foszforil\u00e1ci\u00f3t, p\u00e9ld\u00e1ul olyan upstream kin\u00e1zok aktiv\u00e1l\u00e1s\u00e1val, mint a TAK1, akkor az IL-12 termel\u00e9s r\u00e9szben helyre\u00e1llhatna. Ezt az \u00e1genst dendritikus sejtekben kellene el\u0151\u00e1ll\u00edtani.<\/p>\n\n\n\n<ul class=\"wp-block-list\">\n<li>p38 Aktiv\u00e1lja a MAPK-t (nem deaktiv\u00e1lja)<\/li>\n\n\n\n<li>A TAK1 specifikusan stimul\u00e1lja a TAK1-et<\/li>\n<\/ul>\n\n\n\n<p class=\"wp-block-paragraph\"><strong>\u00c9s egy ilyen hat\u00f3anyag nem ismert.<\/strong><\/p>\n\n\n\n<p class=\"wp-block-paragraph\">A kanyar\u00f3s immunszupresszi\u00f3 nem csak egy \u00e1ltal\u00e1nos gyullad\u00e1sos hiba, hanem egy <strong>Rendk\u00edv\u00fcl specifikus v\u00edrus elt\u00e9r\u00edt\u00e9si strat\u00e9gia<\/strong>, amely ellen neh\u00e9z, ha nem lehetetlen, egyetemes n\u00f6v\u00e9nyi szerekkel k\u00fczdeni.<\/p>\n\n\n\n<p class=\"wp-block-paragraph\">A v\u00edrusos kit\u00e9r\u00e9si arzen\u00e1l kifejezetten a DC m\u0171k\u00f6d\u00e9se ellen ir\u00e1nyul: A H glikoprotein k\u00f6t\u0151d\u00e9se a dendritikus sejtek felsz\u00edn\u00e9n l\u00e9v\u0151 CD150-hez az IL-12 citokin termel\u00e9s\u00e9nek g\u00e1tl\u00e1s\u00e1t id\u00e9zi el\u0151, amely sz\u00fcks\u00e9ges a T-sejtek \u00e9r\u00e9s\u00e9hez \u00e9s prolifer\u00e1ci\u00f3j\u00e1hoz, valamint a DC antig\u00e9n prezent\u00e1ci\u00f3j\u00e1hoz a T-sejteken.<\/p>\n\n\n\n<p class=\"wp-block-paragraph\">\u00c9s ez a mechanizmus jelenleg csak<\/p>\n\n\n\n<ul class=\"wp-block-list\">\n<li><strong>SLAM elleni monoklon\u00e1lis antitestek<\/strong> <\/li>\n\n\n\n<li><strong>MeV-HSzintetikus peptidek<\/strong> (mint SGFDPLITHA) <\/li>\n\n\n\n<li><strong>V\u00edrus-semleges\u00edt\u0151 antitestek<\/strong> (mint a kanyar\u00f3 elleni vakcina eset\u00e9ben)<\/li>\n<\/ul>\n\n\n\n<p class=\"wp-block-paragraph\">blokkolni kell.<\/p>\n\n\n\n<h3 class=\"wp-block-heading\"><span class=\"ez-toc-section\" id=\"Was_Huaier_theoretisch_bewirken_kann\"><\/span>Amit Huaier elm\u00e9letileg el\u00e9rhet<span class=\"ez-toc-section-end\"><\/span><\/h3>\n\n\n\n<p class=\"wp-block-paragraph\">Ha Huaier kik\u00e9pzett immunit\u00e1st v\u00e1lt ki, akkor elm\u00e9letileg<\/p>\n\n\n\n<ul class=\"wp-block-list\">\n<li>er\u0151s\u00edti a kezdeti velesz\u00fcletett immunv\u00e1laszt a l\u00e9g\u00fati ny\u00e1lkah\u00e1rty\u00e1n<\/li>\n\n\n\n<li>cs\u00f6kkenti a v\u00edrusszaporod\u00e1st az els\u0151 1-2 napban<\/li>\n\n\n\n<li>cs\u00f6kkenti a v\u00edrus mennyis\u00e9g\u00e9t, miel\u0151tt a v\u00edrus el\u00e9rn\u00e9 a nyirokcsom\u00f3kat<\/li>\n<\/ul>\n\n\n\n<p class=\"wp-block-paragraph\">de <strong>nem<\/strong><\/p>\n\n\n\n<ul class=\"wp-block-list\">\n<li>megakad\u00e1lyozza az IL-12 elnyom\u00e1s\u00e1t a dendritikus sejtekben a MeV-H feh\u00e9rje \u00e1ltal<\/li>\n\n\n\n<li>megakad\u00e1lyozza a SLAM le-szab\u00e1lyoz\u00e1s\u00e1t<\/li>\n\n\n\n<li>A Th1\u2192Th2 eltol\u00f3d\u00e1s visszaford\u00edt\u00e1sa<\/li>\n<\/ul>\n\n\n\n<h3 class=\"wp-block-heading\"><span class=\"ez-toc-section\" id=\"Wie_ist_der_Ablauf_einer_Masern-Infektion_und_was_bewirken_die_Huaier-Wirkstoffe\"><\/span>Hogyan zajlik a kanyar\u00f3fert\u0151z\u00e9s, \u00e9s mit tesznek a Huaier hat\u00f3anyagok?<span class=\"ez-toc-section-end\"><\/span><\/h3>\n\n\n\n<p class=\"wp-block-paragraph\">Huaier els\u0151sorban a k\u00f6vetkez\u0151 ter\u00fcleteken dolgozik <strong>1-3. f\u00e1zis<\/strong>, a korai immunaktiv\u00e1ci\u00f3 \u00e9s a v\u00edrusellenes citokinv\u00e1lasz fokoz\u00e1sa \u00e9rdek\u00e9ben. <\/p>\n\n\n\n<ul class=\"wp-block-list\">\n<li><strong>PRR aktiv\u00e1l\u00e1s (1. f\u00e1zis)<\/strong><br>korai felismer\u00e9s, pl. TLR-ek, RIG-I, MDA5<\/li>\n\n\n\n<li><strong>Kin\u00e1z aktiv\u00e1ci\u00f3 \u00e9s NF-\u03baB \/ MAPK \/ PI3K-AKT (2. f\u00e1zis)<\/strong><br>Jeler\u0151s\u00edt\u00e9s, gyullad\u00e1sos v\u00e1lasz, sejtek t\u00fal\u00e9l\u00e9se<\/li>\n\n\n\n<li><strong>Transzkripci\u00f3s programok \u00e9s citokinek (3. f\u00e1zis)<\/strong><br>IFN-\u03b1\/\u03b2-termel\u00e9s, TNF-\u03b1, IL-6, IL-1\u03b2<\/li>\n\n\n\n<li><strong>P\u00e1rhuzamos jel\u00fatvonalak<\/strong><br>MAPK kaszk\u00e1d (RAS \u2192 RAF \u2192 MEK \u2192 ERK \u2192 AP-1)<br>PI3K \u2192 AKT \u2192 mTOR \u2192 anyagcsere\/sejt-t\u00fal\u00e9l\u00e9s<\/li>\n<\/ul>\n\n\n\n<p class=\"wp-block-paragraph\"><strong>4. \u00e9s 5. f\u00e1zis<\/strong> (interferon jel\u00e1tvitel, v\u00edrusellenes hat\u00e1s f\u00e1zisa) k\u00f6zvetve t\u00e1mogatj\u00e1k, val\u00f3sz\u00edn\u0171leg az ISG transzkripci\u00f3 fokoz\u00e1s\u00e1val:<\/p>\n\n\n\n<ul class=\"wp-block-list\">\n<li><strong>T\u00f6bb IFN-\u03b1\/\u03b2 termel\u00e9s a 3. f\u00e1zisban<\/strong><br>- A Huaier n\u00f6veli az NF-\u03baB \u00e9s az IRF3 mennyis\u00e9g\u00e9t \u2192 t\u00f6bb IFN-\u03b1\/\u03b2 termel\u0151dik.<br>- Ez az IFN ezut\u00e1n a 4. f\u00e1zisban az IFNAR1\/2-re hat \u2192 er\u0151sebb JAK-STAT aktiv\u00e1ci\u00f3 \u2192 az ISGF3 komplex kialakul\u00e1sa.<\/li>\n<\/ul>\n\n\n\n<ul class=\"wp-block-list\">\n<li><strong>Jeler\u0151s\u00edt\u00e9s a PI3K-AKT-n kereszt\u00fcl<\/strong><br>- A Huaier aktiv\u00e1lja a PI3K-AKT-t a 2. f\u00e1zisban, amelyr\u0151l ismert, hogy n\u00f6veli a JAK-STAT szign\u00e1l \u00e9s a transzkripci\u00f3s faktorok hat\u00e9konys\u00e1g\u00e1t.<\/li>\n<\/ul>\n\n\n\n<ul class=\"wp-block-list\">\n<li><strong>Jobb sejtk\u00e9szs\u00e9g az \u00e1t\u00edr\u00e1sra<\/strong><br>- Az olyan p\u00e1rhuzamos folyamatok, mint a MAPK jel\u00e1tvitel \u00e9s az epigenetikai modul\u00e1ci\u00f3 (HAT-ok, HDAC-ok, DNMT-ek) kedvez\u0151bb\u00e9 tehetik a kromatin szerkezet\u00e9t az ISG-transzkripci\u00f3 sz\u00e1m\u00e1ra.<\/li>\n<\/ul>\n\n\n\n<p class=\"wp-block-paragraph\">Az al\u00e1bbi \u00e1bra a Huaier-poliszacharidok \u00e9s a kanyar\u00f3v\u00edrus 5 f\u00e1zis\u00e1t \u00e9s jel\u00e1tviteli \u00fatvonalait szeml\u00e9lteti a jobb meg\u00e9rt\u00e9s \u00e9rdek\u00e9ben:<\/p>\n\n\n\n<ol class=\"wp-block-list\"><\/ol>\n\n\n\n<figure class=\"wp-block-image size-large\"><img decoding=\"async\" width=\"1024\" height=\"683\" src=\"https:\/\/csiag.eu\/wp-content\/uploads\/2026\/02\/Masern_Huaier_V4-1024x683.png\" alt=\"\" class=\"wp-image-12870\" srcset=\"https:\/\/csiag.eu\/wp-content\/uploads\/2026\/02\/Masern_Huaier_V4-1024x683.png 1024w, https:\/\/csiag.eu\/wp-content\/uploads\/2026\/02\/Masern_Huaier_V4-300x200.png 300w, https:\/\/csiag.eu\/wp-content\/uploads\/2026\/02\/Masern_Huaier_V4-768x512.png 768w, https:\/\/csiag.eu\/wp-content\/uploads\/2026\/02\/Masern_Huaier_V4-18x12.png 18w, https:\/\/csiag.eu\/wp-content\/uploads\/2026\/02\/Masern_Huaier_V4-930x620.png 930w, https:\/\/csiag.eu\/wp-content\/uploads\/2026\/02\/Masern_Huaier_V4.png 1536w\" sizes=\"(max-width: 1024px) 100vw, 1024px\" \/><\/figure>\n\n\n\n<h2 class=\"wp-block-heading\"><span class=\"ez-toc-section\" id=\"Informationsschreiben_zur_Masern-Impfpflicht_des_MWGFD_eV\"><\/span>Az MWGFD e.V. t\u00e1j\u00e9koztat\u00f3 levele a k\u00f6telez\u0151 kanyar\u00f3 elleni v\u00e9d\u0151olt\u00e1sr\u00f3l.<span class=\"ez-toc-section-end\"><\/span><\/h2>\n\n\n\n<p class=\"wp-block-paragraph\">Az al\u00e1bbiakban a tartalom reprodukci\u00f3ja olvashat\u00f3, sz\u00edves enged\u00e9llyel (keltez\u00e9s: 12\/03\/2026). <a href=\"https:\/\/meine-freie-impfentscheidung.de\/media\/download\/broschuere_a4_doppelseitig.pdf\" target=\"_blank\" rel=\"noreferrer noopener\">Kiadv\u00e1ny<\/a> az MWGFD e.V. (<em>Orvosok \u00e9s tud\u00f3sok az eg\u00e9szs\u00e9g\u00e9rt, szabads\u00e1g\u00e9rt \u00e9s demokr\u00e1ci\u00e1\u00e9rt e.V.<\/em>), a sz\u00f6vegbe be\u00e9p\u00edtett \u00e9s\/vagy kieg\u00e9sz\u00edtett hivatkoz\u00e1sokkal, mint hivatkoz\u00e1sok.<\/p>\n\n\n\n<p class=\"wp-block-paragraph\">A kanyar\u00f3 elleni v\u00e9dekez\u00e9si t\u00f6rv\u00e9ny de facto k\u00f6telez\u0151 v\u00e9d\u0151olt\u00e1shoz vezet, \u00e9s s\u00e9rti az orvosi etik\u00e1t.<\/p>\n\n\n\n<p class=\"wp-block-paragraph\">Aligha van \u00e9rz\u00e9kenyebb interakci\u00f3, mint az orvos \u00e9s a beteg k\u00f6z\u00f6tti. A beteg pszich\u00e9sen \u00e9s gyakran fizikailag is kiszolg\u00e1ltatott helyzetben van. Tud\u00e1sszintje, f\u00fcgg\u0151s\u00e9ge \u00e9s st\u00e1tusza tekintet\u00e9ben is gyeng\u00e9bb helyzetben van.<\/p>\n\n\n\n<p class=\"wp-block-paragraph\">Az orvos \u00e9s a beteg k\u00f6z\u00f6tti j\u00f3t\u00e9kony interakci\u00f3 csak akkor m\u0171k\u00f6dhet, ha teljes a bizalom.<\/p>\n\n\n\n<p class=\"wp-block-paragraph\">Ez\u00e9rt ennek az interakci\u00f3nak az etikai norm\u00e1it m\u00e1r az \u00f3korban kodifik\u00e1lt\u00e1k abban a sz\u00f6vegben, amelyet mi a \u201e<em>Hippokrat\u00e9sz esk\u00fcje<\/em>\u201c ismert. <\/p>\n\n\n\n<p class=\"wp-block-paragraph\">A legfontosabb alapelv ebb\u0151l a k\u00e9plettel foglalhat\u00f3 \u00f6ssze: \u201e<em>primum nil nocere<\/em>\u201c, ami azt jelenti, hogy \u201emindenekel\u0151tt ne \u00e1rts\u201c. A 20. sz\u00e1zadban, amelyet a n\u00e1ci rezsim \u00e9s a jap\u00e1n megsz\u00e1ll\u00e1s idej\u00e9n K\u00edn\u00e1ban \u00e9s m\u00e1sutt az orvostudom\u00e1ny vissza\u00e9l\u00e9sei jellemeztek, a m\u00e1sodik etikai sarokpont a k\u00f6vetkez\u0151 volt <em>A t\u00e1j\u00e9kozott beleegyez\u00e9s elve<\/em> hozz\u00e1adva.<\/p>\n\n\n\n<p class=\"wp-block-paragraph\">Ezeknek az etikai elveknek az a funkci\u00f3juk, hogy a beteg j\u00f3l\u00e9t\u00e9t helyezik minden megfontol\u00e1s k\u00f6z\u00e9ppontj\u00e1ba, laz\u00e1n Cicero alapj\u00e1n: \u201e<em>salus aegroti suprema lex<\/em>\u201c - a beteg j\u00f3l\u00e9te a legf\u0151bb t\u00f6rv\u00e9ny.<\/p>\n\n\n\n<p class=\"wp-block-paragraph\">Azzal, hogy a kanyar\u00f3 elleni v\u00e9d\u0151olt\u00e1s igazol\u00e1s\u00e1t k\u00f6veteli meg, a kanyar\u00f3v\u00e9delmi t\u00f6rv\u00e9ny de facto k\u00f6telez\u0151 kanyar\u00f3 elleni olt\u00e1st eredm\u00e9nyez, \u00e9s \u00edgy logikusan s\u00e9rti a t\u00e1j\u00e9kozott beleegyez\u00e9s alapelv\u00e9t, mivel: A defin\u00edci\u00f3 szerint egy k\u00f6telez\u0151 int\u00e9zked\u00e9st nem lehet megtagadni, ami a beleegyez\u00e9st irrelev\u00e1nss\u00e1 teszi.<\/p>\n\n\n\n<p class=\"wp-block-paragraph\">A nem \u00e1rt\u00e1s elv\u00e9t gyakran f\u00e9lre\u00e9rtik. Ez nem azt jelenti, hogy megel\u0151z\u0151 int\u00e9zked\u00e9sk\u00e9nt minden elk\u00e9pzelhet\u0151 vesz\u00e9lyt el kell sz\u00e1m\u0171zni, hanem azt, hogy egy kezel\u00e9st csak akkor szabad alkalmazni, ha bizonyos, hogy az adott egyedi esetben nagy val\u00f3sz\u00edn\u0171s\u00e9ggel t\u00f6bb hasznot hoz, mint k\u00e1rt.<\/p>\n\n\n\n<p class=\"wp-block-paragraph\">A kanyar\u00f3 elleni v\u00e9d\u0151olt\u00e1s de facto k\u00f6telez\u0151v\u00e9 t\u00e9tele, amely a kanyar\u00f3 elleni v\u00e9d\u0151olt\u00e1sr\u00f3l sz\u00f3l\u00f3 t\u00f6rv\u00e9nyb\u0151l ered, egy\u00e9rtelm\u0171en s\u00e9rti ezt az elvet, mivel az olt\u00e1s csak elm\u00e9leti el\u0151nnyel j\u00e1r az \u00e9rintett szem\u00e9ly sz\u00e1m\u00e1ra, de a mell\u00e9khat\u00e1sok miatt bizonyosan m\u00e9rhet\u0151 kock\u00e1zatot jelent.<\/p>\n\n\n\n<h3 class=\"wp-block-heading\"><span class=\"ez-toc-section\" id=\"%E2%80%A6_beschneidet_die_Rechte_der_Kinder_und_ihrer_Eltern\"><\/span>... korl\u00e1tozza a gyermekek \u00e9s sz\u00fcleik jogait.<span class=\"ez-toc-section-end\"><\/span><\/h3>\n\n\n\n<p class=\"wp-block-paragraph\">A 2020 m\u00e1rciusa \u00f3ta hat\u00e1lyos \u201ekanyar\u00f3v\u00e9delmi t\u00f6rv\u00e9ny\u201c egy olyan de facto olt\u00e1si k\u00f6telezetts\u00e9get tartalmaz, amely arra k\u00e9nyszer\u00edti a sz\u00fcl\u0151ket, hogy gyermekeiket kanyar\u00f3 ellen beoltass\u00e1k, k\u00fcl\u00f6n\u00f6sen, ha b\u00f6lcs\u0151d\u00e9be vagy \u00f3vod\u00e1ba akarj\u00e1k adni \u0151ket.<br>Ez a 9. tan\u00e9vet k\u00f6vet\u0151en az iskol\u00e1sokra is vonatkozik.<\/p>\n\n\n\n<p class=\"wp-block-paragraph\">Azokat a sz\u00fcl\u0151ket, akik megszegik ezt az igazol\u00e1si k\u00f6telezetts\u00e9get, gyakran s\u00falyos b\u00edrs\u00e1ggal s\u00fajtj\u00e1k. A kanyar\u00f3 elleni v\u00e9d\u0151olt\u00e1si t\u00f6rv\u00e9nyhez kapcsol\u00f3d\u00f3 de facto olt\u00e1si k\u00f6telezetts\u00e9g durv\u00e1n s\u00e9rti az olyan fontos alapvet\u0151 jogokat, mint p\u00e9ld\u00e1ul a k\u00f6vetkez\u0151kh\u00f6z val\u00f3 jogunk <em><a href=\"https:\/\/www.gesetze-im-internet.de\/gg\/art_2.html\" target=\"_blank\" rel=\"noopener\">2. cikk GG<\/a><\/em> a testi \u00e9ps\u00e9ghez val\u00f3 jog \u00e9s a szabad mozg\u00e1shoz val\u00f3 jog, amelyet az Eur\u00f3pai Uni\u00f3r\u00f3l sz\u00f3l\u00f3 <em>6. cikk GG<\/em> \u201esz\u00fcl\u0151i jogok\u201c n\u00e9ven ismert, mint p\u00e9ld\u00e1ul a <a href=\"https:\/\/individuelle-impfentscheidung.de\/fileadmin\/Downloads\/Rechtsgutachten_Rixen_Langfassung.pdf\" target=\"_blank\" rel=\"noreferrer noopener\">Jogi v\u00e9lem\u00e9ny<\/a> Dr. Stephan Rixen egyetemi tan\u00e1r 2019. okt\u00f3ber 11-t\u0151l (118. oldal):<\/p>\n\n\n\n<p class=\"wp-block-paragraph\">\u201e<em><strong>A kanyar\u00f3 elleni (tervezett) t\u00f6rv\u00e9nynek a k\u00f6telez\u0151 v\u00e9d\u0151olt\u00e1sra vonatkoz\u00f3 rendelkez\u00e9sei s\u00e9rtik az orvosoknak az Alapt\u00f6rv\u00e9ny 12. cikk\u00e9nek (1) bekezd\u00e9se \u00e9s 3. cikk\u00e9nek (1) bekezd\u00e9se szerinti alapvet\u0151 jogait.<\/strong><\/em>\u201e,<\/p>\n\n\n\n<p class=\"wp-block-paragraph\">\u00e9s a n\u00e9met polg\u00e1ri t\u00f6rv\u00e9nyk\u00f6nyv (<em><a href=\"https:\/\/www.gesetze-im-internet.de\/bgb\/__1626.html\" target=\"_blank\" rel=\"noreferrer noopener\">BGB \u00a71626<\/a><\/em>) a sz\u00fcl\u0151k gyermekeik feletti fel\u00fcgyeleti jog\u00e1t:<\/p>\n\n\n\n<p class=\"wp-block-paragraph\">\u201e<em>(1) <strong>A sz\u00fcl\u0151knek k\u00f6teless\u00e9ge \u00e9s joga a kiskor\u00fa gyermekr\u0151l gondoskodni (sz\u00fcl\u0151i fel\u00fcgyeleti jog). A sz\u00fcl\u0151i gondoskod\u00e1s mag\u00e1ban foglalja a gyermek szem\u00e9ly\u00e9r\u0151l (szem\u00e9lyes gondoskod\u00e1s) \u00e9s a gyermek vagyon\u00e1r\u00f3l (vagyoni gondoskod\u00e1s) val\u00f3 gondoskod\u00e1st.<\/strong>.<\/em><\/p>\n\n\n\n<p class=\"wp-block-paragraph\"><em>(2) <strong>Gondoz\u00e1suk \u00e9s nevel\u00e9s\u00fck sor\u00e1n a sz\u00fcl\u0151k figyelembe veszik a gyermek n\u00f6vekv\u0151 k\u00e9pess\u00e9geit \u00e9s n\u00f6vekv\u0151 ig\u00e9ny\u00e9t az \u00f6n\u00e1ll\u00f3 \u00e9s felel\u0151ss\u00e9gteljes cselekv\u00e9sre. A sz\u00fcl\u0151i gondoskod\u00e1ssal kapcsolatos k\u00e9rd\u00e9seket - adott esetben a gyermek fejletts\u00e9gi szintj\u00e9nek megfelel\u0151en - megvitatj\u00e1k a gyermekkel, \u00e9s igyekeznek megegyez\u00e9sre jutni.<\/strong><\/em><\/p>\n\n\n\n<p class=\"wp-block-paragraph\"><em>(3) <strong>\u00c1ltal\u00e1ban mindk\u00e9t sz\u00fcl\u0151vel val\u00f3 kapcsolattart\u00e1s a gyermek \u00e9rdekeit szolg\u00e1lja. Ugyanez vonatkozik m\u00e1s olyan szem\u00e9lyekkel val\u00f3 kapcsolattart\u00e1sra is, akikhez a gyermek k\u00f6t\u0151dik, ha ennek fenntart\u00e1sa a gyermek fejl\u0151d\u00e9se szempontj\u00e1b\u00f3l el\u0151ny\u00f6s.<\/strong>\u201e<\/em><\/p>\n\n\n\n<p class=\"wp-block-paragraph\">A <a href=\"https:\/\/www.gesetze-im-internet.de\/gg\/art_6.html\" target=\"_blank\" rel=\"noreferrer noopener\"><em>GG 6. cikk (2) bekezd\u00e9s 1. mondat<\/em> <\/a>Az \u00e1llam azonban nem avatkozhat bele a sz\u00fcl\u0151k gyermeknevel\u00e9shez val\u00f3 jog\u00e1ba, ha nincs r\u00e1 indokolt ok:<\/p>\n\n\n\n<p class=\"wp-block-paragraph\">\u201e<em><strong>A gyermekek gondoz\u00e1sa \u00e9s nevel\u00e9se a sz\u00fcl\u0151k term\u00e9szetes joga \u00e9s els\u0151dleges k\u00f6teless\u00e9ge.<\/strong>.<\/em>\u201e<\/p>\n\n\n\n<p class=\"wp-block-paragraph\">A sz\u00f6vets\u00e9gi alkotm\u00e1nyb\u00edr\u00f3s\u00e1g 2022. j\u00falius 21-i, a kanyar\u00f3 elleni k\u00f6telez\u0151 v\u00e9d\u0151olt\u00e1sr\u00f3l sz\u00f3l\u00f3 hat\u00e1rozata (<em><a href=\"https:\/\/www.bundesverfassungsgericht.de\/SharedDocs\/Entscheidungen\/DE\/2020\/05\/rk20200511_1bvr046920.html\" target=\"_blank\" rel=\"noreferrer noopener\">1 BvR 469\/20, 1 BvR 471\/20, 1 BvR470\/20, 1 BvR 472\/20<\/a><\/em>) nem bizony\u00edtotta, hogy a kanyar\u00f3 elleni v\u00e9d\u0151olt\u00e1s ilyen ok lenne.<\/p>\n\n\n\n<p class=\"wp-block-paragraph\">A b\u00edr\u00e1k m\u00e1r az \u00edt\u00e9lethirdet\u00e9s el\u0151tt el\u0151revet\u00edtett\u00e9k, hogy a sz\u00fcl\u0151k a \u201e<em>Eg\u00e9szs\u00e9g\u00fcgy<\/em>\u201c \u201e<em>kev\u00e9sb\u00e9 szabad az orvosi \u00e9sszer\u0171s\u00e9g norm\u00e1ival ellent\u00e9tesen elj\u00e1rni<\/em>\".<\/p>\n\n\n\n<p class=\"wp-block-paragraph\">A b\u00edr\u00f3s\u00e1g ez\u00e9rt a v\u00e9d\u0151olt\u00e1st eleve - azaz m\u00e9g a vizsg\u00e1lat el\u0151tt - \u201eorvosilag indokoltnak\u201c \u00edt\u00e9lte, holott a b\u00edr\u00f3s\u00e1gnak \u00e9ppen ezt kellett volna vizsg\u00e1lnia.<\/p>\n\n\n\n<p class=\"wp-block-paragraph\">Az indokol\u00e1s sz\u00e1mos olyan \u00e1ll\u00edt\u00e1st2 tartalmaz, amelyek orvosi-tudom\u00e1nyos szempontb\u00f3l tarthatatlanok, pl.<\/p>\n\n\n\n<ul class=\"wp-block-list\">\n<li> \"<em>A kanyar\u00f3 elleni v\u00e9d\u0151olt\u00e1s megb\u00edzhat\u00f3 v\u00e9delmet ny\u00fajt az akut kanyar\u00f3 ellen.<\/em><\/li>\n\n\n\n<li><em>A v\u00e9d\u0151olt\u00e1s a term\u00e9szetes fert\u0151z\u00e9shez hasonl\u00f3 immunv\u00e1laszt v\u00e1lt ki.<\/em>\"<\/li>\n\n\n\n<li>\"<em>Az \u00e9l\u0151 vakcin\u00e1val t\u00f6rt\u00e9n\u0151 sikeres immuniz\u00e1l\u00e1s ut\u00e1n felt\u00e9telezhet\u0151, hogy a kanyar\u00f3 elleni v\u00e9detts\u00e9g \u00e9lethosszig tart.<\/em>\"<\/li>\n\n\n\n<li>\"<em>Az olt\u00e1s hat\u00e9konys\u00e1ga, az olt\u00e1si reakci\u00f3k \u00e9s az olt\u00e1si sz\u00f6v\u0151dm\u00e9nyek tudom\u00e1nyosan j\u00f3l kutatottak.<\/em>\"<\/li>\n<\/ul>\n\n\n\n<p class=\"wp-block-paragraph\">Mindezeket a t\u00e9ziseket c\u00e1folja egy jelenlegi Cochrane-\u00e1ttekint\u00e9s \u00e9s az Eur\u00f3pai Betegs\u00e9gmegel\u0151z\u00e9si \u00e9s J\u00e1rv\u00e1nyv\u00e9delmi K\u00f6zpont (ECDC) \u00e9ves jelent\u00e9s\u00e9ben szerepl\u0151 j\u00e1rv\u00e1ny\u00fcgyi adatok:<\/p>\n\n\n\n<p class=\"wp-block-paragraph\"><a href=\"https:\/\/www.cochranelibrary.com\/cdsr\/doi\/10.1002\/14651858.CD004407.pub5\/full\" target=\"_blank\" rel=\"noreferrer noopener\">Pietrantonj et al: A kanyar\u00f3, mumpsz, rubeola \u00e9s varicella elleni v\u00e9d\u0151olt\u00e1sok gyermekekn\u00e9l. Cochrane 2021<\/a><\/p>\n\n\n\n<p class=\"wp-block-paragraph\"><a href=\"https:\/\/www.ecdc.europa.eu\/en\/publications-data\/measles-annual-epidemiological-report-2024\" target=\"_blank\" rel=\"noreferrer noopener\">ECDC: Kanyar\u00f3 \u00e9ves j\u00e1rv\u00e1ny\u00fcgyi jelent\u00e9s 2024<\/a><\/p>\n\n\n\n<ul class=\"wp-block-list\">\n<li>A kanyar\u00f3 elleni v\u00e9d\u0151olt\u00e1s nem ny\u00fajt megb\u00edzhat\u00f3 v\u00e9delmet (csak a beteggel val\u00f3 k\u00f6zvetlen \u00e9rintkez\u00e9s eset\u00e9n 80-85%).<\/li>\n\n\n\n<li>A v\u00e9d\u0151olt\u00e1s ut\u00e1ni immunv\u00e1lasz gyeng\u00e9bb, mint a term\u00e9szetes fert\u0151z\u00e9sen kereszt\u00fcl kialakul\u00f3 immunit\u00e1s.<\/li>\n\n\n\n<li>Az am\u00fagy is korl\u00e1tozott v\u00e9delem id\u0151vel elhaszn\u00e1l\u00f3dik.<\/li>\n\n\n\n<li>Az olt\u00e1s hat\u00e9konys\u00e1g\u00e1t \u00e9s biztons\u00e1goss\u00e1g\u00e1t nem vizsg\u00e1lt\u00e1k kell\u0151k\u00e9ppen. A Cochrane-\u00e1ttekint\u00e9s szerz\u0151i<br>kijelent\u00e9seiket t\u00f6bbek k\u00f6z\u00f6tt megfigyel\u00e9si tanulm\u00e1nyokra alapozz\u00e1k, amelyek k\u00f6z\u00fcl n\u00e9h\u00e1ny rosszabb min\u0151s\u00e9g\u0171, \u00e9s \u00e9rt\u00e9kelik<br>a bizony\u00edt\u00e9kok alacsony vagy k\u00f6zepes szint\u0171ek.<\/li>\n<\/ul>\n\n\n\n<p class=\"wp-block-paragraph\">A szubakut szklerotiz\u00e1l\u00f3 panencephalitisre (SSPE) mint a kanyar\u00f3 \u00e1ll\u00edt\u00f3lagos k\u00e9s\u0151i k\u00f6vetkezm\u00e9ny\u00e9re vonatkoz\u00f3 \u00e1ll\u00edt\u00e1sok tudom\u00e1nyosan is t\u00f6bb mint megk\u00e9rd\u0151jelezhet\u0151ek. \u00c9s azzal a joggal id\u00e9zett hivatkoz\u00e1ssal, hogy a kanyar\u00f3 sz\u00f6v\u0151dm\u00e9nyeinek ar\u00e1nya csecsem\u0151korban vagy az els\u0151 \u00e9let\u00e9vben megn\u00f6vekedett, a Sz\u00f6vets\u00e9gi Alkotm\u00e1nyb\u00edr\u00f3s\u00e1g nyilv\u00e1nval\u00f3an figyelmen k\u00edv\u00fcl hagyta azt a t\u00e9nyt, hogy az oltott any\u00e1k gyenge vagy hi\u00e1nyz\u00f3 f\u00e9szekv\u00e9delme miatt a kanyar\u00f3 csak az olt\u00e1s bevezet\u00e9se \u00f3ta v\u00e1lt gyakoribb\u00e1 a csecsem\u0151kn\u00e9l.<br>Ez elker\u00fclhetetlenn\u00e9 teszi e hat\u00e1rozat fel\u00fclvizsg\u00e1lat\u00e1t a sz\u00f6vets\u00e9gi alkotm\u00e1nyb\u00edr\u00f3s\u00e1g \u00e1ltal.<\/p>\n\n\n\n<h3 class=\"wp-block-heading\"><span class=\"ez-toc-section\" id=\"%E2%80%A6_wie_sie_sich_aus_dem_Masernschutzgesetz_faktisch_ergibt_ist_rechtlich_umstritten\"><\/span>... mivel de facto a kanyar\u00f3 elleni v\u00e9dekez\u00e9sr\u0151l sz\u00f3l\u00f3 t\u00f6rv\u00e9nyb\u0151l k\u00f6vetkezik, jogilag vitatott.<span class=\"ez-toc-section-end\"><\/span><\/h3>\n\n\n\n<p class=\"wp-block-paragraph\">A kanyar\u00f3v\u00e9delmi t\u00f6rv\u00e9ny az\u00e9rt is vesz\u00e9lyezteti \u00f6nrendelkez\u00e9s\u00fcnket \u00e9s \u00f6nfelel\u0151s eg\u00e9szs\u00e9g\u00fcnket, mert ez egy \u201etr\u00f3jai fal\u00f3\u201c, amely \u00faj olt\u00e1si k\u00f6telezetts\u00e9gek tervezet\u00e9t adja meg.<\/p>\n\n\n\n<p class=\"wp-block-paragraph\">Az Eg\u00e9szs\u00e9g\u00fcgyi Vil\u00e1gszervezet p\u00e9ld\u00e1ul tov\u00e1bbi \u201e\u00faj\u201c k\u00f3rokoz\u00f3kat min\u0151s\u00edthet a vil\u00e1gj\u00e1rv\u00e1ny szempontj\u00e1b\u00f3l relev\u00e1nsnak, amit megk\u00f6nny\u00edt, hogy a n\u00e9met korm\u00e1ny 2025 szeptember\u00e9ben elfogadja a m\u00f3dos\u00edtott \u201eWHO Nemzetk\u00f6zi Eg\u00e9szs\u00e9g\u00fcgyi Szab\u00e1lyzat\u00e1t\u201c.<\/p>\n\n\n\n<p class=\"wp-block-paragraph\">A kanyar\u00f3 elleni v\u00e9d\u0151olt\u00e1si t\u00f6rv\u00e9ny bevezet\u00e9se \u00e9s az abban el\u0151\u00edrt de facto k\u00f6telez\u0151 v\u00e9d\u0151olt\u00e1s mellett felhozott \u00e9rv a v\u00e9d\u0151olt\u00e1si hajland\u00f3s\u00e1g \u00e1ll\u00edt\u00f3lagos cs\u00f6kken\u00e9se volt.<\/p>\n\n\n\n<p class=\"wp-block-paragraph\">Ez az \u00e9rv t\u00e9ves. Abban az id\u0151ben a gyermekek 97 %-\u00e9t legal\u00e1bb egyszer, 93 %-\u00e9t pedig k\u00e9tszer beoltott\u00e1k. Ezek az adatok az elm\u00falt n\u00e9h\u00e1ny \u00e9vben alig v\u00e1ltoztak. Ez azt jelenti, hogy N\u00e9metorsz\u00e1gban az \u00e1toltotts\u00e1gi ar\u00e1ny jelent\u0151sen magasabb volt, mint m\u00e1s orsz\u00e1gokban, ahol m\u00e1r l\u00e9tezett olt\u00e1si program.<br>a v\u00e9d\u0151olt\u00e1s k\u00f6telez\u0151 volt.<\/p>\n\n\n\n<p class=\"wp-block-paragraph\"><a href=\"https:\/\/www.rki.de\/DE\/Aktuelles\/Publikationen\/Epidemiologisches-Bulletin\/2019\/18_19.pdf?__blob=publicationFile&amp;v=1\" target=\"_blank\" rel=\"noreferrer noopener\">(5)<\/a> \u201e<strong><em>Az els\u0151 kanyar\u00f3 elleni v\u00e9d\u0151olt\u00e1s olt\u00e1si ar\u00e1nya 95,9 %-r\u0151l (2008) 96,7 %-re (2012) emelkedett, \u00e9s 2017-ben orsz\u00e1gosan el\u00e9rte a 97,1 1 %-t (2016-hoz hasonl\u00f3an) (l\u00e1sd 1. \u00e1bra, 148. o.).<\/em><\/strong>\u201e<br>\u201eI<strong><em>n 2017-ben a gyermekek 92,6 %-\u00e9t k\u00e9tszer vizsg\u00e1lt\u00e1k mumpsz \u00e9s ny\u00e1lkah\u00e1rtya szempontj\u00e1b\u00f3l az iskolakezd\u00e9si vizsg\u00e1latok sor\u00e1n.<br>rubeola ellen beoltva.<\/em><\/strong>\u201e<\/p>\n\n\n\n<p class=\"wp-block-paragraph\"><a href=\"https:\/\/edoc.rki.de\/bitstream\/handle\/176904\/11635\/EB-15-2024-BEITRAG-Masern.pdf\" target=\"_blank\" rel=\"noreferrer noopener\">(6)<\/a> \u201e<strong><em>P\u00e9ld\u00e1ul a 2020-as iskolakezd\u00e9si vizsg\u00e1latokon a gyermekek 97,2%-je (tartom\u00e1nyi szint\u0171 tartom\u00e1ny: 95,3%-98,6%) megkapta az els\u0151 olt\u00e1si adagot, \u00e9s 92,7% (tartom\u00e1nyi szint\u0171 tartom\u00e1ny: 85,0%-95,8%) megkapta a m\u00e1sodik olt\u00e1si adagot is.<\/em><\/strong>\u201e<\/p>\n\n\n\n<p class=\"wp-block-paragraph\">A \u201ekanyar\u00f3 felsz\u00e1mol\u00e1sa\u201c, amely a jogi sz\u00f6veg szerint a c\u00e9l, szint\u00e9n puszta kirakatsz\u00f6veg. M\u00e9g a megsz\u00fcntet\u00e9s meghat\u00e1roz\u00e1sa is elt\u00e9r a k\u00fcl\u00f6nb\u00f6z\u0151 szervekn\u00e9l. Az \u00fagynevezett \u201eKanyar\u00f3\/Rubeola Nemzeti Ellen\u0151rz\u0151 Bizotts\u00e1g\u201c (NAVKO) az 1 milli\u00f3 lakosra vet\u00edtett &lt;1 eset\/ 1 milli\u00f3 lakos mutat\u00f3r\u00f3l besz\u00e9l. 7<\/p>\n\n\n\n<p class=\"wp-block-paragraph\"><a href=\"https:\/\/www.rki.de\/DE\/Themen\/Infektionskrankheiten\/Impfen\/Eliminationsprogramme\/Nationale-Verifizierungskommission-Masern-Roeteln\/Berichte\/Bericht_2023.pdf?__blob=publicationFile&amp;v=4\" target=\"_blank\" rel=\"noreferrer noopener\">(7)<\/a> \u201e... <em><strong>2023-ban a referenciadefin\u00edci\u00f3 szerint \u00f6sszesen 79 esetet jelentettek (el\u0151fordul\u00e1si gyakoris\u00e1g 0,9 eset 1 milli\u00f3 lakosra vet\u00edtve).<\/strong><\/em> ....\u201c<\/p>\n\n\n\n<p class=\"wp-block-paragraph\">A <a href=\"https:\/\/www.rki.de\/DE\/Themen\/Infektionskrankheiten\/Impfen\/Eliminationsprogramme\/Nationale-Verifizierungskommission-Masern-Roeteln\/Berichte\/Bericht_2024.pdf?__blob=publicationFile&amp;v=3\" target=\"_blank\" rel=\"noreferrer noopener\">Kiadv\u00e1ny 2024-re<\/a> azt mondja:<\/p>\n\n\n\n<p class=\"wp-block-paragraph\">\u201e... <strong><em>2024-ben a referenciadefin\u00edci\u00f3 szerint \u00f6sszesen 645 esetet jelentettek (7,6 el\u0151fordul\u00e1si ar\u00e1ny 1 milli\u00f3 lakosra vet\u00edtve).<\/em><\/strong> ...\u201c<\/p>\n\n\n\n<p class=\"wp-block-paragraph\">Sz\u00e1mos nemzetk\u00f6zi tanulm\u00e1ny azonban azt mutatja, hogy a kanyar\u00f3 teljes felsz\u00e1mol\u00e1sa nem lehets\u00e9ges,<br>m\u00e9g olt\u00e1s r\u00e9v\u00e9n sem. A kanyar\u00f3j\u00e1rv\u00e1nyok kit\u00f6r\u00e9s\u00e9t magas immuniz\u00e1lts\u00e1gi r\u00e1t\u00e1val sem lehetett megel\u0151zni.<\/p>\n\n\n\n<p class=\"wp-block-paragraph\"><a href=\"https:\/\/academic.oup.com\/trstmh\/article-abstract\/91\/6\/716\/1937272?redirectedFrom=fulltext&amp;login=false\" target=\"_blank\" rel=\"noreferrer noopener\">(9)<\/a> \u201e<em><strong>Ez a vizsg\u00e1lat meger\u0151s\u00edtette azt a megfigyel\u00e9st, hogy az \u00fajraolt\u00e1s sikeresen kiv\u00e1ltja az ellenanyagv\u00e1laszt azokban a gyermekekben, akikn\u00e9l az \u00fajraolt\u00e1s el\u0151tt alacsony vagy nem kimutathat\u00f3 volt a titer, de azt is meger\u0151s\u00edtette, hogy a vakcina \u00e1ltal kiv\u00e1ltott immunit\u00e1s gyorsan cs\u00f6kken.<\/strong><\/em>\u201e<\/p>\n\n\n\n<p class=\"wp-block-paragraph\"><a href=\"https:\/\/pubmed.ncbi.nlm.nih.gov\/1629334\/\" target=\"_blank\" rel=\"noreferrer noopener\">(9a)<\/a> \u201e<em><strong>\u00d6sszefoglalva, sem az el\u0151zetes vakcin\u00e1z\u00e1s, sem a kimutathat\u00f3 SIR nem garant\u00e1lja a v\u00e9detts\u00e9get. A kanyar\u00f3v\u00edrus t\u00fcnetmentes SIR-t okozhat IgG-sz\u00e9ropozit\u00edv egy\u00e9nekn\u00e9l. Az SVF tipikus vagy m\u00f3dos\u00edtott kanyar\u00f3hoz vezetett, de \u00fagy t\u0171nik, hogy ebben a j\u00e1rv\u00e1nyban nem j\u00e1tszott fontos szerepet.<\/strong><\/em>\u201e<\/p>\n\n\n\n<p class=\"wp-block-paragraph\">2023 augusztus\u00e1t\u00f3l a NAVKO az \u00e9rz\u00e9kenyebb esetmeghat\u00e1roz\u00e1s miatt az enyh\u00e9bb t\u00fcnetekkel \u00e9s pozit\u00edv PCR kimutat\u00e1ssal rendelkez\u0151 eseteket is belesz\u00e1m\u00edtja az esetek sz\u00e1m\u00e1ba. <a href=\"https:\/\/www.rki.de\/DE\/Themen\/Infektionskrankheiten\/Impfen\/Eliminationsprogramme\/Nationale-Verifizierungskommission-Masern-Roeteln\/Berichte\/Bericht_2021.html?templateQueryString=mit+abgeschw%C3%A4chten+Symptomen+und+positivem+PCR-Nachweis\" target=\"_blank\" rel=\"noreferrer noopener\">(10)<\/a>, bele\u00e9rtve az \u00fagynevezett \u201eolt\u00e1si kanyar\u00f3t\u201c, azaz a kanyar\u00f3hoz hasonl\u00f3 b\u0151rki\u00fct\u00e9st az olt\u00e1s ut\u00e1n, a k\u00edv\u00e1nt c\u00e9l ma m\u00e1r teljesen el\u00e9rhetetlen.<br>Azt, hogy ez az eg\u00e9sz konstrukci\u00f3, amely egy \u00e9vsz\u00e1zados gyermekbetegs\u00e9gnek a v\u00e9d\u0151olt\u00e1s \u00e1ltali \u00e1ll\u00edt\u00f3lagos lehets\u00e9ges megsz\u00fcntet\u00e9s\u00e9r\u0151l sz\u00f3l, nem lehet m\u00e1s, mint egy t\u00fcnd\u00e9rmese, egy \u00fajabb, 2024 \u00e1prilis\u00e1ban k\u00e9sz\u00fclt tanulm\u00e1ny eredm\u00e9nyei is meger\u0151s\u00edtik. <a href=\"https:\/\/www.medrxiv.org\/content\/10.1101\/2024.04.18.24306028v1.full.pdf\" target=\"_blank\" rel=\"noreferrer noopener\">(11)<\/a>:<\/p>\n\n\n\n<p class=\"wp-block-paragraph\">\u201e<strong><em>Eredm\u00e9nyeink azt mutatj\u00e1k, hogy a vakcina \u00e9vtizedekig v\u00e9d a kanyar\u00f3fert\u0151z\u00e9sek ellen, de a 15 \u00e9ves \u00e9s id\u0151sebb koroszt\u00e1lyban egyre val\u00f3sz\u00edn\u0171bb az \u00e1tt\u00f6r\u00e9ses fert\u0151z\u00e9s.<\/em><\/strong>\u201e, <\/p>\n\n\n\n<p class=\"wp-block-paragraph\">amely be tudta bizony\u00edtani, hogy a v\u00e9d\u0151olt\u00e1sok id\u0151vel cs\u00f6kken\u0151 v\u00e9d\u0151hat\u00e1sa a betegs\u00e9g gyakoribb kit\u00f6r\u00e9s\u00e9hez vezet.<br>Ez egy\u00e9rtelm\u0171en azt mutatja, hogy a kanyar\u00f3 elleni v\u00e9d\u0151olt\u00e1soknak kontraprodukt\u00edv hat\u00e1suk van.<br>A kanyar\u00f3 elleni v\u00e9dekez\u00e9sr\u0151l sz\u00f3l\u00f3 t\u00f6rv\u00e9nyben foglalt int\u00e9zked\u00e9sek indokl\u00e1sakor a hat\u00f3s\u00e1gok \u00e9s a b\u00edr\u00f3s\u00e1gok mindig hivatkoznak a<br>Robert Koch Int\u00e9zet (RKI) \u00e9s annak \u00c1lland\u00f3 Olt\u00e1si Bizotts\u00e1ga (STIKO) mint szuver\u00e9n \u00e9s f\u00fcggetlen tudom\u00e1nyos test\u00fclet. <\/p>\n\n\n\n<p class=\"wp-block-paragraph\">Ez a besorol\u00e1s azonban helytelen. Az RKI \u00e1ltal a 2024-es koronav\u00edrus-j\u00e1rv\u00e1ny idej\u00e9n vezetett napl\u00f3k (\u201eRKI-akt\u00e1k\u201c) k\u00f6zz\u00e9t\u00e9tele azt mutatja, hogy ezek az int\u00e9zm\u00e9nyek nem f\u00fcggetlen\u00fcl j\u00e1rtak el,<br>hanem a sz\u00f6vets\u00e9gi eg\u00e9szs\u00e9g\u00fcgyi miniszter utas\u00edt\u00e1saihoz k\u00f6t\u0151dnek, \u00e9s ezt az \u00e9rt\u00e9kel\u00e9st 2025 szeptember\u00e9ben Lars Schaade, az RKI eln\u00f6ke \u00f6t vegy\u00e9szprofesszornak \u00edrt level\u00e9ben meger\u0151s\u00edtette.<\/p>\n\n\n\n<p class=\"wp-block-paragraph\"><a href=\"https:\/\/www.berliner-zeitung.de\/politik-gesellschaft\/professoren-decken-auf-im-rki-schlaegt-die-politik-die-wissenschaft-li.2357637\" target=\"_blank\" rel=\"noreferrer noopener\">(12)<\/a> Michael Meier, Berliner Zeitung, 2025.09.19-t\u0151l - Professzorok fedetlenek: A politika legy\u0151zi a tudom\u00e1nyt az RKI-ban<\/p>\n\n\n\n<p class=\"wp-block-paragraph\">A STIKO nem mentes az \u00f6sszef\u00e9rhetetlens\u00e9gt\u0151l. Tagjai k\u00f6z\u00fcl sokan kaptak k\u00f6zvetlen vagy k\u00f6zvetett kutat\u00e1si t\u00e1mogat\u00e1st a gy\u00f3gyszeripart\u00f3l, vagy olyan nem korm\u00e1nyzati szervezetekt\u0151l, mint a Bill \u00e9s Melinda Gates Alap\u00edtv\u00e1ny.<\/p>\n\n\n\n<p class=\"wp-block-paragraph\">(13) - Bahner, Beate , \u201eKanyar\u00f3 elleni v\u00e9d\u0151olt\u00e1s \u00e9s kanyar\u00f3 elleni v\u00e9dekez\u00e9si t\u00f6rv\u00e9ny\u201c 2025. szeptember, ISBN: 978-3-98992-133-7, 86-90. o.<\/p>\n\n\n\n<p class=\"wp-block-paragraph\">Kev\u00e9ss\u00e9 ismert, de alapvet\u0151en botr\u00e1nyos t\u00e9ny, hogy a vakcin\u00e1k gy\u00e1rt\u00f3i mentes\u00fclnek mindenf\u00e9le term\u00e9kfelel\u0151ss\u00e9g al\u00f3l, annak ellen\u00e9re, hogy a vakcin\u00e1k \u00e1ltal okozott k\u00e1rok lehet\u0151s\u00e9ge igen nagy, ellent\u00e9tben m\u00e1s gy\u00f3gyszerek gy\u00e1rt\u00f3ival.<\/p>\n\n\n\n<p class=\"wp-block-paragraph\">Az olt\u00e1si k\u00e1rok\u00e9rt val\u00f3 felel\u0151ss\u00e9get az \u00e1llam v\u00e1llalja, ami jelent\u0151sen korl\u00e1tozza az olt\u00e1s \u00e1ldozatainak k\u00e1rt\u00e9r\u00edt\u00e9si lehet\u0151s\u00e9geit. A k\u00f6telez\u0151 v\u00e9d\u0151olt\u00e1s hatalmas anyagi el\u0151ny\u00f6kkel j\u00e1r a nagy gy\u00f3gyszergy\u00e1rt\u00f3 c\u00e9gek sz\u00e1m\u00e1ra - a lakoss\u00e1g k\u00e1r\u00e1ra. \u00c9s ez m\u00e9g nem minden: a N\u00e9metorsz\u00e1gban enged\u00e9lyezett kanyar\u00f3 elleni kombin\u00e1lt vakcin\u00e1kat gy\u00e1rt\u00f3 k\u00e9t nagy gy\u00f3gyszergy\u00e1rt\u00f3 c\u00e9get az elm\u00falt \u00e9vekben \u00e9s \u00e9vtizedekben t\u00f6bbsz\u00f6r is milli\u00e1rdos nagys\u00e1grend\u0171 b\u00edrs\u00e1gok megfizet\u00e9s\u00e9re \u00edt\u00e9lt\u00e9k k\u00fcl\u00f6nb\u00f6z\u0151 jogs\u00e9rt\u00e9sek miatt.<\/p>\n\n\n\n<p class=\"wp-block-paragraph\"><a href=\"https:\/\/www.amazon.de\/Masernimpfung-Masernschutzgesetz-Zwischen-Medizin-Vernunft\/dp\/3989921339\" target=\"_blank\" rel=\"noreferrer noopener\">(14)<\/a> - Bahner, Beate - \u201eKanyar\u00f3 elleni v\u00e9d\u0151olt\u00e1s \u00e9s a kanyar\u00f3 elleni v\u00e9dekez\u00e9si t\u00f6rv\u00e9ny\u201c - 2025. szeptember - ISBN 978-3-98992-133-7 99-103. o.<\/p>\n\n\n\n<p class=\"wp-block-paragraph\"><a href=\"https:\/\/www.routledge.com\/Deadly-Medicines-and-Organised-Crime-How-Big-Pharma-Has-Corrupted-Healthcare\/Gotzsche\/p\/book\/9781846198847\" target=\"_blank\" rel=\"noreferrer noopener\">(15)<\/a> - Peter Gotzsche - \u201eHal\u00e1los gy\u00f3gyszerek \u00e9s szervezett b\u0171n\u00f6z\u00e9s - Hogyan rontotta meg a nagy gy\u00f3gyszergy\u00e1rak az eg\u00e9szs\u00e9g\u00fcgyet\u201c - 2014 - ISBN 978-1-84619-884-7<\/p>\n\n\n\n<h3 class=\"wp-block-heading\"><span class=\"ez-toc-section\" id=\"%E2%80%A6_ist_medizinisch_sinnlos\"><\/span>... orvosilag \u00e9rtelmetlen<span class=\"ez-toc-section-end\"><\/span><\/h3>\n\n\n\n<p class=\"wp-block-paragraph\">Az esetek t\u00falnyom\u00f3 t\u00f6bbs\u00e9g\u00e9ben a kanyar\u00f3 egy teljesen jelent\u00e9ktelen gyermekbetegs\u00e9g, \u00e9s nem az a rendk\u00edv\u00fcl fenyeget\u0151 betegs\u00e9g, amilyennek a sz\u00e1mos m\u00e9dium \u00e1ltal k\u00f6zz\u00e9tett cikkekben \u00e9s az olt\u00e1si lobbi propagandafilmjeiben gyakran be\u00e1ll\u00edtj\u00e1k.<\/p>\n\n\n\n<p class=\"wp-block-paragraph\">A betegs\u00e9g \u00e1ltal\u00e1ban \u00e1rtalmatlan, ha a l\u00e1zcsillap\u00edt\u00e1s elker\u00fclhet\u0151. A l\u00e1z fontos gy\u00f3gyul\u00e1si reakci\u00f3, amelyet lehet\u0151leg nem szabad megzavarni. A kanyar\u00f3 sz\u00f6v\u0151dm\u00e9nyes lefoly\u00e1sa f\u0151k\u00e9nt akkor fordul el\u0151, ha p\u00e9ld\u00e1ul a gy\u00f3gyul\u00e1si reakci\u00f3t megzavarj\u00e1k a l\u00e1z gy\u00f3gyszeres cs\u00f6kkent\u00e9s\u00e9vel, vagy ha a gyermekek D- \u00e9s A-vitaminhi\u00e1nyban szenvednek.<\/p>\n\n\n\n<p class=\"wp-block-paragraph\">A magas sz\u00fclet\u00e9si ar\u00e1nysz\u00e1m\u00fa 1960-as \u00e9vekben Nyugat-N\u00e9metorsz\u00e1gban, amikor m\u00e9g \u00e9vente t\u00f6bb mint 1 milli\u00f3 kanyar\u00f3s megbeteged\u00e9s volt, \u00e9vente csak k\u00f6r\u00fclbel\u00fcl 50-150 hal\u00e1lesetet jelentettek, ami nagyon alacsony, 10 000 f\u0151re vet\u00edtve 1 hal\u00e1loz\u00e1si ar\u00e1nynak felel meg.<\/p>\n\n\n\n<p class=\"wp-block-paragraph\"><a href=\"https:\/\/www.thalia.de\/shop\/home\/artikeldetails\/A1069489158\" target=\"_blank\" rel=\"noreferrer noopener\">(16)<\/a> - Shepherd, Martin Dr , \u201eIMPFEN pro &amp;contra\u201c 2023, ISBN: 978-3-426-44872-4 p.270 <\/p>\n\n\n\n<p class=\"wp-block-paragraph\">Ezt az RKI 1999-ben k\u00f6z\u00f6lte.<\/p>\n\n\n\n<p class=\"wp-block-paragraph\">(17) - Hirte, Martin Dr , \u201eIMPFEN pro &amp;contra\u201c 2023, ISBN: 978-3-426-44872-4 p.274<br>(18) - Bahner, Beate , \u201eKanyar\u00f3 elleni olt\u00e1s \u00e9s a kanyar\u00f3 elleni v\u00e9dekez\u00e9sr\u0151l sz\u00f3l\u00f3 t\u00f6rv\u00e9ny\u201c 2025. szeptember, ISBN: 978-3-98992-133-7 63. o.<\/p>\n\n\n\n<p class=\"wp-block-paragraph\">A WHO vagy m\u00e1s olt\u00e1sp\u00e1rtiak \u00e1ltal eml\u00edtett 1:1000-es hal\u00e1loz\u00e1si ar\u00e1ny ebben az orsz\u00e1gban pontatlan, \u00e9s megengedhetetlen\u00fcl a fejl\u0151d\u0151 orsz\u00e1gokb\u00f3l \u00e1tvett adat.<\/p>\n\n\n\n<p class=\"wp-block-paragraph\">Az utols\u00f3 megk\u00e9rd\u0151jelezhet\u0151 kanyar\u00f3s hal\u00e1leset \u00f3ta, 2019 \u00f3ta N\u00e9metorsz\u00e1gban egyetlen hal\u00e1lesetr\u0151l sem \u00e9rkezett jelent\u00e9s. A kanyar\u00f3s hal\u00e1lesetek ritkas\u00e1gnak sz\u00e1m\u00edtanak N\u00e9metorsz\u00e1gban, \u00e9s ink\u00e1bb a nem megfelel\u0151 kezel\u00e9ssel, mint mag\u00e1val a betegs\u00e9ggel hozhat\u00f3k \u00f6sszef\u00fcgg\u00e9sbe. J\u00f3val a kanyar\u00f3 elleni v\u00e9d\u0151olt\u00e1s bevezet\u00e9se el\u0151tt a kanyar\u00f3 okozta hal\u00e1loz\u00e1si ar\u00e1ny N\u00e9metorsz\u00e1gban m\u00e1r nagyon alacsony, null\u00e1hoz k\u00f6zeli szintre cs\u00f6kkent<\/p>\n\n\n\n<p class=\"wp-block-paragraph\">(19) - Buchwald, Gerhard Dr., k\u00f6nyv: \u201eImpfen - Das Gesch\u00e4ft mit der Angst\u201c, 133. o. ff. <\/p>\n\n\n\n<p class=\"wp-block-paragraph\">A kanyar\u00f3 okozta sz\u00f6v\u0151dm\u00e9nyek m\u00e1r a vakcina bevezet\u00e9se el\u0151tt sem jelentettek probl\u00e9m\u00e1t. A nagyon ritka, komplik\u00e1lt lefoly\u00e1s\u00fa esetek \u00e1ltal\u00e1ban olyan gyermekeket \u00e9rintettek, akik kor\u00e1bban s\u00e9r\u00fcltek vagy rendk\u00edv\u00fcl vesz\u00e9lyeztetettek voltak.<\/p>\n\n\n\n<p class=\"wp-block-paragraph\">Ha egyszer m\u00e1r \u00e1tesett kanyar\u00f3n, a betegs\u00e9g \u00e9lethosszig tart\u00f3 v\u00e9detts\u00e9get hagy maga ut\u00e1n, \u00edgy \u00e9lete v\u00e9g\u00e9ig v\u00e9dve van az ism\u00e9telt kanyar\u00f3fert\u0151z\u00e9ssel szemben. Ezzel szemben a v\u00e9d\u0151olt\u00e1s legfeljebb csak \u00e1tmeneti v\u00e9delmet ny\u00fajt, mivel csak l\u00e9nyegesen alacsonyabb ellenanyagszintet \u00e9s kevesebb sejtes immunstimul\u00e1ci\u00f3t v\u00e1lt ki, mint a term\u00e9szetes fert\u0151z\u00e9s.<\/p>\n\n\n\n<p class=\"wp-block-paragraph\">Ez magyar\u00e1zatot ad arra, hogy jelenleg a kanyar\u00f3s esetek 134-2,920% r\u00e9sze oltott embereket \u00e9rint, ami magyar\u00e1zatot adhat az \u00faj kanyar\u00f3j\u00e1rv\u00e1nyokra is, amelyeket ism\u00e9telten f\u00e9lelemkelt\u00e9sre haszn\u00e1lnak. A kanyar\u00f3 elleni v\u00e9d\u0151olt\u00e1snak ezt a nyilv\u00e1nval\u00f3an kontraprodukt\u00edv hat\u00e1s\u00e1t egy tanulm\u00e1ny is meger\u0151s\u00edti. <a href=\"https:\/\/pubmed.ncbi.nlm.nih.gov\/1629334\/\" target=\"_blank\" rel=\"noreferrer noopener\">(9a)<\/a>.<\/p>\n\n\n\n<p class=\"wp-block-paragraph\">amely azt mutatja, hogy a v\u00e9d\u0151olt\u00e1sok id\u0151vel cs\u00f6kken\u0151 v\u00e9detts\u00e9ge elker\u00fclhetetlen\u00fcl betegs\u00e9gkit\u00f6r\u00e9sekhez vezet. Min\u00e9l magasabb a kanyar\u00f3 elleni olt\u00e1si ar\u00e1ny, ann\u00e1l val\u00f3sz\u00edn\u0171bbek a helyi j\u00e1rv\u00e1nyok, mivel az olt\u00e1s nem hoz l\u00e9tre tart\u00f3s v\u00e9detts\u00e9get. Egy beoltott n\u00e9pess\u00e9gnek teh\u00e1t sokkal alacsonyabb az immunit\u00e1sa, mint egy olyan n\u00e9pess\u00e9gnek, amelyben az emberek t\u00f6bbs\u00e9ge gyermekkor\u00e1ban kanyar\u00f3ban szenvedett. Ez a k\u00f6vetkez\u0151ket \u00e9rinti<br>Jelenleg a n\u00e9met lakoss\u00e1g k\u00f6zel fele, azaz gyakorlatilag az 1970 el\u0151tt sz\u00fcletettek m\u00e9g mindig ebben az orsz\u00e1gban \u00e9lnek.<\/p>\n\n\n\n<p class=\"wp-block-paragraph\">A m\u00faltban a csecsem\u0151k szinte soha nem kaptak kanyar\u00f3t, mert a placent\u00e1n \u00e9s az anyatejen kereszt\u00fcl kapott antitestek v\u00e9dt\u00e9k \u0151ket az \u00fagynevezett \u201ef\u00e9szekv\u00e9delem\u201c form\u00e1j\u00e1ban, amellyel az any\u00e1k saj\u00e1t gyermekkori kanyar\u00f3juknak k\u00f6sz\u00f6nhet\u0151en elegend\u0151 mennyis\u00e9gben rendelkeztek.<\/p>\n\n\n\n<p class=\"wp-block-paragraph\">Mivel az oltott any\u00e1knak \u00e1ltal\u00e1ban alacsonyabb az antitestszintj\u00fck, \u00e9s ez\u00e9rt kevesebb antitestet tudnak \u00e1tadni gyermekeiknek a f\u00e9szek v\u00e9delm\u00e9re, az olt\u00e1s bevezet\u00e9se \u00f3ta t\u00f6bb csecsem\u0151 betegedett meg kanyar\u00f3ban, ami viszont n\u00f6veli a sz\u00f6v\u0151dm\u00e9nyek kock\u00e1zat\u00e1t. <\/p>\n\n\n\n<p class=\"wp-block-paragraph\">Ennek megfelel\u0151en a kanyar\u00f3 elleni v\u00e9d\u0151olt\u00e1s bevezet\u00e9se \u00f3ta vil\u00e1gszerte megn\u0151tt a s\u00falyos megbeteged\u00e9sek sz\u00e1ma.<br>Ez a helyzet tov\u00e1bbad\u00f3dik a k\u00f6vetkez\u0151 gener\u00e1ci\u00f3knak. M\u00e1s sz\u00f3val, miut\u00e1n az any\u00e1kat beoltott\u00e1k kanyar\u00f3 ellen, a gyermekeket is kor\u00e1n be kell oltani, hogy elker\u00fclj\u00e9k a nagyon ritka, magas kock\u00e1zat\u00fa k\u00f3rfolyamatokat, p\u00e9ld\u00e1ul az agyvel\u0151gyullad\u00e1st. Az oltott gyermekek elvesz\u00edtik a kanyar\u00f3fert\u0151z\u00e9s immunmodul\u00e1l\u00f3 el\u0151nyeit. <br>Ez a probl\u00e9ma elvileg minden m\u00e1s gyermekbetegs\u00e9g elleni v\u00e9d\u0151olt\u00e1sra is vonatkozik.<\/p>\n\n\n\n<p class=\"wp-block-paragraph\">A kanyar\u00f3 sz\u00e1mos term\u00e9szetes eg\u00e9szs\u00e9g\u00fcgyi el\u0151nnyel j\u00e1r, mivel a kanyar\u00f3 er\u0151s\u00edti \u00e9s stabiliz\u00e1lja a sejtes immunrendszert, amely az immunv\u00e9delemben j\u00e1tszik f\u0151szerepet.<br>Sz\u00e1mos olyan kr\u00f3nikus betegs\u00e9gr\u0151l sz\u00e1moltak be, amely kanyar\u00f3fert\u0151z\u00e9s ut\u00e1n elm\u00falhat. P\u00e9ld\u00e1ul a kanyar\u00f3fert\u0151z\u00e9sen \u00e1tesett emberekn\u00e9l kisebb val\u00f3sz\u00edn\u0171s\u00e9ggel alakulnak ki bizonyos r\u00e1kt\u00edpusok, szkler\u00f3zis multiplex \u00e9s m\u00e1s autoimmun betegs\u00e9gek vagy allergi\u00e1k.<br>21 A kanyar\u00f3fert\u0151z\u00e9st k\u00f6vet\u0151en a gyermekek gyakran tesznek fejl\u0151d\u00e9si ugr\u00e1sokat, aminek k\u00f6vetkezt\u00e9ben p\u00e9ld\u00e1ul a dadog\u00e1s vagy az \u00e1gybavizel\u00e9s megsz\u0171nhet.<\/p>\n\n\n\n<p class=\"wp-block-paragraph\">Az \u00e1ltal\u00e1nosan elterjedt \u00e1ll\u00edt\u00e1sokkal ellent\u00e9tben a kanyar\u00f3 elleni v\u00e9d\u0151olt\u00e1s minden, csak nem mell\u00e9khat\u00e1smentes. Csak a 2001-2012 k\u00f6z\u00f6tti id\u0151szakban t\u00f6bb mint 1300 s\u00falyos mell\u00e9khat\u00e1s gyan\u00faj\u00e1t \u00e9s 15 hal\u00e1leset gyan\u00faj\u00e1t jelentett\u00e9k az olt\u00e1ssal kapcsolatban a vakcin\u00e1k\u00e9rt felel\u0151s Paul Ehrlich Int\u00e9zetnek.<\/p>\n\n\n\n<p class=\"wp-block-paragraph\">T\u00f6bb orvos \u00e9s tud\u00f3s \u00f6sszehasonl\u00edtotta a jelenlegi adatokat, \u00e9s arra az egy\u00e9rtelm\u0171 k\u00f6vetkeztet\u00e9sre jutott, hogy az olt\u00e1s s\u00falyos mell\u00e9khat\u00e1s\u00e1nak vagy az olt\u00e1s k\u00f6vetkezt\u00e9ben bek\u00f6vetkez\u0151 hal\u00e1loz\u00e1snak a kock\u00e1zata l\u00e9nyegesen nagyobb, mint a kanyar\u00f3 s\u00falyos sz\u00f6v\u0151dm\u00e9ny\u00e9nek vagy ak\u00e1r a kanyar\u00f3 okozta hal\u00e1loz\u00e1snak a kock\u00e1zata.<br>Prof. (nyugalmazott) Dr. Andreas S\u00f6nnichsen elemezte a jelenlegi j\u00e1rv\u00e1ny\u00fcgyi helyzet kock\u00e1zati helyzet\u00e9t.<br>a k\u00f6vetkez\u0151k\u00e9ppen sz\u00e1m\u00edtj\u00e1k ki: Az egy\u00e9n szempontj\u00e1b\u00f3l (a 2024-es adatokon alapul\u00f3 adatok):<\/p>\n\n\n\n<ul class=\"wp-block-list\">\n<li>A kanyar\u00f3 megbeteged\u00e9s kock\u00e1zata N\u00e9metorsz\u00e1gban jelenleg 0,0007 % \u00e9vente.<\/li>\n\n\n\n<li>A s\u00falyos kanyar\u00f3sz\u00f6v\u0151dm\u00e9ny kock\u00e1zata 0,0000007 % \u00e9vente.<br>(1000 esetre egy s\u00falyos sz\u00f6v\u0151dm\u00e9nyt felt\u00e9telezve).<\/li>\n\n\n\n<li>A kanyar\u00f3 okozta hal\u00e1loz\u00e1s kock\u00e1zata 0,00000007 % \u00e9vente, az \u00e9letre sz\u00f3l\u00f3 kock\u00e1zat 0,000006 %.<br>(0,01 % fert\u0151z\u00e9si hal\u00e1loz\u00e1si ar\u00e1nyt felt\u00e9telezve).<\/li>\n\n\n\n<li>Az \u00e9vi 1 200 000 olt\u00e1sb\u00f3l ered\u0151 s\u00falyos mell\u00e9khat\u00e1s kock\u00e1zata<br>\u00e9s \u00e9vente kb. 50 s\u00falyos mell\u00e9khat\u00e1s 0,004 %.<br>Ez 6-szor nagyobb, mint a kanyar\u00f3 megbeteged\u00e9s kock\u00e1zata, \u00e9s 5700-szor nagyobb, mint a kanyar\u00f3 kock\u00e1zata,<br>s\u00falyos kanyar\u00f3 sz\u00f6v\u0151dm\u00e9nyt szenved.<\/li>\n\n\n\n<li>Az olt\u00e1ssal \u00f6sszef\u00fcgg\u00e9sben bek\u00f6vetkez\u0151 hal\u00e1loz\u00e1s kock\u00e1zata 0,0013 %<br>(\u00e9vi 1-2 hal\u00e1lesetet felt\u00e9telezve, az ok-okozati \u00f6sszef\u00fcgg\u00e9s nem felt\u00e9tlen\u00fcl felt\u00e9telezett).<br>Ez t\u00f6bb mint 200-szor nagyobb, mint a kanyar\u00f3 okozta hal\u00e1loz\u00e1s \u00e9letre sz\u00f3l\u00f3 kock\u00e1zata.<br>Ez a rendk\u00edv\u00fcl negat\u00edv kock\u00e1zat-haszon ar\u00e1ny \u00f6nmag\u00e1ban orvosi ellenjavallat a kanyar\u00f3 elleni v\u00e9d\u0151olt\u00e1s ellen, amelyet minden egyes gyermek eset\u00e9ben - m\u00e9g akkor is, ha nincs kor\u00e1bbi betegs\u00e9g\u00fck - az olt\u00e1si igazol\u00e1s r\u00e9szek\u00e9nt meg kell er\u0151s\u00edteni.<\/li>\n<\/ul>\n\n\n\n<p class=\"wp-block-paragraph\">Eddig egyetlen olyan tanulm\u00e1ny sem k\u00e9sz\u00fclt, amelyben a vakcin\u00e1t hosszabb id\u0151n kereszt\u00fcl, oltatlan kontrollcsoporttal \u00f6sszehasonl\u00edtva vizsg\u00e1lt\u00e1k volna. Megfelel\u0151 biztons\u00e1gi vizsg\u00e1latok sem k\u00e9sz\u00fcltek.<\/p>\n\n\n\n<p class=\"wp-block-paragraph\">A magas rang\u00fa olt\u00e1sp\u00e1rtiak 2024-es tanulm\u00e1ny\u00e1ban a szerz\u0151k elismert\u00e9k, hogy egyetlen olt\u00e1s eset\u00e9ben sem lehet el\u0151ny\/kock\u00e1zat \u00e9rt\u00e9kel\u00e9st k\u00e9sz\u00edteni, mivel hi\u00e1nyoznak a kell\u0151en nagy \u00f6sszehasonl\u00edt\u00f3 csoportokat tartalmaz\u00f3, kell\u0151en hossz\u00fa id\u0151n \u00e1t tart\u00f3 vizsg\u00e1latok.<\/p>\n\n\n\n<p class=\"wp-block-paragraph\"><a href=\"https:\/\/www.nejm.org\/doi\/10.1056\/NEJMp2402379?url_ver=Z39.88-2003&amp;rfr_id=ori:rid:crossref.org&amp;rfr_dat=cr_pub%20%200pubmed\" target=\"_blank\" rel=\"noreferrer noopener\">(22)<\/a> Salmon DA et al: Az enged\u00e9lyez\u00e9s ut\u00e1ni vakcinabiztons\u00e1gi tudom\u00e1ny finansz\u00edroz\u00e1sa. N Engl J Med 2024; 391.2:102-5<\/p>\n\n\n\n<p class=\"wp-block-paragraph\">Az olt\u00f3anyaggy\u00e1rt\u00f3k sz\u00e1nd\u00e9kosan elrejtik az olt\u00f3anyag-biztons\u00e1gi adatokat, mivel az \u00e1ltaluk megrendelt olt\u00f3anyag-biztons\u00e1gi tanulm\u00e1nyok nagy r\u00e9sz\u00e9t soha nem teszik k\u00f6zz\u00e9, mivel az eredm\u00e9nyek annyira negat\u00edvak, \u00e9s a vizsg\u00e1latokat v\u00e9gz\u0151 egyetemekkel vagy szak\u00e9rt\u0151i csoportokkal m\u00e1r el\u0151zetesen k\u00f6zz\u00e9t\u00e9teli \u00e9s titoktart\u00e1si meg\u00e1llapod\u00e1sokat k\u00f6t\u00f6ttek.<\/p>\n\n\n\n<p class=\"wp-block-paragraph\"><a href=\"https:\/\/www.nejm.org\/doi\/full\/10.1056\/NEJMsa044115\" target=\"_blank\" rel=\"noreferrer noopener\">(23)<\/a> \u201eA megkeresett 122 int\u00e9zm\u00e9nyb\u0151l 107 vett r\u00e9szt. Az adminisztr\u00e1torok k\u00f6z\u00f6tt nagy volt az egyet\u00e9rt\u00e9s a kiadv\u00e1nyokkal kapcsolatos sz\u00e1mos szerz\u0151d\u00e9ses rendelkez\u00e9s elfogadhat\u00f3s\u00e1g\u00e1t illet\u0151en. P\u00e9ld\u00e1ul t\u00f6bb mint 85 sz\u00e1zal\u00e9kuk jelezte, hogy hivataluk nem hagyna j\u00f3v\u00e1 olyan rendelkez\u00e9seket, amelyek az ipari szponzoroknak felhatalmaz\u00e1st adnak a k\u00e9ziratok fel\u00fclvizsg\u00e1lat\u00e1ra vagy annak eld\u00f6nt\u00e9s\u00e9re, hogy az eredm\u00e9nyeket k\u00f6zz\u00e9 kell-e tenni. Jelent\u0151s n\u00e9zetelt\u00e9r\u00e9s mutatkozott azon rendelkez\u00e9sek elfogadhat\u00f3s\u00e1g\u00e1t illet\u0151en, amelyek lehet\u0151v\u00e9 teszik a szponzor sz\u00e1m\u00e1ra, hogy saj\u00e1t statisztikai elemz\u00e9seit a k\u00e9ziratba foglalhassa (24 sz\u00e1zal\u00e9k enged\u00e9lyezte, 47 sz\u00e1zal\u00e9k nem enged\u00e9lyezte, 29 sz\u00e1zal\u00e9k pedig nem volt biztos abban, hogy enged\u00e9lyezn\u00e9-e), a k\u00e9ziratot szerkessze (50 sz\u00e1zal\u00e9k enged\u00e9lyezte, (50 sz\u00e1zal\u00e9k enged\u00e9lyezte, 40 sz\u00e1zal\u00e9k elutas\u00edtotta, \u00e9s 11 sz\u00e1zal\u00e9k nem volt biztos abban, hogy enged\u00e9lyezz\u00e9k-e), \u00e9s megtiltotta a vizsg\u00e1latot v\u00e9gz\u0151knek, hogy a vizsg\u00e1lat lez\u00e1r\u00e1sa ut\u00e1n harmadik f\u00e9lnek adj\u00e1k \u00e1t az adatokat (41 sz\u00e1zal\u00e9k enged\u00e9lyezte, 34 sz\u00e1zal\u00e9k elutas\u00edtotta, \u00e9s 24 sz\u00e1zal\u00e9k nem volt biztos abban, hogy enged\u00e9lyezz\u00e9k-e). A vit\u00e1k gyakran a meg\u00e1llapod\u00e1sok al\u00e1\u00edr\u00e1sa ut\u00e1n mer\u00fcltek fel, leggyakrabban a kifizet\u00e9sekkel (az adminisztr\u00e1torok 75 sz\u00e1zal\u00e9ka sz\u00e1molt be legal\u00e1bb egy ilyen vit\u00e1r\u00f3l az el\u0151z\u0151 \u00e9vben), a szellemi tulajdonjogokkal (30 sz\u00e1zal\u00e9k) \u00e9s az adatok ellen\u0151rz\u00e9s\u00e9vel vagy az azokhoz val\u00f3 hozz\u00e1f\u00e9r\u00e9ssel (17 sz\u00e1zal\u00e9k) kapcsolatban.\u201c<\/p>\n\n\n\n<p class=\"wp-block-paragraph\"><a href=\"https:\/\/api.aerzteblatt.de\/pdf\/104\/28\/a2030.pdf\" target=\"_blank\" rel=\"noreferrer noopener\">(24)<\/a> \u201eAmi s\u00e9rti a k\u00f6zerk\u00f6lcs\u00f6t, az semmis\u201c<\/p>\n\n\n\n<p class=\"wp-block-paragraph\">Mindenki sz\u00e1m\u00e1ra nyilv\u00e1nval\u00f3nak kellene lennie, hogy ez elfogadhatatlanul f\u00e9lrevezet\u0151 tudom\u00e1nyos torz\u00edt\u00e1st jelent.<\/p>\n\n\n\n<p class=\"wp-block-paragraph\">A nem beoltott gyermekek k\u00f6zvesz\u00e9lyesnek min\u0151s\u00edt\u00e9se, ahogyan azt a koronaj\u00e1rv\u00e1ny idej\u00e9n sz\u00e9ls\u0151s\u00e9ges form\u00e1ban megtapasztaltuk, nem rendelkezik sem orvosi, sem tudom\u00e1nyos alapokkal. N\u00e9metorsz\u00e1gban \u00e9vente t\u00f6bb mint 100 gyermek hal meg k\u00fcl\u00f6nb\u00f6z\u0151 fert\u0151z\u0151 betegs\u00e9gekben, de egyetlenegy sem kanyar\u00f3ban. A vesz\u00e9lyeztetett gyermekek, pl. az immunhi\u00e1nyos gyermekek teh\u00e1t m\u00e1s fert\u0151z\u00e9sekben halnak meg, \u00e9s ezt nem lehet megakad\u00e1lyozni a k\u00f6telez\u0151 kanyar\u00f3 elleni v\u00e9d\u0151olt\u00e1ssal.<\/p>\n\n\n\n<p class=\"wp-block-paragraph\">Az olt\u00e1sp\u00e1rtiak szeretnek a \u201ecsordaimmunit\u00e1s\u201c mellett \u00e9rvelni. A nem immunis embereket az immunis (beoltott) embert\u00e1rsaik nagy r\u00e9sze megv\u00e9di a fert\u0151z\u00e9st\u0151l. A \u201ecsordaimmunit\u00e1s\u201c \u00e9rv\u00e9t azonban nem szabad haszn\u00e1lni, mivel ez a kifejez\u00e9s, amely az \u00e1llatorvosl\u00e1sb\u00f3l sz\u00e1rmazik, csak a term\u00e9szetes \u00faton elkapott betegs\u00e9gekre vonatkozik, amelyek k\u00e9s\u0151bb tart\u00f3s immunit\u00e1shoz vezetnek.<\/p>\n\n\n\n<p class=\"wp-block-paragraph\"><a href=\"https:\/\/pmc.ncbi.nlm.nih.gov\/articles\/PMC7123916\/\" target=\"_blank\" rel=\"noreferrer noopener\">(25)<\/a> Hedrich A: J\u00e1rv\u00e1ny\u00fcgyi tanulm\u00e1nyok: Maryland, Baltimore, Maryland 1901-t\u0151l 1928-ig - John Hopkins University, Baltimore; Maryland (USA) 1933<\/p>\n\n\n\n<p class=\"wp-block-paragraph\">Egyetlen v\u00e9d\u0151olt\u00e1s sem eredm\u00e9nyez tart\u00f3s v\u00e9detts\u00e9get, \u00edgy egyetlen betegs\u00e9get sem lehet kiirtani. A beoltott emberek nemcsak maguk betegedhetnek meg, hanem a k\u00f3rokoz\u00f3t m\u00e1soknak is \u00e1tadhatj\u00e1k.<\/p>\n\n\n\n<p class=\"wp-block-paragraph\"><a href=\"https:\/\/pubmed.ncbi.nlm.nih.gov\/8053748\/\" target=\"_blank\" rel=\"noreferrer noopener\">(26)<\/a> \u201eNyilv\u00e1nval\u00f3 paradoxon, hogy ahogy a kanyar\u00f3 elleni v\u00e9d\u0151olt\u00e1si lefedetts\u00e9g n\u00f6vekszik egy n\u00e9pess\u00e9gben, a kanyar\u00f3 az immuniz\u00e1lt egy\u00e9nek betegs\u00e9g\u00e9v\u00e9 v\u00e1lik. A vakcina sikertelens\u00e9gi ar\u00e1nya \u00e9s a kanyar\u00f3v\u00edrus egyed\u00fcl\u00e1ll\u00f3 \u00e1tvihet\u0151s\u00e9ge miatt nem val\u00f3sz\u00edn\u0171, hogy a jelenleg rendelkez\u00e9sre \u00e1ll\u00f3, egyadagos strat\u00e9gi\u00e1ban alkalmazott kanyar\u00f3vakcina teljesen ki tudja k\u00fcsz\u00f6b\u00f6lni a kanyar\u00f3t. A kanyar\u00f3 felsz\u00e1mol\u00e1s\u00e1ra ir\u00e1nyul\u00f3 k\u00e9tadagos vakcin\u00e1z\u00e1si strat\u00e9gia hossz\u00fa t\u00e1v\u00fa siker\u00e9t m\u00e9g meg kell hat\u00e1rozni.\u201c<\/p>\n\n\n\n<p class=\"wp-block-paragraph\">Ezt az RKI adatai is meger\u0151s\u00edtik.<\/p>\n\n\n\n<p class=\"wp-block-paragraph\"><a href=\"https:\/\/www.rki.de\/DE\/Aktuelles\/Publikationen\/Epidemiologisches-Bulletin\/2024\/04_24.pdf?__blob=publicationFile&amp;v=4\" target=\"_blank\" rel=\"noreferrer noopener\">(27)<\/a> J\u00e1rv\u00e1ny\u00fcgyi k\u00f6zlem\u00e9ny 2024 \u00e1prilis\u00e1t\u00f3l<\/p>\n\n\n\n<p class=\"wp-block-paragraph\">amely szerint a fert\u0151z\u00e9sek mintegy 15-22 %-je a beoltott embereket \u00e9rintette. Eur\u00f3pa-szerte a bejelentett kanyar\u00f3s megbeteged\u00e9sek k\u00f6z\u00fcl 14 % volt egyszer vagy k\u00e9tszer beoltva 2023-ban.<\/p>\n\n\n\n<p class=\"wp-block-paragraph\"><a href=\"https:\/\/www.ecdc.europa.eu\/sites\/default\/files\/documents\/MEAS_AER_2023_Report.pdf\" target=\"_blank\" rel=\"noreferrer noopener\">(28)<\/a> \u201e<strong><em>2023-ban minden korcsoportban kanyar\u00f3s megbeteged\u00e9seket jelentettek, a legmagasabb ar\u00e1nyban \u00f6sszesen<br>nem oltott szem\u00e9lyek (86 %) megbeteged\u00e9s\u00e9t figyelt\u00e9k meg az elm\u00falt \u00f6t \u00e9vben.<\/em><\/strong>\u201e<\/p>\n\n\n\n<p class=\"wp-block-paragraph\">Egy kanyar\u00f3j\u00e1rv\u00e1ny kit\u00f6r\u00e9sekor az USA-ban a fert\u0151z\u00f6ttek 18,4 %-\u00e9t legal\u00e1bb egyszer beoltott\u00e1k.<\/p>\n\n\n\n<p class=\"wp-block-paragraph\">(29) Centers for Disease Control and Prevention: \u00bbKanyar\u00f3. Egyes\u00fclt \u00c1llamok, 1990\u00ab, Morbidity and Mortality Weekly Report, 1991, 40:369-372.<\/p>\n\n\n\n<p class=\"wp-block-paragraph\">Egy hasonl\u00f3 braz\u00edliai esem\u00e9ny sor\u00e1n a fert\u0151z\u00f6ttek 32,7 %-\u00e9t beoltott\u00e1k.<\/p>\n\n\n\n<p class=\"wp-block-paragraph\"><a href=\"https:\/\/pubmed.ncbi.nlm.nih.gov\/14715557\/\" target=\"_blank\" rel=\"noreferrer noopener\">(30)<\/a> \u201e<strong><em>A 159 beteg k\u00f6z\u00fcl 107 (67,3 %) nem volt beoltva, \u00e9s 52 (32,7 %) kapott egy vagy t\u00f6bb adag kanyar\u00f3 elleni vakcin\u00e1t.<\/em><\/strong>\u201e<\/p>\n\n\n\n<p class=\"wp-block-paragraph\">Az a puszta t\u00e9ny, hogy egy bizonyos sz\u00e1zal\u00e9k (kb. 16%)<\/p>\n\n\n\n<p class=\"wp-block-paragraph\"><a href=\"https:\/\/link.springer.com\/article\/10.1007\/BF03404484\" target=\"_blank\" rel=\"noreferrer noopener\">(31)<\/a> \u201e... <strong><em>a kanyar\u00f3 \u00e9s a mumpsz elleni kimutathat\u00f3 antitest a beoltott szem\u00e9lyek 16,4 %, illetve 22,4 % eset\u00e9ben nem volt jelen.<\/em><\/strong> ...\u201c<\/p>\n\n\n\n<p class=\"wp-block-paragraph\">vakcin\u00e1z\u00e1si kudarc\u201e k\u00f6vetkezik be, azaz a vakcin\u00e1z\u00e1s ellen\u00e9re sem t\u00f6rt\u00e9nik ellenanyagk\u00e9pz\u0151d\u00e9s, r\u00e1ad\u00e1sul a \u201csikeresen beoltottak\u201e ellenanyagszintje gyorsan cs\u00f6kken, \u00e9s \u00edgy a v\u00e9detts\u00e9g is, nem lehet el\u00e9rni a k\u00edv\u00e1nt 95 % immunit\u00e1si ar\u00e1nyt. M\u00e9g a kanyar\u00f3fert\u0151z\u00e9s okozta term\u00e9szetes immunit\u00e1s eset\u00e9n is legfeljebb 60 % elegend\u0151 a j\u00e1rv\u00e1ny megszak\u00edt\u00e1s\u00e1hoz.<\/p>\n\n\n\n<p class=\"wp-block-paragraph\"><a href=\"https:\/\/pmc.ncbi.nlm.nih.gov\/articles\/PMC7239079\/\" target=\"_blank\" rel=\"noreferrer noopener\">(33)<\/a> \u201e<strong><em>Elemz\u00e9seink k\u00fcl\u00f6n\u00f6sen arra utalnak, hogy a v\u00e1ltozatspecifikus, term\u00e9szetes \u00faton szerzett immunit\u00e1s sokkal nagyobb szerepet j\u00e1tszott, mint amire a fert\u0151z\u00e9sre val\u00f3 fog\u00e9konys\u00e1g \u00e9s kitetts\u00e9g egy\u00e9ni k\u00fcl\u00f6nbs\u00e9geit kev\u00e9sb\u00e9 figyelembe vev\u0151 modellek alapj\u00e1n sz\u00e1m\u00edtani lehetett volna (eml\u00e9kezz\u00fcnk arra, hogy a homogenit\u00e1st felt\u00e9telez\u0151 modellek 60 %-re vagy ann\u00e1l magasabbra emelik az \u00e1llom\u00e1nyimmunit\u00e1s k\u00fcsz\u00f6b\u00e9rt\u00e9k\u00e9t).<\/em><\/strong>\u201e<\/p>\n\n\n\n<p class=\"wp-block-paragraph\"><a href=\"https:\/\/www.medrxiv.org\/content\/10.1101\/2020.07.15.20154294v1\" target=\"_blank\" rel=\"noreferrer noopener\">(34)<\/a> \u201e<strong><em>\u00c1ltal\u00e1noss\u00e1gban felt\u00e9telezik, hogy a SARS-CoV-2 \u00fajb\u00f3li megjelen\u00e9s\u00e9nek megakad\u00e1lyoz\u00e1s\u00e1hoz sz\u00fcks\u00e9ges \u00e1llom\u00e1nyimmunit\u00e1si k\u00fcsz\u00f6b\u00e9rt\u00e9k (HIT) b\u00e1rmely j\u00e1rv\u00e1ny\u00fcgyi k\u00f6rnyezetben 50% felett van.<\/em><\/strong>\u201e<\/p>\n\n\n\n<p class=\"wp-block-paragraph\">A szubakut szklerotiz\u00e1l\u00f3 panencephalitis, r\u00f6viden SSPE, amelyet a sz\u00f6vets\u00e9gi eg\u00e9szs\u00e9g\u00fcgyi miniszt\u00e9rium a kanyar\u00f3 \u00e1ll\u00edt\u00f3lagos k\u00e9s\u0151i k\u00f6vetkezm\u00e9nyek\u00e9nt a k\u00f6telez\u0151 kanyar\u00f3 elleni v\u00e9d\u0151olt\u00e1s sz\u00fcks\u00e9gess\u00e9ge mellett sz\u00f3l\u00f3 \u00e9rvk\u00e9nt, valamint a sz\u00f6vets\u00e9gi alkotm\u00e1nyb\u00edr\u00f3s\u00e1g b\u00f6lcs\u0151dei hat\u00e1rozat\u00e1nak indokl\u00e1s\u00e1ban eml\u00edt, rendk\u00edv\u00fcl ritka betegs\u00e9g. A 2013 \u00e9s 2022 k\u00f6z\u00f6tti id\u0151szakban mind\u00f6ssze 29 megbeteged\u00e9s fordult el\u0151 N\u00e9metorsz\u00e1gban, azaz \u00e9vente \u00e1tlagosan kevesebb mint 3 esetet regisztr\u00e1ltak.<\/p>\n\n\n\n<p class=\"wp-block-paragraph\">(35) Bahner, Beate, \u201eKanyar\u00f3 elleni v\u00e9d\u0151olt\u00e1s \u00e9s a kanyar\u00f3 elleni v\u00e9dekez\u00e9sr\u0151l sz\u00f3l\u00f3 t\u00f6rv\u00e9ny\u201c 2025. szeptember, ISBN: 978-3-98992-133-7 240-258. o.<\/p>\n\n\n\n<p class=\"wp-block-paragraph\">Az agynak ez a fokozatosan el\u0151rehalad\u00f3 gyullad\u00e1sa, amely a legt\u00f6bb esetben hal\u00e1lhoz vezet, \u00e1tlagosan 7-10 \u00e9vvel a kanyar\u00f3fert\u0151z\u00e9s ut\u00e1n, k\u00fcl\u00f6n\u00f6sen csecsem\u0151- vagy kisgyermekkorban jelentkezik.<\/p>\n\n\n\n<p class=\"wp-block-paragraph\">Az azonban m\u00e9g mindig nem vil\u00e1gos, hogy a kor\u00e1bbi kanyar\u00f3fert\u0151z\u00e9s egy\u00e1ltal\u00e1n felel\u0151ss\u00e9 tehet\u0151-e az SSPE kialakul\u00e1s\u00e1\u00e9rt. Az egyetlen komoly tanulm\u00e1ny az elemzett esetek sz\u00e1m\u00e1t tekintve az USA-b\u00f3l sz\u00e1rmazik.<\/p>\n\n\n\n<p class=\"wp-block-paragraph\"><a href=\"https:\/\/jamanetwork.com\/journals\/jama\/article-abstract\/342424\" target=\"_blank\" rel=\"noreferrer noopener\">(36)<\/a> \u201e<strong><em>A szubakut szklerotiz\u00e1l\u00f3 panencephalitis (SSPE) 1960 \u00e9s 1970 k\u00f6z\u00f6tti nyilv\u00e1ntart\u00e1s\u00e1b\u00f3l sz\u00e1rmaz\u00f3 jelent\u00e9sben az eredm\u00e9nyek 50 sz\u00e1zal\u00e9kos \u00f6sszef\u00fcgg\u00e9st mutatnak az SSPE \u00e9s a korai kanyar\u00f3fert\u0151z\u00e9s (2 \u00e9ves kor alatt) k\u00f6z\u00f6tt. Az SSPE el\u0151fordul\u00e1si gyakoris\u00e1ga egymilli\u00f3ra tehet\u0151, \u00e9s a betegek t\u00f6bbs\u00e9ge az Egyes\u00fclt \u00c1llamok d\u00e9lkeleti r\u00e9sz\u00e9n \u00e9l.<\/em><\/strong>\u201e<\/p>\n\n\n\n<p class=\"wp-block-paragraph\">A tanulm\u00e1ny eredm\u00e9nye szerint az SSPE megbeteged\u00e9s\u00e9nek kock\u00e1zata szinte nem l\u00e9tezik, 1:1 milli\u00f3hoz.<br>Nem vil\u00e1gos, hogy az RKI hogyan jut el a 100 000 kanyar\u00f3s esetre vet\u00edtett 4-11 SSPE kock\u00e1zathoz. A nem megfelel\u0151 kock\u00e1zatbecsl\u00e9s\u00e9ben az RKI nyilv\u00e1nval\u00f3an egy m\u00f3dszertanilag hib\u00e1s 2013-as kiadv\u00e1nyra hivatkozik.<br>(Megjegyz\u00e9s t\u0151lem: A nyilatkozat szerint a tanulm\u00e1nyt \u201ea Bajor K\u00f6rnyezetv\u00e9delmi \u00e9s Eg\u00e9szs\u00e9g\u00fcgyi Miniszt\u00e9rium finansz\u00edrozta az ESPED adatgy\u0171jt\u00e9shez, valamint a Robert Koch Int\u00e9zet a Sz\u00f6vets\u00e9gi Eg\u00e9szs\u00e9g\u00fcgyi Miniszt\u00e9rium t\u00e1mogat\u00e1s\u00e1val (FKZ 1369-400)\u201c. A Robert Koch Int\u00e9zet munkat\u00e1rsai adatokat szolg\u00e1ltattak a n\u00e9metorsz\u00e1gi kanyar\u00f3fert\u0151z\u00e9sekr\u0151l, amelyeket a n\u00e9met fert\u0151z\u00e9sv\u00e9delmi t\u00f6rv\u00e9ny alapj\u00e1n jelentettek a Robert Koch Int\u00e9zetnek. Ezeket az adatokat a szerz\u0151k a tov\u00e1bbi elemz\u00e9shez felhaszn\u00e1lt\u00e1k ...\").<\/p>\n\n\n\n<p class=\"wp-block-paragraph\"><a href=\"https:\/\/pmc.ncbi.nlm.nih.gov\/articles\/PMC3706451\/\" target=\"_blank\" rel=\"noreferrer noopener\">(37)<\/a> A szubakut szklerotiz\u00e1l\u00f3 panencephalitis (SSPE) epidemiol\u00f3gi\u00e1ja N\u00e9metorsz\u00e1gban 2003 \u00e9s 2009 k\u00f6z\u00f6tt: kock\u00e1zatbecsl\u00e9s<\/p>\n\n\n\n<p class=\"wp-block-paragraph\">A tanulm\u00e1ny szerz\u0151i csak azt a nagyon kissz\u00e1m\u00fa, mind\u00f6ssze 31 esetet tudt\u00e1k elemezni, amelyek k\u00f6z\u00fcl 17 volt a<br>kanyar\u00f3 ellen beoltva. Ennek ellen\u00e9re az RKI azt \u00e1ll\u00edtja, bizony\u00edthat\u00f3an t\u00e9vesen: \u201eAz olt\u00f3anyag v\u00edrus\u00e1t soha nem mutatt\u00e1k ki a betegekn\u00e9l, \u00edgy felt\u00e9telezhet\u0151, hogy a kanyar\u00f3 elleni v\u00e9d\u0151olt\u00e1s nem okozhat SSPE-t.\u201c.\u201c<\/p>\n\n\n\n<p class=\"wp-block-paragraph\"><a href=\"https:\/\/www.rki.de\/SharedDocs\/FAQs\/DE\/Impfen\/MMR\/Masernimpfung\/FAQ-Liste_Masernimpfung.html#entry_16870994\" target=\"_blank\" rel=\"noreferrer noopener\">(38)<\/a> \u201eA szubakut szklerotiz\u00e1l\u00f3 panencephalitis (SSPE) a k\u00f6zponti idegrendszerben (CNS) megmarad\u00f3 vad kanyar\u00f3v\u00edrusok \u00e1ltal okozott betegs\u00e9g. A vakcinav\u00edrust soha nem mutatt\u00e1k ki a betegekben, \u00edgy felt\u00e9telezhet\u0151, hogy a kanyar\u00f3 elleni v\u00e9d\u0151olt\u00e1s nem okozhat SSPE-t.\u201c<\/p>\n\n\n\n<p class=\"wp-block-paragraph\">Ez nem csak a polg\u00e1rok sz\u00e1nd\u00e9kos megt\u00e9veszt\u00e9se az id\u00e9zett n\u00e9met kiadv\u00e1ny tekintet\u00e9ben, mert ez az RKI \u00e1ll\u00edt\u00e1s, amely val\u00f3sz\u00edn\u0171leg d\u00f6nt\u0151 szerepet j\u00e1tszott a k\u00f6telez\u0151 v\u00e9d\u0151olt\u00e1sr\u00f3l sz\u00f3l\u00f3 d\u00f6nt\u00e9sben, m\u00e9g a Merck Sharp &amp; Dohme gy\u00f3gyszergy\u00e1r M-M-RvaxPro h\u00e1rmas kanyar\u00f3 elleni vakcin\u00e1r\u00f3l sz\u00f3l\u00f3 technikai t\u00e1j\u00e9koztat\u00f3j\u00e1nak is ellentmond, amely szerint: <\/p>\n\n\n\n<p class=\"wp-block-paragraph\"><a href=\"https:\/\/www.fachinfo.de\/fi\/pdf\/010432\/m-m-rvaxpro-r\" target=\"_blank\" rel=\"noreferrer noopener\">(39)<\/a> \u201eOlyan gyermekekn\u00e9l, akiknek a k\u00f3rt\u00f6rt\u00e9net\u00e9ben nem szerepelt vadkanyar\u00f3v\u00edrus-fert\u0151z\u00e9s, de kanyar\u00f3 elleni v\u00e9d\u0151olt\u00e1st kaptak, SSPE-r\u0151l sz\u00e1moltak be. Ezen esetek egy r\u00e9sze az \u00e9let els\u0151 \u00e9v\u00e9ben t\u00f6rt\u00e9nt, fel nem ismert kanyar\u00f3fert\u0151z\u00e9s vagy a kanyar\u00f3 elleni v\u00e9d\u0151olt\u00e1s k\u00f6vetkezm\u00e9nye lehet.\u201c<\/p>\n\n\n\n<p class=\"wp-block-paragraph\">Beate Bahner \u00fcgyv\u00e9dn\u0151 \u00edrja:<\/p>\n\n\n\n<p class=\"wp-block-paragraph\">(40) \u201eBahner, Beate , \u201eKanyar\u00f3 elleni v\u00e9d\u0151olt\u00e1s \u00e9s kanyar\u00f3 elleni v\u00e9dekez\u00e9si t\u00f6rv\u00e9ny\u201c 2025. szeptember, ISBN: 978-3-98992-133-7 255. o.\u201c<\/p>\n\n\n\n<p class=\"wp-block-paragraph\"> \u201eHogyan b\u00edzhatunk meg egy olyan \u00e1llami int\u00e9zm\u00e9nyben, mint a Robert Koch Int\u00e9zet, amikor olyan \u00e1ll\u00edt\u00e1sokat tesz, amelyeket tudom\u00e1nyosan m\u00e1r \u00e9vek \u00f3ta c\u00e1folnak, \u00e9s m\u00e9g a gy\u00e1rt\u00f3 saj\u00e1t inform\u00e1ci\u00f3inak is ellentmondanak?\u201c.\"<\/p>\n\n\n\n<p class=\"wp-block-paragraph\">A pszichoneuroimmunol\u00f3gia olyan publik\u00e1ci\u00f3kkal is szolg\u00e1l, amelyek egy\u00e9rtelm\u0171en a k\u00f6telez\u0151 v\u00e9d\u0151olt\u00e1sok ellen sz\u00f3lnak. E tanulm\u00e1nyok eredm\u00e9nyei azt mutatj\u00e1k, hogy a stressz az immunaktivit\u00e1s cs\u00f6kkent\u00e9se r\u00e9v\u00e9n cs\u00f6kkentett antitesttiterhez \u00e9s a vakcin\u00e1z\u00e1s mell\u00e9khat\u00e1sainak fokozott kock\u00e1zat\u00e1hoz vezethet.<\/p>\n\n\n\n<p class=\"wp-block-paragraph\"><a href=\"https:\/\/pubmed.ncbi.nlm.nih.gov\/15039506\/\" target=\"_blank\" rel=\"noreferrer noopener\">(41)<\/a> \u201eAmennyiben a megfigyel\u00e9si id\u0151szak alatt magasabb stressz-szintr\u0151l sz\u00e1moltak be, az alanyok rosszabb antitestv\u00e1laszt mutattak az \u00faj-kaled\u00f3niai vakcinat\u00f6rzsre. Az olt\u00e1s el\u0151tti k\u00e9t napon \u00e9s az olt\u00e1s napj\u00e1n m\u00e9rt stressz\u00e9rt\u00e9kek nem \u00e1lltak \u00f6sszef\u00fcgg\u00e9sben az antitestv\u00e1laszt illet\u0151en. Az olt\u00e1st k\u00f6vet\u0151 t\u00edz nap azonban olyan id\u0151ablaknak t\u0171nt, amelyben a stressz k\u00fcl\u00f6nb\u00f6z\u0151 m\u00e9rt\u00e9kben befoly\u00e1solhatja a hossz\u00fa t\u00e1v\u00fa antitestv\u00e1laszt. A lehets\u00e9ges k\u00f6zvet\u00edt\u0151 utakat illet\u0151en kev\u00e9s bizony\u00edt\u00e9k volt arra, hogy a kortizolfelszabadul\u00e1s, az alkoholfogyaszt\u00e1s, a fizikai aktivit\u00e1s vagy a doh\u00e1nyz\u00e1s szerepet j\u00e1tszana. Az elemz\u00e9sek azonban \u00f6sszhangban voltak egy olyan mint\u00e1val, amelyben a stressz \u00e9rz\u00e9se \u00e9s az alv\u00e1shi\u00e1ny egy \u00f6nmag\u00e1t er\u0151s\u00edt\u0151 k\u00f6rforg\u00e1sba l\u00e9p, amely v\u00e9g\u00fcl gyeng\u00edti a humor\u00e1lis immunv\u00e1laszt. Ezek az eredm\u00e9nyek r\u00e1vil\u00e1g\u00edthatnak azokra a mechanizmusokra, amelyek r\u00e9v\u00e9n a stressz n\u00f6veli a fert\u0151z\u0151 betegs\u00e9gekre val\u00f3 fog\u00e9konys\u00e1got.\u201e<\/p>\n\n\n\n<p class=\"wp-block-paragraph\"><a href=\"https:\/\/pmc.ncbi.nlm.nih.gov\/articles\/PMC7841255\/\" target=\"_blank\" rel=\"noreferrer noopener\">(42)<\/a> \u201eA mi laborat\u00f3riumunk \u00e9s sok m\u00e1s laborat\u00f3rium \u00e1ltal v\u00e9gzett tanulm\u00e1nyok a pszichol\u00f3giai \u00e9s viselked\u00e9si t\u00e9nyez\u0151ket az immunrendszer sz\u00e1mos k\u00fcl\u00f6nb\u00f6z\u0151 t\u00edpus\u00fa vakcin\u00e1ra adott v\u00e1lasz\u00e1nak kulcsfontoss\u00e1g\u00fa meghat\u00e1roz\u00f3 t\u00e9nyez\u0151ik\u00e9nt azonos\u00edtott\u00e1k, ami seg\u00edt meghat\u00e1rozni a mell\u00e9khat\u00e1sok profilj\u00e1t \u00e9s a hat\u00e9konys\u00e1got is.\u201c - mondta.\u201c<\/p>\n\n\n\n<p class=\"wp-block-paragraph\">K\u00fcl\u00f6n\u00f6sen azok a sz\u00fcl\u0151k, akiknek akaratuk ellen\u00e9re kell beoltatniuk gyermekeiket, jelent\u0151s pszichoszoci\u00e1lis nyom\u00e1snak vannak kit\u00e9ve, \u00e9s ezt \u00e1tadj\u00e1k gyermekeiknek. A k\u00f6telez\u0151 v\u00e9d\u0151olt\u00e1s ez\u00e9rt a gyermekek \u00e9rzelmi \u00e9s fizikai b\u00e1ntalmaz\u00e1s\u00e1t is okozza.<\/p>\n\n\n\n<p class=\"wp-block-paragraph\">Immunol\u00f3giai szempontb\u00f3l a k\u00f6vetkez\u0151 f\u00e9lelmet kell kifejezni, amely \u00e1ltal\u00e1noss\u00e1gban minden gyermekbetegs\u00e9g elleni v\u00e9d\u0151olt\u00e1sra vonatkozik: a term\u00e9szetes fert\u0151z\u00e9si tapasztalatok \u00e1tfog\u00f3 v\u00e9d\u0151olt\u00e1si programok r\u00e9v\u00e9n t\u00f6rt\u00e9n\u0151 hossz\u00fa t\u00e1v\u00fa cs\u00f6kkent\u00e9se cs\u00f6kkentheti az epigenetikai lenyomatot \u00e9s ez\u00e1ltal a popul\u00e1ci\u00f3 immunol\u00f3giai ellen\u00e1ll\u00f3 k\u00e9pess\u00e9g\u00e9t, ami gener\u00e1ci\u00f3k sor\u00e1n n\u00f6velheti az \u00faj k\u00f3rokoz\u00f3kkal szembeni fog\u00e9konys\u00e1got vagy az immunrendszer diszregul\u00e1ci\u00f3j\u00e1t.<\/p>\n\n\n\n<p class=\"wp-block-paragraph\">Ezen egy\u00e9rtelm\u0171 orvosi-tudom\u00e1nyos t\u00e9nyek \u00e9s a kanyar\u00f3 elleni v\u00e9d\u0151olt\u00e1s elleni sz\u00e1mos \u00e9rv ellen\u00e9re az olt\u00e1st kritikusan szeml\u00e9l\u0151 orvosok az igazs\u00e1g\u00fcgyi hat\u00f3s\u00e1gok c\u00e9lkeresztj\u00e9be ker\u00fclnek, \u00e9s b\u00fcntet\u0151elj\u00e1r\u00e1st kock\u00e1ztatnak, m\u00e9g akkor is, ha ellenjavallati igazol\u00e1st \u00e1ll\u00edtanak ki! Ezt elfogadhatatlannak tartjuk.<\/p>\n\n\n\n<h2 class=\"wp-block-heading\"><span class=\"ez-toc-section\" id=\"Rechtsgutachten_%E2%80%93_Ist_die_Impfpflicht_nach_dem_geplanten_Masernschutzgesetz_verfassungswidrig\"><\/span>Jogi v\u00e9lem\u00e9ny - Az olt\u00e1si k\u00f6telezetts\u00e9g a (tervezett) kanyar\u00f3 elleni v\u00e9dekez\u00e9sr\u0151l sz\u00f3l\u00f3 t\u00f6rv\u00e9ny szerint \u00e1ll fenn?<br>alkotm\u00e1nyellenes?<span class=\"ez-toc-section-end\"><\/span><\/h2>\n\n\n\n<p class=\"wp-block-paragraph\">Prof. Dr. Stephan Rixen, a Bayreuthi Egyetem k\u00f6zjogi, szoci\u00e1lgazdas\u00e1gi \u00e9s eg\u00e9szs\u00e9g\u00fcgyi jogi tansz\u00e9k\u00e9nek 2019. okt\u00f3ber 11-\u00e9n kelt jogi szakv\u00e9lem\u00e9nye a <a href=\"https:\/\/individuelle-impfentscheidung.de\/fileadmin\/Downloads\/Rechtsgutachten_Rixen_Langfassung.pdf\" target=\"_blank\" rel=\"noreferrer noopener\">Hossz\u00fa v\u00e1ltozat<\/a>. \u00cdme egy er\u0151sen r\u00f6vid\u00edtett \u00f6sszefoglal\u00f3.<\/p>\n\n\n\n<p class=\"wp-block-paragraph\">A jelent\u00e9s a kanyar\u00f3 elleni v\u00e9d\u0151olt\u00e1sr\u00f3l sz\u00f3l\u00f3 t\u00f6rv\u00e9ny (IfSchG-E) alapj\u00e1n tervezett kanyar\u00f3 elleni v\u00e9d\u0151olt\u00e1si k\u00f6telezetts\u00e9g alkotm\u00e1nyoss\u00e1g\u00e1t elemzi. A k\u00f6zponti k\u00f6vetkeztet\u00e9s az, hogy a tervezett k\u00f6telez\u0151 v\u00e9d\u0151olt\u00e1s a maga konkr\u00e9t form\u00e1j\u00e1ban alkotm\u00e1nyellenes. Ez s\u00e9rti a gyermekek, a sz\u00fcl\u0151k \u00e9s az orvosok alapvet\u0151 jogait.<\/p>\n\n\n\n<h3 class=\"wp-block-heading\"><span class=\"ez-toc-section\" id=\"Betroffene_Grundrechte\"><\/span>\u00c9rintett alapvet\u0151 jogok<span class=\"ez-toc-section-end\"><\/span><\/h3>\n\n\n\n<p class=\"wp-block-paragraph\">A jelent\u00e9s az alapvet\u0151 jogok k\u00f6vetkez\u0151 megs\u00e9rt\u00e9s\u00e9t \u00e1llap\u00edtja meg:<\/p>\n\n\n\n<ul class=\"wp-block-list\">\n<li>A testi \u00e9ps\u00e9ghez val\u00f3 alapvet\u0151 jog (GG 2. cikk II 1. cikk): Az olt\u00e1si k\u00f6telezetts\u00e9g k\u00f6zvetlen\u00fcl beavatkozik ebbe a jogba.<\/li>\n\n\n\n<li>Sz\u00fcl\u0151i jogok (GG 6 II 1. cikk): A sz\u00fcl\u0151k elvesz\u00edtik a gyermek\u00fckkel kapcsolatos orvosi int\u00e9zked\u00e9sekr\u0151l val\u00f3 d\u00f6nt\u00e9s szabads\u00e1g\u00e1t.<\/li>\n\n\n\n<li>Egyenl\u0151s\u00e9gi jogok (GG I. 3. cikk): Az \u00f6sszehasonl\u00edthat\u00f3 helyzetek elt\u00e9r\u0151 kezel\u00e9se a b\u00f6lcs\u0151d\u00e9kben, a gyermeknapk\u00f6zi otthonokban \u00e9s az iskol\u00e1kban nem indokolt.<\/li>\n\n\n\n<li>Az orvosok szakmai szabads\u00e1ga (GG I. 12. cikk): Az orvosok k\u00f6telesek az STIKO aj\u00e1nl\u00e1sai szerint elj\u00e1rni, m\u00e9g akkor is, ha ez ellentmond orvosi meggy\u0151z\u0151d\u00e9s\u00fcknek.<\/li>\n<\/ul>\n\n\n\n<h3 class=\"wp-block-heading\"><span class=\"ez-toc-section\" id=\"Regelungsmechanismus_und_Zwangsstruktur\"><\/span>Szab\u00e1lyoz\u00e1si mechanizmus \u00e9s k\u00e9nyszer\u00edt\u0151 strukt\u00fara<span class=\"ez-toc-section-end\"><\/span><\/h3>\n\n\n\n<p class=\"wp-block-paragraph\">A tervezett t\u00f6rv\u00e9ny h\u00e9t, egym\u00e1ssal \u00f6sszef\u00fcgg\u0151 szab\u00e1lyoz\u00e1son kereszt\u00fcl m\u0171k\u00f6dik, amelyek a n\u00f6vekv\u0151 nyom\u00e1s mechanizmus\u00e1t hozz\u00e1k l\u00e9tre:<\/p>\n\n\n\n<ul class=\"wp-block-list\">\n<li>Alapvet\u0151 k\u00f6telezetts\u00e9g: olt\u00e1si v\u00e9detts\u00e9g \u201afelmutat\u00e1sa\u2018 (olt\u00e1s bead\u00e1sa)<\/li>\n\n\n\n<li>Bizony\u00edt\u00e1si k\u00f6telezetts\u00e9g a b\u00f6lcs\u0151de fel\u00e9<\/li>\n\n\n\n<li>Olt\u00e1s hi\u00e1ny\u00e1ban a b\u00f6lcs\u0151d\u00e9kbe val\u00f3 felv\u00e9tel tilalma<\/li>\n\n\n\n<li>Bizony\u00edt\u00e1si k\u00f6telezetts\u00e9g az eg\u00e9szs\u00e9g\u00fcgyi hat\u00f3s\u00e1g fel\u00e9, b\u00edrs\u00e1ggal s\u00fajthat\u00f3an<\/li>\n\n\n\n<li>Konzult\u00e1ci\u00f3ra val\u00f3 felh\u00edv\u00e1s \u00e9s hi\u00e1nyp\u00f3tl\u00e1si felh\u00edv\u00e1s<\/li>\n\n\n\n<li>Tart\u00f3zkod\u00e1si tilalom (azonnali v\u00e9grehajt\u00e1ssal)<\/li>\n\n\n\n<li>Adattov\u00e1bb\u00edt\u00e1s a k\u00f6zeg\u00e9szs\u00e9g\u00fcgyi hivatalnak<\/li>\n<\/ul>\n\n\n\n<p class=\"wp-block-paragraph\">A jelent\u00e9s b\u00edr\u00e1lja azt a t\u00e9nyt, hogy az olt\u00e1si d\u00f6nt\u00e9s \u201a\u00f6nk\u00e9ntes\u2018 jelleg\u00e9t gyakorlatilag semmiss\u00e9 teszi ezen int\u00e9zked\u00e9sek halmoz\u00e1sa.<\/p>\n\n\n\n<h3 class=\"wp-block-heading\"><span class=\"ez-toc-section\" id=\"Kritik_an_der_Verhaltnismasigkeit\"><\/span>Az ar\u00e1nyoss\u00e1g kritik\u00e1ja<span class=\"ez-toc-section-end\"><\/span><\/h3>\n\n\n\n<p class=\"wp-block-paragraph\">A szak\u00e9rt\u0151 v\u00e9lem\u00e9nye szerint a t\u00f6rv\u00e9ny ar\u00e1nytalan:<\/p>\n\n\n\n<p class=\"wp-block-paragraph\"><strong>Sz\u00fcks\u00e9gess\u00e9g<\/strong><br>Tekintettel az els\u0151 olt\u00e1s 97,1% \u00e9s a m\u00e1sodik olt\u00e1s 92,8% olt\u00e1si ar\u00e1ny\u00e1ra, felmer\u00fcl a k\u00e9rd\u00e9s, hogy sz\u00fcks\u00e9g van-e k\u00e9nyszerre. Optimaliz\u00e1lt olt\u00e1si tan\u00e1csad\u00e1ssal a c\u00e9lt ilyen drasztikus hat\u00e1s n\u00e9lk\u00fcl is el lehetne \u00e9rni. A m\u00e1sodik olt\u00e1s k\u00fcl\u00f6n\u00f6sen problematikus azon gyermekek eset\u00e9ben, akik az els\u0151 olt\u00e1s ut\u00e1n m\u00e1r immunisak - ez csak a t\u00f6bbiek v\u00e9delm\u00e9t szolg\u00e1lja.<\/p>\n\n\n\n<p class=\"wp-block-paragraph\"><strong>\u00c9sszer\u0171s\u00e9g<\/strong><br>A rendelkez\u00e9sek \u00e9sszer\u0171tlenek, mert: (b) m\u00e1s betegs\u00e9gek elleni kombin\u00e1lt vakcin\u00e1kat alkalmaznak (MMR\/MMRV a kanyar\u00f3 helyett), ami hallgat\u00f3lagos kiterjeszt\u00e9shez vezet.<\/p>\n\n\n\n<h3 class=\"wp-block-heading\"><span class=\"ez-toc-section\" id=\"Rechtsstaatliche_und_demokratische_Mangel\"><\/span>Jog\u00e1llamis\u00e1g \u00e9s demokratikus hi\u00e1nyoss\u00e1gok<span class=\"ez-toc-section-end\"><\/span><\/h3>\n\n\n\n<p class=\"wp-block-paragraph\"><strong>K\u00fcl\u00f6nleges funkci\u00f3<\/strong><br>A t\u00f6rv\u00e9ny k\u00f6zpontilag hivatkozik az \u00c1lland\u00f3 Olt\u00e1si Bizotts\u00e1g (STIKO) aj\u00e1nl\u00e1saira, an\u00e9lk\u00fcl, hogy vil\u00e1goss\u00e1 tenn\u00e9, hogy ezek mely r\u00e9szei alkalmazand\u00f3k, \u00e9s hogy ez hogyan viszonyul a Sz\u00e1sz Olt\u00e1si Bizotts\u00e1g (SIKO) aj\u00e1nl\u00e1saihoz. Ez a jog\u00e1llamis\u00e1g szempontj\u00e1b\u00f3l elfogadhatatlan bizonytalans\u00e1ghoz vezet.<\/p>\n\n\n\n<p class=\"wp-block-paragraph\"><strong>Deleg\u00e1ci\u00f3<\/strong><br>Az \u00c1NTSZ a beutal\u00f3k r\u00e9v\u00e9n t\u00e9nyleges jogalkot\u00f3v\u00e1 v\u00e1lik, amely a k\u00f6telez\u0151 v\u00e9d\u0151olt\u00e1sok k\u00f6r\u00e9t \u00e9s tartalm\u00e1t a parlament hat\u00e9kony ellen\u0151rz\u00e9se n\u00e9lk\u00fcl hat\u00e1rozza meg. Ez ellentmond az Alapt\u00f6rv\u00e9ny demokratikus elv\u00e9nek.<\/p>\n\n\n\n<h3 class=\"wp-block-heading\"><span class=\"ez-toc-section\" id=\"Das_Kombinationsimpfstoff-Problem\"><\/span>A kombin\u00e1lt vakcina probl\u00e9m\u00e1ja<span class=\"ez-toc-section-end\"><\/span><\/h3>\n\n\n\n<p class=\"wp-block-paragraph\">A k\u00f6zponti probl\u00e9ma: a t\u00f6rv\u00e9ny \u00e1ltal\u00e1nosan enged\u00e9lyezi a kombin\u00e1lt vakcin\u00e1kat. Mivel ezek nyilv\u00e1nval\u00f3an csak N\u00e9metorsz\u00e1gban \u00e1llnak rendelkez\u00e9sre (jelenleg MMR vagy MMRV), a t\u00f6rv\u00e9ny hallgat\u00f3lagosan enged\u00e9lyezi a korl\u00e1tlan kiterjeszt\u00e9st. A gy\u00f3gyszeripar a j\u00f6v\u0151ben tov\u00e1bbi betegs\u00e9gekkel b\u0151v\u00edthetn\u00e9 az olt\u00f3anyagokat an\u00e9lk\u00fcl, hogy ezt t\u00f6rv\u00e9ny szab\u00e1lyozn\u00e1. A kanyar\u00f3 elleni k\u00f6telez\u0151 v\u00e9d\u0151olt\u00e1s \u00edgy de facto t\u00f6bb betegs\u00e9g elleni k\u00f6telez\u0151 v\u00e9d\u0151olt\u00e1ss\u00e1 v\u00e1lik an\u00e9lk\u00fcl, hogy ezt \u00e1tl\u00e1that\u00f3an szab\u00e1lyozn\u00e1k.<\/p>\n\n\n\n<h3 class=\"wp-block-heading\"><span class=\"ez-toc-section\" id=\"Fazit\"><\/span>K\u00f6vetkeztet\u00e9s<span class=\"ez-toc-section-end\"><\/span><\/h3>\n\n\n\n<p class=\"wp-block-paragraph\">A jelent\u00e9s meg\u00e1llap\u00edtja, hogy a tervezett k\u00f6telez\u0151 kanyar\u00f3 elleni v\u00e9d\u0151olt\u00e1si program jelenlegi form\u00e1j\u00e1ban a k\u00f6vetkez\u0151k\u00f6n alapul <strong>t\u00f6bb szempontb\u00f3l is alkotm\u00e1nyellenes<\/strong> az.<\/p>\n\n\n\n<p class=\"wp-block-paragraph\">A t\u00f6rv\u00e9ny <\/p>\n\n\n\n<ul class=\"wp-block-list\">\n<li>alapvet\u0151 jogokat s\u00e9rt<\/li>\n\n\n\n<li>nem kell\u0151en meghat\u00e1rozott<\/li>\n\n\n\n<li>nem demokratikusan legitim\u00e1lt<\/li>\n\n\n\n<li>nem ar\u00e1nyos<\/li>\n<\/ul>\n\n\n\n<p class=\"wp-block-paragraph\">K\u00fcl\u00f6n\u00f6sen kritikusak a k\u00f6vetkez\u0151k <\/p>\n\n\n\n<ul class=\"wp-block-list\">\n<li>A szab\u00e1lyoz\u00e1si koncepci\u00f3 k\u00f6vetkezetess\u00e9g\u00e9nek hi\u00e1nya<\/li>\n\n\n\n<li>Tacit terjeszked\u00e9s kombin\u00e1lt vakcin\u00e1k r\u00e9v\u00e9n<\/li>\n\n\n\n<li>Jogalkot\u00e1s \u00e1truh\u00e1z\u00e1sa az STIKO-ra.<\/li>\n<\/ul>\n\n\n\n<p class=\"wp-block-paragraph\">A szak\u00e9rt\u0151 az alkotm\u00e1nynak megfelel\u0151, az alapvet\u0151 jogokat kev\u00e9sb\u00e9 korl\u00e1toz\u00f3 \u00e9s k\u00f6vetkezetesebb \u00faj szab\u00e1lyoz\u00e1s mellett \u00e9rvel.<\/p>\n\n\n\n<h2 class=\"wp-block-heading\"><span class=\"ez-toc-section\" id=\"Entwicklungen_seit_2019\"><\/span>Fejlem\u00e9nyek 2019 \u00f3ta<span class=\"ez-toc-section-end\"><\/span><\/h2>\n\n\n\n<h3 class=\"wp-block-heading\"><span class=\"ez-toc-section\" id=\"Bundesverfassungsgericht_2022\"><\/span><strong>Sz\u00f6vets\u00e9gi Alkotm\u00e1nyb\u00edr\u00f3s\u00e1g (2022)<\/strong><span class=\"ez-toc-section-end\"><\/span><\/h3>\n\n\n\n<p class=\"wp-block-paragraph\">A sz\u00f6vets\u00e9gi alkotm\u00e1nyb\u00edr\u00f3s\u00e1g 2022. j\u00falius 21-\u00e9n hozott \u00edt\u00e9let\u00e9ben meger\u0151s\u00edtette, hogy a kanyar\u00f3 elleni v\u00e9d\u0151olt\u00e1si k\u00f6telezetts\u00e9g alkotm\u00e1nyos, \u00e9s elutas\u00edtotta az \u00e9rintett csal\u00e1dok \u00e1ltal beny\u00fajtott n\u00e9gy keresetet. A karlsruhei b\u00edr\u00e1k az alapvet\u0151 jogokba val\u00f3 beavatkoz\u00e1st \u00e9sszer\u0171nek \u00e9s ez\u00e9rt indokoltnak \u00edt\u00e9lt\u00e9k.<\/p>\n\n\n\n<h3 class=\"wp-block-heading\"><span class=\"ez-toc-section\" id=\"Das_Kombinationsimpfstoff-Problem_wurde_Realitat\"><\/span><strong>A kombin\u00e1lt vakcin\u00e1k probl\u00e9m\u00e1ja val\u00f3s\u00e1gg\u00e1 v\u00e1lt<\/strong> <span class=\"ez-toc-section-end\"><\/span><\/h3>\n\n\n\n<p class=\"wp-block-paragraph\">A \u201eKanyar\u00f3 \u00e9l\u0151 vakcina\u201c kanyar\u00f3 elleni vakcina m\u00e1r nem kaphat\u00f3, a forgalmaz\u00f3 visszaadta az enged\u00e9lyt. Ez azt jelenti, hogy az utols\u00f3 egy\u00e9ni kanyar\u00f3 elleni vakcina elt\u0171nik Eur\u00f3p\u00e1b\u00f3l, \u00e9s a sz\u00fcl\u0151knek t\u00f6bb\u00e9 nem lesz alternat\u00edv\u00e1ja a kombin\u00e1lt vakcin\u00e1kkal (MMR\/MMRV) t\u00f6rt\u00e9n\u0151 de facto k\u00f6telez\u0151 olt\u00e1snak. A <em>Orvosok az egy\u00e9ni olt\u00e1si d\u00f6nt\u00e9sekhez e. V.<\/em> ezt tette k\u00f6zz\u00e9 inform\u00e1ci\u00f3s oldal\u00e1n <a href=\"https:\/\/individuelle-impfentscheidung.de\/aktuelles\/masern-impfpflicht.html\" target=\"_blank\" rel=\"noreferrer noopener\">Kanyar\u00f3 \u00e9s dift\u00e9ria: A vakcin\u00e1k enged\u00e9lyez\u00e9si vizsg\u00e1latai eset\u00e9ben szok\u00e1sos m\u00f3don nincs klinikai bizony\u00edt\u00e9k a hat\u00e9konys\u00e1gra.<\/a> tematiz\u00e1lva.<\/p>\n\n\n\n<p class=\"wp-block-paragraph\">Rixen pontosan ezt kritiz\u00e1lta, mint a k\u00f6telez\u0151 v\u00e9d\u0151olt\u00e1sok rejtett, korl\u00e1tlan kiterjeszt\u00e9s\u00e9t.<\/p>\n\n\n\n<h3 class=\"wp-block-heading\"><span class=\"ez-toc-section\" id=\"RKI-Bilanz_nach_5_Jahren_2025\"><\/span><strong>Az RKI m\u00e9rlege 5 \u00e9v m\u00falva (2025)<\/strong><span class=\"ez-toc-section-end\"><\/span><\/h3>\n\n\n\n<p class=\"wp-block-paragraph\">A k\u00f6telez\u0151 kanyar\u00f3 elleni v\u00e9d\u0151olt\u00e1s \u00f6t \u00e9ve ut\u00e1n az eredm\u00e9nyek vegyesek: az olt\u00e1si ar\u00e1nyok emelkedtek, de a megn\u00f6vekedett olt\u00e1si ar\u00e1nyok ellen\u00e9re N\u00e9metorsz\u00e1gban tavaly jelent\u0151sen, t\u00f6bb mint 560 esetre n\u0151tt a kanyar\u00f3fert\u0151z\u00e9sek sz\u00e1ma. <a href=\"https:\/\/www.gelbe-liste.de\/immunologie\/masernimpfpflicht-erfolg-bewertung\" target=\"_blank\" rel=\"noreferrer noopener\">A k\u00f6telez\u0151 kanyar\u00f3immuniz\u00e1l\u00e1s \u00f6t \u00e9ve: kritikai \u00e1ttekint\u00e9s.<\/a><\/p>\n\n\n\n<p class=\"wp-block-paragraph\">A 24 h\u00f3napos kor\u00fa, k\u00e9tszeresen oltott gyermekek olt\u00e1si ar\u00e1nya 70 %-r\u0151l (2019) 77 %-re (2023), a 6 \u00e9vesek\u00e9 pedig 92 %-re (2023) emelkedett a S\u00e1rga lista c\u00edmsz\u00f3 szerint. <a href=\"https:\/\/www.gelbe-liste.de\/immunologie\/masernimpfpflicht-erfolg-bewertung\" target=\"_blank\" rel=\"noreferrer noopener\">5 \u00e9v k\u00f6telez\u0151 kanyar\u00f3 elleni v\u00e9d\u0151olt\u00e1s: a k\u00f6zeg\u00e9szs\u00e9g\u00fcgy r\u00e9szleges sikere<\/a>. A WHO 95% jelz\u0151sz\u00e1m\u00e1t azonban nem \u00e9rt\u00e9k el.<\/p>\n\n\n\n<h3 class=\"wp-block-heading\"><span class=\"ez-toc-section\" id=\"Kritische_Nebeneffekte\"><\/span><strong>Kritikus mell\u00e9khat\u00e1sok<\/strong> <span class=\"ez-toc-section-end\"><\/span><\/h3>\n\n\n\n<p class=\"wp-block-paragraph\">Az elemz\u00e9s t\u00e1rsadalmi egyenl\u0151tlens\u00e9geket is felt\u00e1rt: Az alacsonyabb iskolai v\u00e9gzetts\u00e9g\u0171ek vagy alacsonyabb j\u00f6vedelemmel rendelkez\u0151k gyakran kevesebbet tudtak a k\u00f6telez\u0151 v\u00e9d\u0151olt\u00e1sr\u00f3l, \u00e9s a szankci\u00f3k miatt nagyobb stressznek voltak kit\u00e9ve. A sz\u00fcl\u0151k mintegy 10-12 %-je d\u00fch\u00e9t fejezte ki a k\u00f6telezetts\u00e9g miatt, \u00e9s egyes esetekben m\u00e1s olt\u00e1sokat is visszautas\u00edtottak.<\/p>\n\n\n\n<h3 class=\"wp-block-heading\"><span class=\"ez-toc-section\" id=\"Ausgeloster_Status\"><\/span><strong>Kioldott \u00e1llapot<\/strong><span class=\"ez-toc-section-end\"><\/span><\/h3>\n\n\n\n<p class=\"wp-block-paragraph\">A Sz\u00f6vets\u00e9gi Alkotm\u00e1nyb\u00edr\u00f3s\u00e1g egy r\u00e9szletre tett \u00e9szrev\u00e9telt: a fert\u0151z\u00e9sv\u00e9delmi t\u00f6rv\u00e9ny csak a ma szok\u00e1sos kombin\u00e1ci\u00f3kat engedi meg, azaz a mumpsz, a rubeola \u00e9s a b\u00e1r\u00e1nyhiml\u0151vel, de m\u00e1s tov\u00e1bbi betegs\u00e9gekkel nem. A b\u00edr\u00e1k \u00fagy v\u00e9lik, hogy a kombin\u00e1lt olt\u00e1sok \u201ealapvet\u0151en el\u0151ny\u00f6sek a gyermekek sz\u00e1m\u00e1ra\u201c, mivel az STIKO aj\u00e1nlja \u0151ket, ahogy az olvashat\u00f3 a <a href=\"https:\/\/www.haufe.de\/oeffentlicher-dienst\/personal-tarifrecht\/verlaengerung-der-frist-zum-nachweis-des-masernschutzes_144_538416.html\" target=\"_blank\" rel=\"noreferrer noopener\">A sz\u00f6vets\u00e9gi alkotm\u00e1nyb\u00edr\u00f3s\u00e1g j\u00f3v\u00e1hagyta a b\u00f6lcs\u0151dei gyermekek k\u00f6telez\u0151 kanyar\u00f3 elleni v\u00e9d\u0151olt\u00e1s\u00e1t<\/a>.<\/p>\n\n\n\n<h3 class=\"wp-block-heading\"><span class=\"ez-toc-section\" id=\"Fazit-2\"><\/span><strong>F<\/strong>azit<span class=\"ez-toc-section-end\"><\/span><\/h3>\n\n\n\n<p class=\"wp-block-paragraph\"><strong>A BVerfG j\u00f3v\u00e1hagyta a k\u00f6telez\u0151 v\u00e9d\u0151olt\u00e1st<\/strong>, de Prof. Dr. Stephan Rixennek igaza volt a kombin\u00e1lt vakcina probl\u00e9m\u00e1j\u00e1val kapcsolatban: az egyszeri vakcina val\u00f3ban elt\u0171nt. A gyakorlati hat\u00e9konys\u00e1g korl\u00e1tozott (a c\u00e9l\u00e9rt\u00e9keket nem siker\u00fclt el\u00e9rni, de az olt\u00e1si ar\u00e1nyok n\u00f6vekedtek).<\/p>","protected":false},"excerpt":{"rendered":"<p><span class=\"span-reading-time rt-reading-time\" style=\"display: block;\"><span class=\"rt-label rt-prefix\">Olvas\u00e1si id\u0151<\/span> <span class=\"rt-time\"> 21<\/span> <span class=\"rt-label rt-postfix\">percek<\/span><\/span>Bevor wir uns dem Masernschutzgesetz im Rahmen des Infektionsschutzgesetzes (IfSG) widmen, zun\u00e4chst eine wissenschaftliche Erl\u00e4uterung der Masern-Virus-Immunologie. Was sind Masern? &#8211; Spezifische Evasionsmechanismen Defizit\u00e4re Interferon-Antwort und NF-\u03baB-Dependenz Der zentrale immunologische Defekt bei Masern ist grundlegend anders als die klassische virale Immunantwort: Masern-Virus-Infektion induziert keine Typ-1-Interferone, f\u00fchrt aber zur Produktion von Zytokinen und Chemokinen, die mit&hellip;&nbsp;<a href=\"https:\/\/csiag.eu\/hu\/blog\/2026\/02\/22\/masernschutzgesetz\/\" rel=\"bookmark\">Olvass tov\u00e1bb \"<span class=\"screen-reader-text\">Kanyar\u00f3 \u201cv\u00e9delmi\u201c t\u00f6rv\u00e9ny?<\/span><\/a><\/p>","protected":false},"author":1,"featured_media":0,"comment_status":"open","ping_status":"open","sticky":false,"template":"","format":"standard","meta":{"_lmt_disableupdate":"","_lmt_disable":"","neve_meta_sidebar":"","neve_meta_container":"","neve_meta_enable_content_width":"","neve_meta_content_width":0,"neve_meta_title_alignment":"","neve_meta_author_avatar":"","neve_post_elements_order":"","neve_meta_disable_header":"","neve_meta_disable_footer":"","neve_meta_disable_title":"","footnotes":""},"categories":[1078,354],"tags":[],"class_list":["post-12796","post","type-post","status-publish","format-standard","hentry","category-medizin","category-medizin-gesundheit"],"modified_by":"Achim Goerner","_links":{"self":[{"href":"https:\/\/csiag.eu\/hu\/wp-json\/wp\/v2\/posts\/12796","targetHints":{"allow":["GET"]}}],"collection":[{"href":"https:\/\/csiag.eu\/hu\/wp-json\/wp\/v2\/posts"}],"about":[{"href":"https:\/\/csiag.eu\/hu\/wp-json\/wp\/v2\/types\/post"}],"author":[{"embeddable":true,"href":"https:\/\/csiag.eu\/hu\/wp-json\/wp\/v2\/users\/1"}],"replies":[{"embeddable":true,"href":"https:\/\/csiag.eu\/hu\/wp-json\/wp\/v2\/comments?post=12796"}],"version-history":[{"count":0,"href":"https:\/\/csiag.eu\/hu\/wp-json\/wp\/v2\/posts\/12796\/revisions"}],"wp:attachment":[{"href":"https:\/\/csiag.eu\/hu\/wp-json\/wp\/v2\/media?parent=12796"}],"wp:term":[{"taxonomy":"category","embeddable":true,"href":"https:\/\/csiag.eu\/hu\/wp-json\/wp\/v2\/categories?post=12796"},{"taxonomy":"post_tag","embeddable":true,"href":"https:\/\/csiag.eu\/hu\/wp-json\/wp\/v2\/tags?post=12796"}],"curies":[{"name":"wp","href":"https:\/\/api.w.org\/{rel}","templated":true}]}}