{"id":2073,"date":"2022-07-05T18:22:42","date_gmt":"2022-07-05T18:22:42","guid":{"rendered":"https:\/\/csiag.eu\/?p=2073"},"modified":"2022-12-30T20:59:42","modified_gmt":"2022-12-30T20:59:42","slug":"a-zuhanyzo-atalakitasa-a-nedves-hutes","status":"publish","type":"post","link":"https:\/\/csiag.eu\/hu\/blog\/2022\/07\/05\/umbau-der-dusche-das-kuehlende-nass\/","title":{"rendered":"A zuhanyz\u00f3 \u00e1talak\u00edt\u00e1sa - A nedves h\u0171t\u00e9s"},"content":{"rendered":"<span class=\"span-reading-time rt-reading-time\" style=\"display: block;\"><span class=\"rt-label rt-prefix\">Olvas\u00e1si id\u0151<\/span> <span class=\"rt-time\"> 3<\/span> <span class=\"rt-label rt-postfix\">percek<\/span><\/span>\n<p class=\"wp-block-paragraph\">Egy olyan zuhanyt\u00e1lc\u00e1t\u00f3l, amely a gy\u00e1rt\u00f3t\u00f3l 475 \u20ac RRP-\u00e9rt kaphat\u00f3, nem v\u00e1rhat\u00f3 el, hogy rendszeres id\u0151k\u00f6z\u00f6nk\u00e9nt t\u00f6r\u00e9kenny\u00e9 v\u00e1lik. Ez vonatkozik a zuhanysarok burkolat\u00e1ra is, amely szint\u00e9n meg\u00fajul a k\u00fcl\u00f6nb\u00f6z\u0151 elt\u00e1vol\u00edt\u00e1si \u00e9s be\u00e9p\u00edt\u00e9si l\u00e9p\u00e9sek miatt, amelyek a zuhanyt\u00e1lca v\u00e9gs\u0151 cser\u00e9j\u00e9hez sz\u00fcks\u00e9gesek.<\/p>\n\n\n\n<p class=\"wp-block-paragraph\">\u00c1lland\u00f3 megold\u00e1st ny\u00fajt a rozsdamentes ac\u00e9lb\u00f3l k\u00e9sz\u00fclt zuhanyt\u00e1lca. <a href=\"http:\/\/shop.versandmetall.de\" target=\"_blank\" rel=\"noreferrer noopener\">TGA GmbH<\/a> 425,55 eur\u00f3\u00e9rt, m\u00e9retre gy\u00e1rtott, az eredeti zuhanyt\u00e1lc\u00e1n\u00e1l k\u00f6r\u00fclbel\u00fcl 70 x 60 cm-rel nagyobb, jobb oldali ferde sarokkal, 120 mm magas, lyukkal \u00e9s m\u00e9lyed\u00e9ssel a v\u00edzlefoly\u00f3 sz\u00e1m\u00e1ra.<\/p>\n\n\n\n<p class=\"wp-block-paragraph\">A r\u00e9gi zuhanyt\u00e1lca elt\u00e1vol\u00edt\u00e1sa a sarokburkolat elt\u00e1vol\u00edt\u00e1sa ut\u00e1n a k\u00fcls\u0151 m\u00e9retekhez k\u00e9pest s\u00fcllyesztett t\u00e1lca miatt egyszer\u0171.<\/p>\n\n\n\n<p class=\"wp-block-paragraph\">A mennyezeti \u00e9s a h\u00e1ts\u00f3 szekr\u00e9ny csavaros r\u00f6gz\u00edt\u00e9s\u00e9nek meglaz\u00edt\u00e1sa ut\u00e1n a rozsdamentes ac\u00e9lb\u00f3l k\u00e9sz\u00fclt, azonos m\u00e9ret\u0171, de m\u00e9gis nagyobb zuhanyt\u00e1lc\u00e1t \u00fagy lehet felszerelni, hogy a jobb oldali szekr\u00e9nyt \u00e9s a bal oldali zuhanyfalat kiss\u00e9 balra hajl\u00edtja, mellmagass\u00e1gban behelyezi a zuhanyz\u00f3ba, \u00e9s lefel\u00e9 cs\u00fasztatja a v\u00e9gleges hely\u00e9re.<\/p>\n\n\n\n<p class=\"wp-block-paragraph\">A lefoly\u00f3t egy nagyobb, hagyom\u00e1nyos mosd\u00f3kagyl\u00f3-lefoly\u00f3ra kell cser\u00e9lni. Ezek a lefoly\u00f3k a rozsdamentes ac\u00e9l zuhanyt\u00e1lca lefoly\u00f3ny\u00edl\u00e1s\u00e1hoz illeszkednek. A k\u00fcl\u00f6nb\u00f6z\u0151 csatlakoz\u00e1si \u00e1tm\u00e9r\u0151k viszonylag k\u00f6nnyen adapt\u00e1lhat\u00f3k.<\/p>\n\n\n\n<p class=\"wp-block-paragraph\">Az \u00f6sszes lapos tompa k\u00f6t\u00e9s t\u00f6m\u00edt\u00e9se a k\u00f6vetkez\u0151 eszk\u00f6z\u00f6kkel t\u00f6rt\u00e9nik <a href=\"https:\/\/www.amazon.de\/gp\/product\/B071S5WVNJ\/ref=as_li_tl?ie=UTF8&amp;tag=csiag-21&amp;camp=1638&amp;creative=6742&amp;linkCode=as2&amp;creativeASIN=B071S5WVNJ&amp;linkId=7700541dcefc0068875d853af5af398b\" target=\"_blank\" rel=\"noreferrer noopener\">Fermit<\/a>viszkoplasztikus, ragaszt\u00f3 \u00e9s egyenetlens\u00e9geket kit\u00f6lt\u0151 t\u00f6m\u00edt\u0151anyag, amelynek maradv\u00e1nyai a fug\u00e1k megh\u00faz\u00e1sakor marad\u00e9k n\u00e9lk\u00fcl elt\u00e1vol\u00edthat\u00f3k.<\/p>\n\n\n\n<p class=\"wp-block-paragraph\">A dugul\u00e1sra hajlamos szabv\u00e1nyos szagelz\u00e1r\u00f3 elt\u00e1vol\u00edthat\u00f3 a cs\u0151rendszerb\u0151l, \u00e9s helyettes\u00edthet\u0151 egy 2x 45\u00b0-os sz\u00f6gben elhelyezett cs\u0151vezet\u0151vel, amely kiegyenl\u00edti a cs\u0151rendszer \u00e9s a mosd\u00f3kagyl\u00f3 lefoly\u00f3ja k\u00f6z\u00f6tti magass\u00e1gk\u00fcl\u00f6nbs\u00e9get. A cs\u0151 als\u00f3 r\u00e9sz\u00e9ben marad\u00f3 v\u00edz mostant\u00f3l szagelz\u00e1r\u00f3k\u00e9nt szolg\u00e1l, amely nagym\u00e9rt\u00e9kben ellen\u00e1ll a dugul\u00e1soknak.<br>Egy finom hajsz\u0171r\u0151nek k\u00f6telez\u0151nek kell lennie, mivel sok takar\u00edt\u00e1si munk\u00e1t\u00f3l k\u00edm\u00e9li meg \u00d6nt.<\/p>\n\n\n\n<p class=\"wp-block-paragraph\">Egybef\u00fcgg\u0151 v\u00edz\u00e1ll\u00f3 falburkolatk\u00e9nt a PVC padl\u00f3burkolattal ell\u00e1tott b\u00e9l\u00e9s, amelyet egy darabban ragasztanak a megl\u00e9v\u0151 zuhanyfalakhoz Pattexszel, az els\u0151 v\u00e1laszt\u00e1s. A sarkokban sz\u00e9pen dolgozzon, \u00e9s felt\u00e9tlen\u00fcl \u00fcgyeljen arra, hogy az eleje abszol\u00fat f\u00fcgg\u0151legesen legyen leragasztva - egyszer felragasztva \u00e9s szorosan!<\/p>\n\n\n\n<p class=\"wp-block-paragraph\">A mennyezetburkolathoz a megl\u00e9v\u0151 r\u00e9tegelt lemez mennyezeti elem azonos m\u00e1solata k\u00e9sz\u00fcl. Az el\u00fcls\u0151 \u00e9l kiv\u00e9tel\u00e9vel a r\u00e9tegelt lemezlemez-lemez m\u00e9rete a k\u00f6rnyez\u0151 PVC-burkolat vastags\u00e1g\u00e1val cs\u00f6kken. Erre egy m\u00e9retre v\u00e1gott darab PVC padl\u00f3burkolatot ragasztanak.<br>Az \u00faj, bevonatos r\u00e9tegelt lemezb\u0151l k\u00e9sz\u00fclt zuhanyf\u00f6d\u00e9met n\u00e9h\u00e1ny szilikon \"pac\u00e1val\" a megl\u00e9v\u0151 mennyezethez nyomj\u00e1k, \u00e9s k\u00e9t \"harmadik k\u00e9z\" seg\u00edts\u00e9g\u00e9vel a hely\u00e9re nyomj\u00e1k, amelyeket a zuhanyt\u00e1lca padl\u00f3ja \u00e9s a mennyezeti panel k\u00f6z\u00e9 szor\u00edtanak. A mennyezet \u00e9s a falak k\u00f6z\u00f6tti k\u00f6rk\u00f6r\u00f6s varratot sz\u00ednben hozz\u00e1 ill\u0151 szilikonvarr\u00e1ssal sz\u00e9pen lez\u00e1rjuk.<\/p>\n\n\n\n<p class=\"wp-block-paragraph\">Az egykaros kever\u0151 a bal oldali zuhany oldals\u00f3 panelj\u00e9be \u00e9p\u00edthet\u0151 be ergonomikus magass\u00e1gban. Ennek egyetlen felt\u00e9tele egy megfelel\u0151 \u00e1tm\u00e9r\u0151j\u0171 cserepj\u00e1r\u00f3. A r\u00e9gi ny\u00edl\u00e1s egy m\u00e9retre v\u00e1gott r\u00e9tegelt lemezzel s\u00edkba z\u00e1rhat\u00f3, \u00e9s m\u00e1r nem l\u00e1tszik a PVC bels\u0151 burkolat m\u00f6g\u00f6tt.<br>Az \u00faj be\u00e9p\u00edt\u00e9si hely kiv\u00e1laszt\u00e1sakor \u00fcgyeljen a korl\u00e1toz\u00f3 t\u00f6ml\u0151csatlakoz\u00e1sokra, vagy haszn\u00e1ljon \u00faj, kell\u0151en hossz\u00fa t\u00f6ml\u0151szakaszokat.<\/p>\n\n\n\n<p class=\"wp-block-paragraph\">A <a href=\"https:\/\/www.amazon.de\/gp\/product\/B0747TWZ3P\/ref=as_li_tl?ie=UTF8&amp;tag=csiag-21&amp;camp=1638&amp;creative=6742&amp;linkCode=as2&amp;creativeASIN=B0747TWZ3P&amp;linkId=6d5b3ddc72c5653f4462774eb579e0c6\" target=\"_blank\" rel=\"noreferrer noopener\">HansGrohe zuhanyk\u00e9szlet<\/a> hangulatos zuhanyz\u00e1si \u00e9rz\u00e9st biztos\u00edt. A 90 cm-es zuhanyr\u00f3zsatart\u00f3 leenged\u00e9se ut\u00e1n a 90 cm-es zuhanyr\u00fad azt is lehet\u0151v\u00e9 teszi, hogy a gyerekek kevesebb fr\u00f6ccsen\u00e9ssel zuhanyozzanak, vagy egyszer\u0171en csak kezet mossanak an\u00e9lk\u00fcl, hogy minden a v\u00edz alatt lenne.<\/p>\n\n\n\n<p class=\"wp-block-paragraph\">A megl\u00e9v\u0151, a sarokburkolatba szerelt halog\u00e9n zuhanyvil\u00e1g\u00edt\u00e1s az \u00e1talak\u00edt\u00e1s sor\u00e1n egy megfelel\u0151 alum\u00edniumprofilba szerelt vil\u00e1g\u00edt\u00f3testre cser\u00e9lhet\u0151, <a href=\"https:\/\/www.amazon.de\/gp\/product\/B07YJGSNJY\/ref=as_li_tl?ie=UTF8&amp;tag=csiag-21&amp;camp=1638&amp;creative=6742&amp;linkCode=as2&amp;creativeASIN=B07YJGSNJY&amp;linkId=835db4b22a7e08495585ba06987a50dc\" target=\"_blank\" rel=\"noreferrer noopener\">IP67 Led cs\u00edkok<\/a> am\u00edg hagy egy k\u00f6r\u00fclbel\u00fcl 3 mm-es r\u00e9st a mennyezethez k\u00e9pest.<\/p>\n\n\n\n<p class=\"wp-block-paragraph\">Akril \u00fcvegv\u00e1g\u00e1sok t\u00f6bbf\u00e9le sz\u00ednben kaphat\u00f3k a k\u00f6vetkez\u0151 c\u00edmeken <a href=\"https:\/\/www.plattenzuschnitt24.de\/Acrylglas-Zuschnitt\/\" target=\"_blank\" rel=\"noreferrer noopener\">Nordic Panel<\/a> kedvez\u0151 \u00e1ron \u00e9s j\u00f3 min\u0151s\u00e9gben, 3 mm vastags\u00e1gban, ami teljesen elegend\u0151 erre a c\u00e9lra.<br>Ezeket \u00e1tl\u00e1tsz\u00f3 szilikonnal ragasztj\u00e1k a PVC padl\u00f3ra, kb. 10 cm-es s\u00e1vokban. Nyomja le er\u0151sen, hogy a szilikoncs\u00edkokat sz\u00e9lesre szor\u00edtsa \u00e9s j\u00f3 tapad\u00e1st \u00e9rjen el. V\u00e9g\u00fcl a fugasz\u00e9leket v\u00e9kony, \u00e1tl\u00e1tsz\u00f3 szilikonvarr\u00e1ssal z\u00e1rja le, \u00e9s mosogat\u00f3szerrel \u00e9s egy leh\u00faz\u00f3val sim\u00edtsa el.<\/p>\n\n\n\n<p class=\"wp-block-paragraph\"><\/p>\n\n\n<div class=\"wp-block-image\">\n<figure class=\"aligncenter size-large\"><img decoding=\"async\" width=\"1024\" height=\"516\" src=\"https:\/\/csiag.eu\/wp-content\/uploads\/2021\/10\/Dusche-1024x516.jpg\" alt=\"\" class=\"wp-image-1088\" srcset=\"https:\/\/csiag.eu\/wp-content\/uploads\/2021\/10\/Dusche-1024x516.jpg 1024w, https:\/\/csiag.eu\/wp-content\/uploads\/2021\/10\/Dusche-300x151.jpg 300w, https:\/\/csiag.eu\/wp-content\/uploads\/2021\/10\/Dusche-768x387.jpg 768w, https:\/\/csiag.eu\/wp-content\/uploads\/2021\/10\/Dusche.jpg 1400w\" sizes=\"(max-width: 1024px) 100vw, 1024px\" \/><figcaption class=\"wp-element-caption\">Zuhanyz\u00f3 - rozsdamentes ac\u00e9l t\u00e1lc\u00e1val \u00e9s akril\u00fcveg burkolattal<\/figcaption><\/figure>\n<\/div>","protected":false},"excerpt":{"rendered":"<p><span class=\"span-reading-time rt-reading-time\" style=\"display: block;\"><span class=\"rt-label rt-prefix\">Olvas\u00e1si id\u0151<\/span> <span class=\"rt-time\"> 3<\/span> <span class=\"rt-label rt-postfix\">percek<\/span><\/span>Einer Duschwanne f\u00fcr 475,- Euro UVP des Herstellers sollte man abverlangen k\u00f6nnen, dass sie nicht in regelm\u00e4\u00dfigen Zeitabst\u00e4nden br\u00fcchig wird. Dies betrifft ebenso die Dusch-Eckverkleidung, die durch den verschiedentlichen Aus- und Einbau, um letztlich die Duschwanne austauschen zu k\u00f6nnen, gleichfalls Objekt der Erneuerung wird. Abhilfe, und zwar dauerhaft, schafft eine Edelstahl-Duschwanne von TGA GmbH f\u00fcr&hellip;&nbsp;<a href=\"https:\/\/csiag.eu\/hu\/blog\/2022\/07\/05\/umbau-der-dusche-das-kuehlende-nass\/\" rel=\"bookmark\">Olvass tov\u00e1bb \"<span class=\"screen-reader-text\">A zuhanyz\u00f3 \u00e1talak\u00edt\u00e1sa - A nedves h\u0171t\u00e9s<\/span><\/a><\/p>","protected":false},"author":1,"featured_media":0,"comment_status":"open","ping_status":"open","sticky":false,"template":"","format":"standard","meta":{"_lmt_disableupdate":"","_lmt_disable":"","neve_meta_sidebar":"","neve_meta_container":"","neve_meta_enable_content_width":"","neve_meta_content_width":0,"neve_meta_title_alignment":"","neve_meta_author_avatar":"","neve_post_elements_order":"","neve_meta_disable_header":"","neve_meta_disable_footer":"","neve_meta_disable_title":"","footnotes":""},"categories":[319,318],"tags":[627,622,623,626,624,625],"class_list":["post-2073","post","type-post","status-publish","format-standard","hentry","category-umbau-der-dusche-das-kuehlende-nass","category-womo-umbau","tag-acrylglas","tag-dusche","tag-duschwanne","tag-eckverkleidung","tag-edelstahl-duschwanne","tag-einhebelmischer"],"modified_by":"Achim Goerner","_links":{"self":[{"href":"https:\/\/csiag.eu\/hu\/wp-json\/wp\/v2\/posts\/2073","targetHints":{"allow":["GET"]}}],"collection":[{"href":"https:\/\/csiag.eu\/hu\/wp-json\/wp\/v2\/posts"}],"about":[{"href":"https:\/\/csiag.eu\/hu\/wp-json\/wp\/v2\/types\/post"}],"author":[{"embeddable":true,"href":"https:\/\/csiag.eu\/hu\/wp-json\/wp\/v2\/users\/1"}],"replies":[{"embeddable":true,"href":"https:\/\/csiag.eu\/hu\/wp-json\/wp\/v2\/comments?post=2073"}],"version-history":[{"count":0,"href":"https:\/\/csiag.eu\/hu\/wp-json\/wp\/v2\/posts\/2073\/revisions"}],"wp:attachment":[{"href":"https:\/\/csiag.eu\/hu\/wp-json\/wp\/v2\/media?parent=2073"}],"wp:term":[{"taxonomy":"category","embeddable":true,"href":"https:\/\/csiag.eu\/hu\/wp-json\/wp\/v2\/categories?post=2073"},{"taxonomy":"post_tag","embeddable":true,"href":"https:\/\/csiag.eu\/hu\/wp-json\/wp\/v2\/tags?post=2073"}],"curies":[{"name":"wp","href":"https:\/\/api.w.org\/{rel}","templated":true}]}}