{"id":2088,"date":"2022-07-05T18:49:33","date_gmt":"2022-07-05T18:49:33","guid":{"rendered":"https:\/\/csiag.eu\/?p=2088"},"modified":"2023-01-21T16:29:58","modified_gmt":"2023-01-21T16:29:58","slug":"szekreny-csere-a-kanape-helyett-a-bar-valtozatban","status":"publish","type":"post","link":"https:\/\/csiag.eu\/hu\/blog\/2022\/07\/05\/schrankersatz-fuer-das-sofa-in-der-barversions-ausstattung\/","title":{"rendered":"Szekr\u00e9ny csere a kanap\u00e9ra a b\u00e1r v\u00e1ltozatban"},"content":{"rendered":"<span class=\"span-reading-time rt-reading-time\" style=\"display: block;\"><span class=\"rt-label rt-prefix\">Olvas\u00e1si id\u0151<\/span> <span class=\"rt-time\"> 2<\/span> <span class=\"rt-label rt-postfix\">percek<\/span><\/span>\n<p class=\"wp-block-paragraph\">T\u00e1rol\u00f3helyb\u0151l sosem lehet el\u00e9g, \u00e9s mivel a b\u00e1rv\u00e1ltozatban am\u00fagy sem lehet sok\u00e1ig \u00fclni a k\u00e9tszem\u00e9lyes kanap\u00e9n, a kieg\u00e9sz\u00edt\u0151 \u00e9s az utas\u00fcl\u00e9sen l\u00e9v\u0151 asztaln\u00e1l viszont k\u00e9nyelmesen el lehet \u00fclni ketten, \u00edgy a d\u00f6nt\u00e9s gyorsan megsz\u00fcletett: A kanap\u00e9 kiker\u00fcl, \u00e9s h\u00e1rom 40 x 60 cm-es konyhaszekr\u00e9ny k\u00f6lt\u00f6zik be.<br>A stabiliz\u00e1l\u00e1shoz a szekr\u00e9ny els\u0151 \u00e9s h\u00e1ts\u00f3 oldala al\u00e1 k\u00e9t 24 mm-es deszk\u00e1t helyez\u00fcnk, amelyeket alulr\u00f3l a t\u00e1rol\u00f3rekeszb\u0151l, fel\u00fclr\u0151l pedig a szekr\u00e9ny alj\u00e1r\u00f3l csavarozunk be.<\/p>\n\n\n\n<p class=\"wp-block-paragraph\">A m\u00f6g\u00f6tte l\u00e9v\u0151 f\u0171t\u00e9s miatt a h\u00e1ts\u00f3 falat a fels\u0151 r\u00e9szen ki kellett v\u00e1gni, \u00e9s ism\u00e9t multiplex panellel kellett burkolni.<br>A h\u00e1ts\u00f3 fal konzolok seg\u00edts\u00e9g\u00e9vel a j\u00e1rm\u0171 fal\u00e1hoz van csavarozva.<br>Az ablak alatti munkalapba egy alum\u00ednium szell\u0151z\u0151r\u00e1cs van be\u00e9p\u00edtve, amely lehet\u0151v\u00e9 teszi a f\u0171t\u00e9si leveg\u0151 t\u00e1voz\u00e1s\u00e1t.<\/p>\n\n\n\n<p class=\"wp-block-paragraph\">Ez alkalommal a bal oldali, alig 12 cm-es marad\u00e9k helyre egy konnektorcs\u00edkot \u00e9s alatta n\u00e9gy darab 16A-s megszak\u00edt\u00f3t szereltek fel. A munkalap bal oldal\u00e1n szint\u00e9n egy konnektor ker\u00fclt felszerel\u00e9sre, amely lefedi a szekr\u00e9ny sz\u00e9less\u00e9g\u00e9t, bele\u00e9rtve ezt a 12 cm-t is, valamint k\u00e9t k\u00e9tir\u00e1ny\u00fa USB-csatlakoz\u00f3t.<\/p>\n\n\n<div class=\"wp-block-image\">\n<figure class=\"aligncenter size-full\"><img decoding=\"async\" width=\"600\" height=\"800\" src=\"https:\/\/csiag.eu\/wp-content\/uploads\/2022\/04\/KU_Schrank-1.jpg\" alt=\"\" class=\"wp-image-1769\" srcset=\"https:\/\/csiag.eu\/wp-content\/uploads\/2022\/04\/KU_Schrank-1.jpg 600w, https:\/\/csiag.eu\/wp-content\/uploads\/2022\/04\/KU_Schrank-1-225x300.jpg 225w\" sizes=\"(max-width: 600px) 100vw, 600px\" \/><figcaption class=\"wp-element-caption\">A konyhaszekr\u00e9nyt\u0151l balra l\u00e9v\u0151 konnektorok \u00e9s megszak\u00edt\u00f3k<\/figcaption><\/figure>\n<\/div>\n\n\n<p class=\"wp-block-paragraph\"><\/p>\n\n\n\n<p class=\"wp-block-paragraph\">A teljesen automata k\u00e1v\u00e9f\u0151z\u0151 a munkalap bal h\u00e1ts\u00f3 sark\u00e1ban tal\u00e1lhat\u00f3, \u00e9s a fels\u0151 230 V-os aljzathoz csatlakozik. K\u00e9t Torx-csavart csavarozunk be a k\u00e1v\u00e9zaccos fi\u00f3k hozz\u00e1f\u00e9rhet\u0151 ter\u00fclet\u00e9re a munkalapon l\u00e9v\u0151 megfelel\u0151 lyukakon kereszt\u00fcl, hogy megakad\u00e1lyozzuk, hogy menet k\u00f6zben elcs\u00fasszon, valamint egy kocsicsavart a h\u00e1ts\u00f3 jobb oldali padl\u00f3s ter\u00fcleten, amelyet a munkalap alj\u00e1r\u00f3l egy any\u00e1val r\u00f6gz\u00edt\u00fcnk.<\/p>\n\n\n\n<p class=\"wp-block-paragraph\">A k\u00e9t\u00e9g\u0151s indukci\u00f3s f\u0151z\u0151lap k\u00f6z\u00e9pen, az el\u00fcls\u0151 perem \u00e9s a szell\u0151z\u0151ablak h\u00e1ts\u00f3 r\u00e9sz\u00e9n l\u00e9v\u0151 f\u0171t\u00e9skivezet\u0151 r\u00e1cs k\u00f6z\u00f6tt csatlakozik. Az elektromos csatlakoz\u00e1s egy hagyom\u00e1nyos f\u0151z\u0151lap csatlakoz\u00f3dobozon kereszt\u00fcl t\u00f6rt\u00e9nik, amelynek t\u00e1pk\u00e1bel\u00e9re egy 16A biztos\u00edt\u00e9k van r\u00e1csavarozva. A f\u0151z\u0151laphoz sz\u00fcks\u00e9ges kiv\u00e1g\u00e1st a gy\u00e1rt\u00f3 m\u00e9retei szerint a k\u00edv\u00e1nt helyen a munkalapon be kell jel\u00f6lni, \u00e9s egy multifunkci\u00f3s szersz\u00e1mmal sz\u00e9pen ki kell v\u00e1gni.<br>A f\u0151z\u0151laphoz mell\u00e9kelt t\u00f6m\u00edt\u0151szalagot a f\u0151z\u0151lap alj\u00e1n k\u00f6rberagasztjuk, majd a f\u0151z\u0151lapot a kiv\u00e1g\u00e1sba helyezz\u00fck, el\u0151sz\u00f6r a k\u00e1bellel, \u00e9s er\u0151sen lenyomjuk.<br>Ha v\u00e9delmet szeretne a v\u00edz bejut\u00e1sa ellen, akkor a t\u00f6m\u00edt\u0151szalag m\u00f6g\u00f6tt (vagy annak helyettes\u00edt\u0151jek\u00e9nt) a f\u0151z\u0151lap sz\u00e9l\u00e9t\u0151l kb. 3 mm t\u00e1vols\u00e1gra egy tiszta, v\u00e9kony szilikonvarratot is haszn\u00e1ljon. A ki\u00e1ll\u00f3 szilikont \u00f3vatosan t\u00e1vol\u00edtsa el egy szilikonkapar\u00f3val. V\u00e9g\u00fcl szappanos v\u00edzzel megnedves\u00edtett ujjal sim\u00edtsa el.<\/p>\n\n\n<div class=\"wp-block-image\">\n<figure class=\"aligncenter size-full\"><img decoding=\"async\" width=\"800\" height=\"600\" src=\"https:\/\/csiag.eu\/wp-content\/uploads\/2022\/04\/Herd_Arbeitsplatte.jpg\" alt=\"\" class=\"wp-image-1768\" srcset=\"https:\/\/csiag.eu\/wp-content\/uploads\/2022\/04\/Herd_Arbeitsplatte.jpg 800w, https:\/\/csiag.eu\/wp-content\/uploads\/2022\/04\/Herd_Arbeitsplatte-300x225.jpg 300w, https:\/\/csiag.eu\/wp-content\/uploads\/2022\/04\/Herd_Arbeitsplatte-768x576.jpg 768w\" sizes=\"(max-width: 800px) 100vw, 800px\" \/><figcaption class=\"wp-element-caption\">Munkalap aljzatokkal, automata k\u00e1v\u00e9f\u0151z\u0151 \u00e9s indukci\u00f3s f\u0151z\u0151lap<\/figcaption><\/figure>\n<\/div>\n\n\n<p class=\"wp-block-paragraph\">A szekr\u00e9nyajt\u00f3k r\u00f6gz\u00edt\u00e9se <a href=\"https:\/\/www.amazon.de\/gp\/product\/B092QSXP82\/ref=ppx_yo_dt_b_asin_title_o02_s00?ie=UTF8&amp;psc=1\" target=\"_blank\" rel=\"noreferrer noopener\">Tollas l\u00e9gykap\u00f3<\/a> biztos\u00edtva a v\u00e9letlen kinyit\u00e1s ellen. A reteszt k\u00f6nny\u0171 felszerelni: csukott \u00e1llapotban a reteszt a szekr\u00e9ny oldallapj\u00e1hoz kell csavarozni \u00fagy, hogy a retesz zsan\u00e9rja megfelel\u0151 el\u0151f\u00far\u00e1s ut\u00e1n egy szintben legyen az oldallap el\u00fcls\u0151 sz\u00e9l\u00e9vel.<br>Tartsa az ellenp\u00e9ld\u00e1nyt a reteszhez \u00fagy, hogy az a retesz g\u00f6rg\u0151j\u00e9be illeszkedjen, \u00e9s m\u00e9rje meg a t\u00e1vols\u00e1got a munkalapr\u00f3l. A m\u00e9r\u00e9st ennek megfelel\u0151en vigye \u00e1t az ajt\u00f3ra, figyelembe v\u00e9ve az ajt\u00f3 fels\u0151 sz\u00e9le \u00e9s a munkalap alja k\u00f6z\u00f6tti t\u00e1vols\u00e1got, f\u00farja el\u0151 kb. 3 mm m\u00e9lys\u00e9gig egy 2 mm-es f\u00far\u00f3val, \u00e9s szerelje fel a biztons\u00e1gi reteszt - m\u00e9g kiss\u00e9 mozgathat\u00f3an.<br>Ellen\u0151rizze, hogy az ajt\u00f3 megfelel\u0151en z\u00e1rhat\u00f3 \u00e9s nyithat\u00f3-e, sz\u00fcks\u00e9g eset\u00e9n \u00e1ll\u00edtsa be \u00fajra a v\u00e9d\u0151r\u00f6gz\u00edt\u00e9st, \u00e9s v\u00e9g\u00fcl h\u00fazza meg.<\/p>","protected":false},"excerpt":{"rendered":"<p><span class=\"span-reading-time rt-reading-time\" style=\"display: block;\"><span class=\"rt-label rt-prefix\">Olvas\u00e1si id\u0151<\/span> <span class=\"rt-time\"> 2<\/span> <span class=\"rt-label rt-postfix\">percek<\/span><\/span>Stauraum kann man nie genug haben, und da man sich auf dem Sofa f\u00fcr zwei Personen der Barversion eh nicht lang machen kann, zu Zweit am Tisch auf dem Zusatz- und Beifahrersitz gem\u00fctlich sitzen kann, war der Entschluss schnell gefasst: Dass Sofa kommt raus und drei 40 x 60 cm K\u00fcchenschr\u00e4nke hielten Einzug.Zur Stabilisierung werden&hellip;&nbsp;<a href=\"https:\/\/csiag.eu\/hu\/blog\/2022\/07\/05\/schrankersatz-fuer-das-sofa-in-der-barversions-ausstattung\/\" rel=\"bookmark\">Olvass tov\u00e1bb \"<span class=\"screen-reader-text\">Szekr\u00e9ny csere a kanap\u00e9ra a b\u00e1r v\u00e1ltozatban<\/span><\/a><\/p>","protected":false},"author":1,"featured_media":0,"comment_status":"open","ping_status":"open","sticky":false,"template":"","format":"standard","meta":{"_lmt_disableupdate":"","_lmt_disable":"","neve_meta_sidebar":"","neve_meta_container":"","neve_meta_enable_content_width":"","neve_meta_content_width":0,"neve_meta_title_alignment":"","neve_meta_author_avatar":"","neve_post_elements_order":"","neve_meta_disable_header":"","neve_meta_disable_footer":"","neve_meta_disable_title":"","footnotes":""},"categories":[323,304,318],"tags":[977,984,980,983,982,979,976,985,981,975,978],"class_list":["post-2088","post","type-post","status-publish","format-standard","hentry","category-schrankersatz-fuer-das-sofa-in-der-barversions-ausstattung","category-wohnmobil","category-womo-umbau","tag-barversion","tag-federschnaepper","tag-heizung","tag-induktionskochfeld","tag-kaffeevollautomat","tag-lueftungsgitter","tag-schrank","tag-schranktuer","tag-sicherungsautomat","tag-sofa","tag-stauraum"],"modified_by":"Achim Goerner","_links":{"self":[{"href":"https:\/\/csiag.eu\/hu\/wp-json\/wp\/v2\/posts\/2088","targetHints":{"allow":["GET"]}}],"collection":[{"href":"https:\/\/csiag.eu\/hu\/wp-json\/wp\/v2\/posts"}],"about":[{"href":"https:\/\/csiag.eu\/hu\/wp-json\/wp\/v2\/types\/post"}],"author":[{"embeddable":true,"href":"https:\/\/csiag.eu\/hu\/wp-json\/wp\/v2\/users\/1"}],"replies":[{"embeddable":true,"href":"https:\/\/csiag.eu\/hu\/wp-json\/wp\/v2\/comments?post=2088"}],"version-history":[{"count":0,"href":"https:\/\/csiag.eu\/hu\/wp-json\/wp\/v2\/posts\/2088\/revisions"}],"wp:attachment":[{"href":"https:\/\/csiag.eu\/hu\/wp-json\/wp\/v2\/media?parent=2088"}],"wp:term":[{"taxonomy":"category","embeddable":true,"href":"https:\/\/csiag.eu\/hu\/wp-json\/wp\/v2\/categories?post=2088"},{"taxonomy":"post_tag","embeddable":true,"href":"https:\/\/csiag.eu\/hu\/wp-json\/wp\/v2\/tags?post=2088"}],"curies":[{"name":"wp","href":"https:\/\/api.w.org\/{rel}","templated":true}]}}