{"id":2128,"date":"2022-07-05T19:23:52","date_gmt":"2022-07-05T19:23:52","guid":{"rendered":"https:\/\/csiag.eu\/?p=2128"},"modified":"2023-02-18T20:20:31","modified_gmt":"2023-02-18T20:20:31","slug":"ajtozar-ket-legyet-elakaszt-egy-csapassal","status":"publish","type":"post","link":"https:\/\/csiag.eu\/hu\/blog\/2022\/07\/05\/tuerschloss-klemmt-zwei-fliegen-mit-einer-klappe\/","title":{"rendered":"Ajt\u00f3z\u00e1r elakadt ... - ABUS kieg\u00e9sz\u00edt\u0151 z\u00e1r"},"content":{"rendered":"<div id=\"ez-toc-container\" class=\"ez-toc-v2_0_86 counter-hierarchy ez-toc-counter ez-toc-grey ez-toc-container-direction\">\n<div class=\"ez-toc-title-container\">\n<p class=\"ez-toc-title\" style=\"cursor:inherit\">Tartalomjegyz\u00e9k<\/p>\n<span class=\"ez-toc-title-toggle\"><\/span><\/div>\n<nav><ul class='ez-toc-list ez-toc-list-level-1' ><li class='ez-toc-page-1 ez-toc-heading-level-2'><a class=\"ez-toc-link ez-toc-heading-1\" href=\"https:\/\/csiag.eu\/hu\/blog\/2022\/07\/05\/tuerschloss-klemmt-zwei-fliegen-mit-einer-klappe\/#Demontage_der_Turabdeckung\" >Az ajt\u00f3fed\u00e9l elt\u00e1vol\u00edt\u00e1sa<\/a><\/li><li class='ez-toc-page-1 ez-toc-heading-level-2'><a class=\"ez-toc-link ez-toc-heading-2\" href=\"https:\/\/csiag.eu\/hu\/blog\/2022\/07\/05\/tuerschloss-klemmt-zwei-fliegen-mit-einer-klappe\/#Auswahl_der_neuen_Komponenten\" >\u00daj alkatr\u00e9szek kiv\u00e1laszt\u00e1sa<\/a><\/li><li class='ez-toc-page-1 ez-toc-heading-level-2'><a class=\"ez-toc-link ez-toc-heading-3\" href=\"https:\/\/csiag.eu\/hu\/blog\/2022\/07\/05\/tuerschloss-klemmt-zwei-fliegen-mit-einer-klappe\/#Turaufbau\" >Ajt\u00f3szerkezet<\/a><\/li><li class='ez-toc-page-1 ez-toc-heading-level-2'><a class=\"ez-toc-link ez-toc-heading-4\" href=\"https:\/\/csiag.eu\/hu\/blog\/2022\/07\/05\/tuerschloss-klemmt-zwei-fliegen-mit-einer-klappe\/#Einbau_des_Zusatzschlosses\" >A kieg\u00e9sz\u00edt\u0151 z\u00e1r felszerel\u00e9se<\/a><\/li><\/ul><\/nav><\/div>\n<span class=\"span-reading-time rt-reading-time\" style=\"display: block;\"><span class=\"rt-label rt-prefix\">Olvas\u00e1si id\u0151<\/span> <span class=\"rt-time\"> 4<\/span> <span class=\"rt-label rt-postfix\">percek<\/span><\/span>\n<p class=\"wp-block-paragraph\">Az ABUS kieg\u00e9sz\u00edt\u0151 z\u00e1r a 100-b\u00f3l 90 pontot kapott a biztons\u00e1g szempontj\u00e1b\u00f3l, \u00e9s itt k\u00e9tf\u00e9lek\u00e9ppen haszn\u00e1lhat\u00f3.<\/p>\n\n\n\n<p class=\"wp-block-paragraph\">Mivel a lak\u00f3kocsikba\/motorhome-okba t\u00f6rt\u00e9n\u0151 bet\u00f6r\u00e9sek is gyakran k\u00e9pezik vita t\u00e1rgy\u00e1t, ezt a t\u00e9m\u00e1t is egyben vizsg\u00e1lom.<\/p>\n\n\n\n<p class=\"wp-block-paragraph\">Err\u0151l a probl\u00e9m\u00e1r\u00f3l \u00fajra \u00e9s \u00fajra olvasni. Egyszer\u0171en h\u00fclyes\u00e9g, ha ez az ajt\u00f3 az egyetlen bej\u00e1rati pont, mint a Niessmann Flair eset\u00e9ben. Ez\u00e9rt az a gondolat fogalmaz\u00f3dott meg bennem, hogy mi van, ha ez egy hossz\u00fa utaz\u00e1s sor\u00e1n t\u00f6rt\u00e9nik, messze a m\u0171helyekt\u0151l vagy alkatr\u00e9szforr\u00e1sokt\u00f3l?<\/p>\n\n\n\n<p class=\"wp-block-paragraph\">Mivel nem szeretek t\u00f6bbsz\u00f6r jav\u00edtani, vagy egyszer megvenni a megfelel\u0151 szersz\u00e1mokat ahelyett, hogy t\u00f6bbsz\u00f6r venn\u00e9k \"olcs\u00f3\" szersz\u00e1mokat, a megold\u00e1s itt is az volt, hogy mindent kiveszek, \u00e9s - megfelel\u0151en m\u00f3dos\u00edtva - visszarakom.<br><\/p>\n\n\n\n<h2 class=\"wp-block-heading\"><span class=\"ez-toc-section\" id=\"Demontage_der_Turabdeckung\"><\/span>Az ajt\u00f3fed\u00e9l elt\u00e1vol\u00edt\u00e1sa<span class=\"ez-toc-section-end\"><\/span><\/h2>\n\n\n\n<p class=\"wp-block-paragraph\">Az els\u0151 l\u00e9p\u00e9s az ajt\u00f3fed\u00e9l elt\u00e1vol\u00edt\u00e1sa. Ennek elt\u00e1vol\u00edt\u00e1s\u00e1hoz a sz\u00ednes ablakkeret fels\u0151 \u00e9s als\u00f3 r\u00e9sz\u00e9n k\u00e9t Phillips-csavar tal\u00e1lhat\u00f3. Ezek elt\u00e1vol\u00edt\u00e1sa ut\u00e1n felt\u00e9telezi, hogy valahol meg lehet laz\u00edtani valamit. A t\u00f6bbi burkolat m\u00f6g\u00f6tt azonban apr\u00f3, keskeny t\u00e9p\u0151z\u00e1ras cs\u00edkok rejt\u0151znek, amelyek az eg\u00e9sz elej\u00e9t a hely\u00e9n tartj\u00e1k.<\/p>\n\n\n\n<p class=\"wp-block-paragraph\">Nyitott ajt\u00f3 mellett fogja meg a burkolatot a zsan\u00e9r bels\u0151 oldal\u00e1nak k\u00f6zep\u00e9n, \u00e9s h\u00fazza meg er\u0151sen. Az \u00f6sszes ott l\u00e9v\u0151 t\u00e9p\u0151z\u00e1ras csatlakoz\u00e1s egy r\u00e1nt\u00e1ssal meglazul. A t\u00e9p\u0151z\u00e1rcs\u00edkok nem v\u00e1lnak el tiszt\u00e1n, hanem a legt\u00f6bbj\u00fck a ragaszt\u00f3val egy\u00fctt leszakad.<\/p>\n\n\n\n<p class=\"wp-block-paragraph\">M\u00e1r csak a s\u00f6t\u00e9t ajt\u00f3nyit\u00f3 csavarja \u00e9s a sz\u00fcrke hossz\u00fa ajt\u00f3kilincs tetej\u00e9n \u00e9s alj\u00e1n l\u00e9v\u0151 k\u00e9t tov\u00e1bbi csavar tartja a k\u00e1rpit jobb oldal\u00e1t. Ezen \u00f6t Phillips-csavar meglaz\u00edt\u00e1sa ut\u00e1n a burkolat teljesen elt\u00e1vol\u00edthat\u00f3.<\/p>\n\n\n<div class=\"wp-block-image\">\n<figure class=\"aligncenter size-large\"><img decoding=\"async\" width=\"470\" height=\"1024\" src=\"https:\/\/csiag.eu\/wp-content\/uploads\/2022\/05\/Tuere_demontiert-470x1024.jpg\" alt=\"\" class=\"wp-image-1814\" srcset=\"https:\/\/csiag.eu\/wp-content\/uploads\/2022\/05\/Tuere_demontiert-470x1024.jpg 470w, https:\/\/csiag.eu\/wp-content\/uploads\/2022\/05\/Tuere_demontiert-138x300.jpg 138w, https:\/\/csiag.eu\/wp-content\/uploads\/2022\/05\/Tuere_demontiert.jpg 551w\" sizes=\"(max-width: 470px) 100vw, 470px\" \/><figcaption class=\"wp-element-caption\">Sz\u00e9tszerelt bels\u0151 ajt\u00f3burkolat<\/figcaption><\/figure>\n<\/div>\n\n\n<p class=\"wp-block-paragraph\">Ez felt\u00e1rja azt a - kiss\u00e9 bonyolult \u00e9s ez\u00e9rt meghib\u00e1sod\u00e1sra hajlamos - \u00f6sszek\u00f6ttet\u00e9st, amely a k\u00fcl\u00f6nb\u00f6z\u0151 alkatr\u00e9szeket \u00f6sszek\u00f6ti egym\u00e1ssal. N\u00e9ha elhajlik, let\u00f6rik egy tart\u00f3 vagy ken\u00e9sre szorul. Ezek mind olyan kisz\u00e1m\u00edthatatlan t\u00e9nyez\u0151k, amelyeknek nem szeretn\u00e9, ha utaz\u00e1s k\u00f6zben ki lenne t\u00e9ve.<\/p>\n\n\n\n<p class=\"wp-block-paragraph\">Csak n\u00e9h\u00e1ny egyszer\u0171 l\u00e9p\u00e9st ig\u00e9nyel az \u00f6sszes r\u00fad sz\u00e9tszerel\u00e9se, \u00e9s az ajt\u00f3 k\u00e9szen \u00e1ll az \u00fajb\u00f3li \u00f6sszeszerel\u00e9sre.<\/p>\n\n\n<div class=\"wp-block-image\">\n<figure class=\"aligncenter size-large\"><img decoding=\"async\" width=\"485\" height=\"1024\" src=\"https:\/\/csiag.eu\/wp-content\/uploads\/2022\/05\/Tuer_Schloss-485x1024.jpg\" alt=\"\" class=\"wp-image-1815\" srcset=\"https:\/\/csiag.eu\/wp-content\/uploads\/2022\/05\/Tuer_Schloss-485x1024.jpg 485w, https:\/\/csiag.eu\/wp-content\/uploads\/2022\/05\/Tuer_Schloss-142x300.jpg 142w, https:\/\/csiag.eu\/wp-content\/uploads\/2022\/05\/Tuer_Schloss.jpg 568w\" sizes=\"(max-width: 485px) 100vw, 485px\" \/><figcaption class=\"wp-element-caption\">Az ajt\u00f3z\u00e1r \u00f6sszekapcsol\u00e1sa<\/figcaption><\/figure>\n<\/div>\n\n\n<h2 class=\"wp-block-heading\"><span class=\"ez-toc-section\" id=\"Auswahl_der_neuen_Komponenten\"><\/span>\u00daj alkatr\u00e9szek kiv\u00e1laszt\u00e1sa<span class=\"ez-toc-section-end\"><\/span><\/h2>\n\n\n\n<p class=\"wp-block-paragraph\">Mi jobb, mint az eredeti z\u00e1rszerkezet, \u00e9s mi alkalmas hat\u00e9kony bet\u00f6r\u00e9sv\u00e9delemre?<\/p>\n\n\n\n<p class=\"wp-block-paragraph\">Val\u00f3sz\u00edn\u0171leg mindenki ismeri a hagyom\u00e1nyos <a href=\"https:\/\/www.amazon.de\/ABUS-Einsteckschloss-TKZ40-edelstahl-45551\/dp\/B003LPUW7W\/ref=sr_1_36?__mk_de_DE=%C3%85M%C3%85%C5%BD%C3%95%C3%91&amp;crid=2OB33IF6S5U03&amp;keywords=t%C3%BCrschloss+abus&amp;qid=1652612219&amp;sprefix=t%C3%BCrschloss+abus%2Caps%2C185&amp;sr=8-36\" target=\"_blank\" rel=\"noreferrer noopener\">Z\u00e1rhat\u00f3 ajt\u00f3z\u00e1r<\/a> a megfelel\u0151 profil\u00fa hengerrel val\u00f3 haszn\u00e1latra, valamint egy \u00fan. <a href=\"https:\/\/www.amazon.de\/ABUS-T%C3%BCr-Zusatzschloss-7010-Drehknauf-53294\/dp\/B0050G2ELM\/ref=sr_1_15?__mk_de_DE=%C3%85M%C3%85%C5%BD%C3%95%C3%91&amp;crid=2OB33IF6S5U03&amp;keywords=t%C3%BCrschloss%2Babus&amp;qid=1652612260&amp;sprefix=t%C3%BCrschloss%2Babus%2Caps%2C185&amp;sr=8-15&amp;th=1\" target=\"_blank\" rel=\"noreferrer noopener\">Kieg\u00e9sz\u00edt\u0151 z\u00e1r<\/a>amely h\u00e1rom kulccsal van ell\u00e1tva, \u00e9s tov\u00e1bbi bet\u00f6r\u00e9sv\u00e9delmet biztos\u00edt. K\u00e9t z\u00e1r is felszerelhet\u0151, egy a r\u00e9gi ajt\u00f3z\u00e1r f\u00f6l\u00e9 \u00e9s egy al\u00e1.<\/p>\n\n\n\n<p class=\"wp-block-paragraph\">A profilhenger kiv\u00e1laszt\u00e1sa az ajt\u00f3szerkezet elk\u00e9sz\u00fclte ut\u00e1n a legjobb, hogy a megfelel\u0151 m\u00e9reteket meg lehessen hat\u00e1rozni. Az ajt\u00f3 v\u00e9gleges vastags\u00e1ga nem haladhatja meg a 90 mm-t a fent eml\u00edtett kieg\u00e9sz\u00edt\u0151 z\u00e1r haszn\u00e1lata eset\u00e9n.<br><br><\/p>\n\n\n\n<h2 class=\"wp-block-heading\"><span class=\"ez-toc-section\" id=\"Turaufbau\"><\/span>Ajt\u00f3szerkezet<span class=\"ez-toc-section-end\"><\/span><\/h2>\n\n\n\n<p class=\"wp-block-paragraph\">Az \u00faj ABUS z\u00e1r(ak) megfelel\u0151 b\u00e9l\u00e9s\u00e9nek biztos\u00edt\u00e1sa \u00e9rdek\u00e9ben a szitanyom\u00f3lemezek stabil r\u00f6gz\u00edt\u00e9si fel\u00fcletk\u00e9nt szolg\u00e1lnak. H\u00e1tr\u00e1nya a nagy s\u00faly \u00e9s az ezzel j\u00e1r\u00f3 nagyobb terhel\u00e9s az ajt\u00f3p\u00e1ntokon. Mivel azonban egy lak\u00f3aut\u00f3 nagy p\u00e1ratartalom-ingadoz\u00e1soknak van kit\u00e9ve, nehezen tal\u00e1lni k\u00f6nnyebb alternat\u00edv \u00e9p\u00edt\u0151anyagokat. Ezenk\u00edv\u00fcl vetemed\u00e9smentesnek kell lenni\u00fck. Emiatt a v\u00e1laszt\u00e1s a szitanyom\u00f3lemezre esett.<\/p>\n\n\n\n<p class=\"wp-block-paragraph\">A s\u00falymegtakar\u00edt\u00e1s \u00fagy \u00e9rhet\u0151 el, hogy a k\u00e9toldali lyukakat a lemezvastags\u00e1g k\u00f6r\u00fclbel\u00fcl k\u00e9tharmad\u00e1nak megfelel\u0151 m\u00e9lys\u00e9gben helyezik el, a szomsz\u00e9dos lyukak k\u00f6z\u00f6tt pedig k\u00f6r\u00fclbel\u00fcl egy centim\u00e9teres eredeti lemezvastags\u00e1g marad.<\/p>\n\n\n\n<p class=\"wp-block-paragraph\">Az ABUS z\u00e1rak tervezett be\u00e9p\u00edt\u00e9si ter\u00fcletein a lemez eredeti \u00e1llapot\u00e1ban marad.<\/p>\n\n\n\n<p class=\"wp-block-paragraph\">Egy akril \u00fcveglap, pl. feh\u00e9r sz\u00ednben, vizu\u00e1lisan sikeres befejez\u00e9sk\u00e9nt szolg\u00e1lhat. A fekete sz\u00edn viszont a bej\u00e1rati l\u00e9pcs\u0151fokok ter\u00fclet\u00e9n aj\u00e1nlott. A karcol\u00e1sok \u00e9s szennyez\u0151d\u00e9sek ezen a ter\u00fcleten aligha ker\u00fclhet\u0151k el, de fekete akril\u00fcveggel alig l\u00e1that\u00f3ak.<\/p>\n\n\n\n<p class=\"wp-block-paragraph\"><br><\/p>\n\n\n\n<h2 class=\"wp-block-heading\"><span class=\"ez-toc-section\" id=\"Einbau_des_Zusatzschlosses\"><\/span>A kieg\u00e9sz\u00edt\u0151 z\u00e1r felszerel\u00e9se<span class=\"ez-toc-section-end\"><\/span><\/h2>\n\n\n\n<p class=\"wp-block-paragraph\">A f\u00far\u00f3lyukakat a k\u00edv\u00e1nt helyen a mell\u00e9kelt f\u00far\u00f3sablon szerint egy v\u00e9s\u0151vel jel\u00f6lj\u00fck ki. \u00dcgyeljen arra, hogy minden f\u00far\u00f3lyuk teljesen sz\u00f6gletes legyen!<\/p>\n\n\n\n<p class=\"wp-block-paragraph\">Kezdje a H\/K furattal (*jelz\u00e9sek az ABUS f\u00far\u00f3sablonon), amely a jobb vagy bal oldali ajt\u00f3csukl\u00f3nak felel meg. F\u00farja el\u0151 egy 5 mm-es f\u00far\u00f3sz\u00e1rral. A v\u00e9gs\u0151 f\u00far\u00e1si \u00e1tm\u00e9r\u0151 12 mm.<\/p>\n\n\n\n<p class=\"wp-block-paragraph\">A k\u00f6vetkez\u0151 l\u00e9p\u00e9s egy 35 mm-es G* vagy L* magfurat f\u00far\u00e1sa a kieg\u00e9sz\u00edt\u0151 z\u00e1r k\u00fcls\u0151 z\u00e1r\u00f3henger\u00e9nek befogad\u00e1s\u00e1ra.<\/p>\n\n\n\n<p class=\"wp-block-paragraph\">A beszerel\u00e9s el\u0151k\u00e9sz\u00edt\u00e9sekor a z\u00e1rszeg \u00e9s a hossz\u00fa r\u00f6gz\u00edt\u0151csavarok hossz\u00e1t az ajt\u00f3 vastags\u00e1g\u00e1nak megfelel\u0151en kell be\u00e1ll\u00edtani. A r\u00f6gz\u00edt\u0151szerkezet keresztfej\u0171 csavarj\u00e1nak meglaz\u00edt\u00e1sa ut\u00e1n a z\u00e1r\u00f3csapot is el kell t\u00e1vol\u00edtani. A tesztel\u00e9shez helyezze be a k\u00fcls\u0151 z\u00e1r\u00f3hengert a magfuratba, \u00e9s tartsa a tart\u00f3lemezt az ajt\u00f3 bels\u0151 oldal\u00e1hoz. Ellen\u0151rizze, hogy a z\u00e1r\u00f3henger csapja egy vonalban van-e a k\u00f6vet\u0151lemez ny\u00edl\u00e1s\u00e1val, \u00e9s hogy a hosszabb csavarok biztons\u00e1gosan \u00f6sszekapcsolj\u00e1k-e a k\u00e9t z\u00e1rr\u00e9szt egym\u00e1ssal.<\/p>\n\n\n\n<p class=\"wp-block-paragraph\">Annak \u00e9rdek\u00e9ben, hogy a k\u00fcls\u0151 burkolat v\u00e9kony alum\u00edniumlemeze a csavarok megh\u00faz\u00e1sakor ne h\u00faz\u00f3djon befel\u00e9, \u00e9s ne okozzon horpad\u00e1st, ahogy itt t\u00f6rt\u00e9nt, jobb, ha egy 20 mm-es, megfelel\u0151 hossz\u00fas\u00e1g\u00fara v\u00e1gott alum\u00edniumcs\u0151szakaszt tolunk a z\u00e1r\u00f3henger csapja f\u00f6l\u00e9. A hossznak olyannak kell lennie, hogy pontosan kiegyenl\u00edtse a z\u00e1r\u00f3henger v\u00e9ge \u00e9s az ajt\u00f3 bels\u0151 s\u00edkja k\u00f6z\u00f6tti t\u00e1vols\u00e1got. \u00cdgy a csavarok er\u0151sen megh\u00fazhat\u00f3k, de nem deform\u00e1lj\u00e1k tov\u00e1bb a k\u00fcls\u0151 burkolatot.<\/p>\n\n\n\n<p class=\"wp-block-paragraph\">A k\u00fcls\u0151 z\u00e1rburkolat bels\u0151 perem\u00e9t most m\u00e1r teljesen be lehet fedni szilikonnal, be lehet illeszteni a lyukakba, \u00e9s fel lehet szerelni a r\u00f6gz\u00edt\u0151lemezt. Gy\u0151z\u0151dj\u00f6n meg arr\u00f3l, hogy a z\u00e1r\u00f3henger csapja pontosan illeszkedik, \u00e9s h\u00fazza meg a hossz\u00fa csavarokat.<\/p>\n\n\n\n<p class=\"wp-block-paragraph\">V\u00e9g\u00fcl ellen\u0151rizze a f\u00fcgg\u0151leges r\u00f6gz\u00edt\u00e9si helyzetet, sz\u00fcks\u00e9g eset\u00e9n kiss\u00e9 korrig\u00e1lja, \u00e9s r\u00f6gz\u00edtse mindk\u00e9t M* helyzetben k\u00e9t megfelel\u0151 csavarral.<\/p>\n\n\n\n<p class=\"wp-block-paragraph\">K\u00f6r\u00fclbel\u00fcl k\u00e9t \u00f3ra eltelt\u00e9vel \u00f3vatosan v\u00e1gja \u00e1t \u00e9s t\u00e1vol\u00edtsa el a z\u00e1r\u00f3henger burkolat\u00e1nak sz\u00e9l\u00e9n k\u00edv\u00fclr\u0151l sziv\u00e1rg\u00f3 szilikont egy v\u00e1g\u00f3k\u00e9ssel 45 fokos sz\u00f6gben a burkolat \u00e9s az ajt\u00f3 fel\u00fclete k\u00f6z\u00f6tt.<\/p>\n\n\n<div class=\"wp-block-image\">\n<figure class=\"aligncenter size-large\"><img decoding=\"async\" width=\"768\" height=\"1024\" src=\"https:\/\/csiag.eu\/wp-content\/uploads\/2022\/05\/Z_Schloss-768x1024.jpg\" alt=\"\" class=\"wp-image-1821\" srcset=\"https:\/\/csiag.eu\/wp-content\/uploads\/2022\/05\/Z_Schloss-768x1024.jpg 768w, https:\/\/csiag.eu\/wp-content\/uploads\/2022\/05\/Z_Schloss-225x300.jpg 225w, https:\/\/csiag.eu\/wp-content\/uploads\/2022\/05\/Z_Schloss.jpg 900w\" sizes=\"(max-width: 768px) 100vw, 768px\" \/><figcaption class=\"wp-element-caption\">A kieg\u00e9sz\u00edt\u0151 z\u00e1r be\u00e9p\u00edt\u00e9se befejez\u0151d\u00f6tt<\/figcaption><\/figure>\n<\/div>\n\n\n<p class=\"wp-block-paragraph\"><\/p>","protected":false},"excerpt":{"rendered":"<p><span class=\"span-reading-time rt-reading-time\" style=\"display: block;\"><span class=\"rt-label rt-prefix\">Olvas\u00e1si id\u0151<\/span> <span class=\"rt-time\"> 4<\/span> <span class=\"rt-label rt-postfix\">percek<\/span><\/span>Das ABUS Zusatzschloss ist mit 90 Punkten von 100 bzgl. Sicherheit bewertet und soll hier das klemmende zweifach Verwendung finden. Da auch Einbr\u00fcche in Wohnwagen \/ Wohnmobilen \u00f6fter Diskussionsgegenstand sind, ber\u00fccksichtige ich diese Thematik ebenso in einem Aufwasch. Immer wieder liest man von diesem Problem. Dumm nur, wenn diese T\u00fcre, wie beim Niessmann Flair, der&hellip;&nbsp;<a href=\"https:\/\/csiag.eu\/hu\/blog\/2022\/07\/05\/tuerschloss-klemmt-zwei-fliegen-mit-einer-klappe\/\" rel=\"bookmark\">Olvass tov\u00e1bb \"<span class=\"screen-reader-text\">Ajt\u00f3z\u00e1r elakadt ... - ABUS kieg\u00e9sz\u00edt\u0151 z\u00e1r<\/span><\/a><\/p>","protected":false},"author":1,"featured_media":0,"comment_status":"open","ping_status":"open","sticky":false,"template":"","format":"standard","meta":{"_lmt_disableupdate":"","_lmt_disable":"","neve_meta_sidebar":"","neve_meta_container":"","neve_meta_enable_content_width":"","neve_meta_content_width":0,"neve_meta_title_alignment":"","neve_meta_author_avatar":"","neve_post_elements_order":"","neve_meta_disable_header":"","neve_meta_disable_footer":"","neve_meta_disable_title":"","footnotes":""},"categories":[335,318],"tags":[599,594,596,595,597,593,598],"class_list":["post-2128","post","type-post","status-publish","format-standard","hentry","category-tuerschloss-klemmt-zwei-fliegen-mit-einer-klappe","category-womo-umbau","tag-abus","tag-demontage","tag-einbruchschutz","tag-klettstreifen","tag-tuereinsteckschloss","tag-tuerschloss-klemmt","tag-zusatzschloss"],"modified_by":"Achim Goerner","_links":{"self":[{"href":"https:\/\/csiag.eu\/hu\/wp-json\/wp\/v2\/posts\/2128","targetHints":{"allow":["GET"]}}],"collection":[{"href":"https:\/\/csiag.eu\/hu\/wp-json\/wp\/v2\/posts"}],"about":[{"href":"https:\/\/csiag.eu\/hu\/wp-json\/wp\/v2\/types\/post"}],"author":[{"embeddable":true,"href":"https:\/\/csiag.eu\/hu\/wp-json\/wp\/v2\/users\/1"}],"replies":[{"embeddable":true,"href":"https:\/\/csiag.eu\/hu\/wp-json\/wp\/v2\/comments?post=2128"}],"version-history":[{"count":0,"href":"https:\/\/csiag.eu\/hu\/wp-json\/wp\/v2\/posts\/2128\/revisions"}],"wp:attachment":[{"href":"https:\/\/csiag.eu\/hu\/wp-json\/wp\/v2\/media?parent=2128"}],"wp:term":[{"taxonomy":"category","embeddable":true,"href":"https:\/\/csiag.eu\/hu\/wp-json\/wp\/v2\/categories?post=2128"},{"taxonomy":"post_tag","embeddable":true,"href":"https:\/\/csiag.eu\/hu\/wp-json\/wp\/v2\/tags?post=2128"}],"curies":[{"name":"wp","href":"https:\/\/api.w.org\/{rel}","templated":true}]}}