{"id":2239,"date":"2022-08-22T20:01:09","date_gmt":"2022-08-22T20:01:09","guid":{"rendered":"https:\/\/csiag.eu\/?p=2239"},"modified":"2023-01-20T17:00:23","modified_gmt":"2023-01-20T17:00:23","slug":"toebbszoer-beoltva-es-meg-mindig-corona-fertozoett","status":"publish","type":"post","link":"https:\/\/csiag.eu\/hu\/blog\/2022\/08\/22\/mehrfach-geimpft-und-trotzdem-corona-infiziert\/","title":{"rendered":"T\u00f6bbsz\u00f6r \"beoltott\u00e1k\", \u00e9s m\u00e9g mindig koron\u00e1val fert\u0151z\u00f6tt?"},"content":{"rendered":"<span class=\"span-reading-time rt-reading-time\" style=\"display: block;\"><span class=\"rt-label rt-prefix\">Olvas\u00e1si id\u0151<\/span> <span class=\"rt-time\"> 2<\/span> <span class=\"rt-label rt-postfix\">percek<\/span><\/span>\n<p class=\"wp-block-paragraph\">Az ut\u00f3bbi id\u0151ben egyre gyakoribb\u00e1 v\u00e1ltak az influenz\u00e1hoz hasonl\u00f3 t\u00fcnetek. Gyeng\u00e9nek \u00e9rzi mag\u00e1t, fejf\u00e1j\u00e1s, f\u00e1j\u00f3 v\u00e9gtagok, torokf\u00e1j\u00e1s, l\u00e1z ... .<\/p>\n\n\n\n<p class=\"wp-block-paragraph\">A Covid-19 tesztek pozit\u00edv eredm\u00e9nyt adnak. Ez az ismert mRNS-ter\u00e1pi\u00e1s szerekkel t\u00f6rt\u00e9n\u0151 h\u00e1romszori vakcin\u00e1z\u00e1s ellen\u00e9re is \u00edgy van. A megbetegedettek k\u00f6z\u00fcl nagyon kevesen voltak 2019 k\u00f6zepe el\u0151tt t\u00f6bbsz\u00f6r influenz\u00e1sak, eltekintve egy egyszer\u0171 k\u00f6h\u00f6g\u00e9st\u0151l \u00e9s megf\u00e1z\u00e1st\u00f3l.<\/p>\n\n\n\n<p class=\"wp-block-paragraph\">Sz\u00e1mos elm\u00e9let kering. A laborat\u00f3riumi \u00e9rt\u00e9kek azonban a legmegb\u00edzhat\u00f3bbak. Vil\u00e1gos k\u00e9pet adnak a szervezetben zajl\u00f3 folyamatokr\u00f3l.<\/p>\n\n\n\n<p class=\"wp-block-paragraph\">Az eg\u00e9szs\u00e9gbiztos\u00edt\u00f3k azonban nem fizetik az ilyen differenci\u00e1ldiagnosztikai vizsg\u00e1latokat, kiv\u00e9ve, ha a beteget m\u00e1r kezelik AIDS, r\u00e1k vagy hasonl\u00f3 betegs\u00e9gek miatt, amelyek rutinszer\u0171 immunst\u00e1tusz-vizsg\u00e1latot ig\u00e9nyelnek.<\/p>\n\n\n\n<p class=\"wp-block-paragraph\">\u00d6sszess\u00e9g\u00e9ben az \u00f6sszes sz\u00fcks\u00e9ges \u00e9rt\u00e9k k\u00f6r\u00fclbel\u00fcl 300 eur\u00f3t tesz ki.<\/p>\n\n\n\n<p class=\"wp-block-paragraph\">A k\u00f6vetkez\u0151 vizsg\u00e1latok javasoltak (a !-gal jel\u00f6lt \u00e9rt\u00e9kek jelent\u0151sen alacsonyabbak azokn\u00e1l, akiket t\u00f6bbsz\u00f6r oltottak be):<br><\/p>\n\n\n\n<ul class=\"wp-block-list\">\n<li>CD-profil (CD = differenci\u00e1l\u00f3d\u00e1si klaszter) - (limfocita differenci\u00e1l\u00f3d\u00e1s)\n<ul class=\"wp-block-list\">\n<li>CD3 - \u00d6sszes T-sejt<\/li>\n\n\n\n<li>Szabv\u00e1ny\u00e9rt\u00e9k: (m\/f) 600 - 3100\/ul (61 - 85%)<\/li>\n\n\n\n<li>Funkci\u00f3: A sejtes immunv\u00e9delem indukci\u00f3ja \u00e9s szab\u00e1lyoz\u00e1sa, sejtes v\u00e9delem, antig\u00e9nek hordoz\u00e1sa a sejtfelsz\u00ednen.<\/li>\n<\/ul>\n<\/li>\n<\/ul>\n\n\n\n<ul class=\"wp-block-list\">\n<li>CD19 - B-limfocit\u00e1k\n<ul class=\"wp-block-list\">\n<li>Szabv\u00e1ny\u00e9rt\u00e9k: (m\/f) 90 - 660\/ul (6 - 25%)<\/li>\n\n\n\n<li>Funkci\u00f3: Humor\u00e1lis immunv\u00e1lasz, immunglobulinok expresszi\u00f3ja \u00e9s felszabadul\u00e1sa, immunglobulinok termel\u00e9se (antitestk\u00e9pz\u00e9s).<\/li>\n<\/ul>\n<\/li>\n<\/ul>\n\n\n\n<ul class=\"wp-block-list\">\n<li>! - CD16\/56 - Term\u00e9szetes \u00f6l\u0151sejtek\n<ul class=\"wp-block-list\">\n<li>Standard \u00e9rt\u00e9k: (m\/f) 50 - 1050\/ul (5 - 30%)<\/li>\n\n\n\n<li>Funkci\u00f3: velesz\u00fcletett immunv\u00e9delem, fert\u0151z\u00f6tt sejtek \u00e9s tumorsejtek antig\u00e9n-nonspecifikusan l\u00edzise, gyullad\u00e1sos folyamatok sor\u00e1n pl. ztokinok, kemokinek k\u00e9pz\u0151d\u00e9se.<br><\/li>\n<\/ul>\n<\/li>\n\n\n\n<li>aktiv\u00e1lt T-limfocit\u00e1k\n<ul class=\"wp-block-list\">\n<li>Norm\u00e1l\u00e9rt\u00e9k: (m\/f) &lt; 400\/ul (&lt; 10%)<\/li>\n\n\n\n<li>Funkci\u00f3: Antig\u00e9n prezent\u00e1ci\u00f3<\/li>\n<\/ul>\n<\/li>\n<\/ul>\n\n\n\n<ul class=\"wp-block-list\">\n<li>CD4 - seg\u00edt\u0151 T-sejtek\n<ul class=\"wp-block-list\">\n<li>Szabv\u00e1ny\u00e9rt\u00e9k: (m\/f) 410 - 1590\/ul (31 - 60%)<\/li>\n\n\n\n<li>Funkci\u00f3: A sejtes immunrendszer r\u00e9sze. <br><\/li>\n<\/ul>\n<\/li>\n\n\n\n<li>! - Szuppr.\/citotoxikus T-sejtek CD6 pozit\u00edvak\n<ul class=\"wp-block-list\">\n<li>Standard \u00e9rt\u00e9k: (m\/f) 200 - 1750\/ul (21 - 39 %)<\/li>\n\n\n\n<li>Funkci\u00f3: Szab\u00e1lyoz\u00f3 T-sejtek, idegen sejtek elt\u00e1vol\u00edt\u00e1sa, aktiv\u00e1lhatj\u00e1k az immunrendszer m\u00e1s funkci\u00f3it az elimin\u00e1ci\u00f3 \u00e9rdek\u00e9ben.&nbsp;<\/li>\n<\/ul>\n<\/li>\n<\/ul>\n\n\n\n<ul class=\"wp-block-list\">\n<li>Citotoxikusan aktiv\u00e1lt T-limfocit\u00e1k\n<ul class=\"wp-block-list\">\n<li>Norm\u00e1l\u00e9rt\u00e9k: (m\/f) ?<\/li>\n\n\n\n<li>Funkci\u00f3: A c\u00e9lsejtek elpuszt\u00edt\u00e1sa<\/li>\n<\/ul>\n<\/li>\n<\/ul>\n\n\n\n<ul class=\"wp-block-list\">\n<li>! - IFN-g (TH1)\n<ul class=\"wp-block-list\">\n<li>Norm\u00e1l\u00e9rt\u00e9k: (m\/f) 374 - 1660\/ul<\/li>\n\n\n\n<li>Funkci\u00f3: immunh\u00edrviv\u0151 anyagok felszabad\u00edt\u00e1sa, intracellul\u00e1ris k\u00f3rokoz\u00f3k elt\u00e1vol\u00edt\u00e1sa.&nbsp;<\/li>\n<\/ul>\n<\/li>\n<\/ul>\n\n\n\n<ul class=\"wp-block-list\">\n<li>! - IL-4 (TH2)\n<ul class=\"wp-block-list\">\n<li>Norm\u00e1l\u00e9rt\u00e9k: (m\/f) 28 - 141\/ul<\/li>\n\n\n\n<li>Funkci\u00f3: immunszab\u00e1lyoz\u00f3, v\u00e9dekez\u00e9s az extracellul\u00e1ris k\u00f3rokoz\u00f3kkal szemben<\/li>\n<\/ul>\n<\/li>\n<\/ul>","protected":false},"excerpt":{"rendered":"<p><span class=\"span-reading-time rt-reading-time\" style=\"display: block;\"><span class=\"rt-label rt-prefix\">Olvas\u00e1si id\u0151<\/span> <span class=\"rt-time\"> 2<\/span> <span class=\"rt-label rt-postfix\">percek<\/span><\/span>Az ut\u00f3bbi id\u0151ben egyre gyakoribb\u00e1 v\u00e1ltak az influenz\u00e1hoz hasonl\u00f3 t\u00fcnetek. Gyeng\u00e9nek \u00e9rzi mag\u00e1t, fejf\u00e1j\u00e1s, f\u00e1j\u00f3 v\u00e9gtagok, torokf\u00e1j\u00e1s, l\u00e1z ... . A Covid-19 tesztek pozit\u00edv eredm\u00e9nyt adnak. Ez az ismert mRNS ter\u00e1pi\u00e1s szerekkel t\u00f6rt\u00e9n\u0151 h\u00e1romszori olt\u00e1s ellen\u00e9re is \u00edgy van. A megbetegedettek k\u00f6z\u00fcl nagyon kevesen voltak 2019 k\u00f6zepe el\u0151tt t\u00f6bbsz\u00f6r influenz\u00e1sak, eltekintve az egyszer\u0171 k\u00f6h\u00f6g\u00e9st\u0151l \u00e9s megf\u00e1z\u00e1st\u00f3l. Sz\u00e1mos elm\u00e9letet tesz...&nbsp;<a href=\"https:\/\/csiag.eu\/hu\/blog\/2022\/08\/22\/mehrfach-geimpft-und-trotzdem-corona-infiziert\/\" rel=\"bookmark\">Olvass tov\u00e1bb \"<span class=\"screen-reader-text\">T\u00f6bbsz\u00f6r \"beoltott\u00e1k\", \u00e9s m\u00e9g mindig koron\u00e1val fert\u0151z\u00f6tt?<\/span><\/a><\/p>","protected":false},"author":1,"featured_media":0,"comment_status":"open","ping_status":"open","sticky":false,"template":"","format":"standard","meta":{"_lmt_disableupdate":"","_lmt_disable":"","neve_meta_sidebar":"","neve_meta_container":"","neve_meta_enable_content_width":"","neve_meta_content_width":0,"neve_meta_title_alignment":"","neve_meta_author_avatar":"","neve_post_elements_order":"","neve_meta_disable_header":"","neve_meta_disable_footer":"","neve_meta_disable_title":"","footnotes":""},"categories":[628],"tags":[],"class_list":["post-2239","post","type-post","status-publish","format-standard","hentry","category-corona"],"modified_by":"Achim Goerner","_links":{"self":[{"href":"https:\/\/csiag.eu\/hu\/wp-json\/wp\/v2\/posts\/2239","targetHints":{"allow":["GET"]}}],"collection":[{"href":"https:\/\/csiag.eu\/hu\/wp-json\/wp\/v2\/posts"}],"about":[{"href":"https:\/\/csiag.eu\/hu\/wp-json\/wp\/v2\/types\/post"}],"author":[{"embeddable":true,"href":"https:\/\/csiag.eu\/hu\/wp-json\/wp\/v2\/users\/1"}],"replies":[{"embeddable":true,"href":"https:\/\/csiag.eu\/hu\/wp-json\/wp\/v2\/comments?post=2239"}],"version-history":[{"count":0,"href":"https:\/\/csiag.eu\/hu\/wp-json\/wp\/v2\/posts\/2239\/revisions"}],"wp:attachment":[{"href":"https:\/\/csiag.eu\/hu\/wp-json\/wp\/v2\/media?parent=2239"}],"wp:term":[{"taxonomy":"category","embeddable":true,"href":"https:\/\/csiag.eu\/hu\/wp-json\/wp\/v2\/categories?post=2239"},{"taxonomy":"post_tag","embeddable":true,"href":"https:\/\/csiag.eu\/hu\/wp-json\/wp\/v2\/tags?post=2239"}],"curies":[{"name":"wp","href":"https:\/\/api.w.org\/{rel}","templated":true}]}}