{"id":36,"date":"2021-06-16T13:13:31","date_gmt":"2021-06-16T13:13:31","guid":{"rendered":"https:\/\/hosting159620.ae813.netcup.net\/wp\/?p=36"},"modified":"2025-12-07T18:11:02","modified_gmt":"2025-12-07T18:11:02","slug":"smarthome-malnapi","status":"publish","type":"post","link":"https:\/\/csiag.eu\/hu\/blog\/2021\/06\/16\/smarthome-raspberrypi\/","title":{"rendered":"SmartHome - Raspberry Pi"},"content":{"rendered":"<div id=\"ez-toc-container\" class=\"ez-toc-v2_0_86 counter-hierarchy ez-toc-counter ez-toc-grey ez-toc-container-direction\">\n<div class=\"ez-toc-title-container\">\n<p class=\"ez-toc-title\" style=\"cursor:inherit\">Tartalomjegyz\u00e9k<\/p>\n<span class=\"ez-toc-title-toggle\"><\/span><\/div>\n<nav><ul class='ez-toc-list ez-toc-list-level-1' ><ul class='ez-toc-list-level-2' ><li class='ez-toc-heading-level-2'><a class=\"ez-toc-link ez-toc-heading-1\" href=\"https:\/\/csiag.eu\/hu\/blog\/2021\/06\/16\/smarthome-raspberrypi\/#CCU_oder_Raspberry_Pi\" >CCU vagy Raspberry Pi<\/a><\/li><li class='ez-toc-page-1 ez-toc-heading-level-2'><a class=\"ez-toc-link ez-toc-heading-2\" href=\"https:\/\/csiag.eu\/hu\/blog\/2021\/06\/16\/smarthome-raspberrypi\/#Trick_17_%E2%80%A6\" >Tr\u00fckk 17 ...<\/a><ul class='ez-toc-list-level-3' ><li class='ez-toc-heading-level-3'><a class=\"ez-toc-link ez-toc-heading-3\" href=\"https:\/\/csiag.eu\/hu\/blog\/2021\/06\/16\/smarthome-raspberrypi\/#Wir_starten_mit_dem_Raspberry_Pi\" >Kezdj\u00fck a Raspberry Pi-vel<\/a><\/li><\/ul><\/li><li class='ez-toc-page-1 ez-toc-heading-level-2'><a class=\"ez-toc-link ez-toc-heading-4\" href=\"https:\/\/csiag.eu\/hu\/blog\/2021\/06\/16\/smarthome-raspberrypi\/#Hardware-Vorbereitungen\" >Hardveres el\u0151k\u00e9sz\u00fcletek<\/a><\/li><li class='ez-toc-page-1 ez-toc-heading-level-2'><a class=\"ez-toc-link ez-toc-heading-5\" href=\"https:\/\/csiag.eu\/hu\/blog\/2021\/06\/16\/smarthome-raspberrypi\/#RaspberryMatic-Image_laden_und_installieren\" >T\u00f6ltse le \u00e9s telep\u00edtse a RaspberryMatic k\u00e9pet<\/a><\/li><li class='ez-toc-page-1 ez-toc-heading-level-2'><a class=\"ez-toc-link ez-toc-heading-6\" href=\"https:\/\/csiag.eu\/hu\/blog\/2021\/06\/16\/smarthome-raspberrypi\/#Erster_Start\" >Els\u0151 ind\u00edt\u00e1s<\/a><\/li><li class='ez-toc-page-1 ez-toc-heading-level-2'><a class=\"ez-toc-link ez-toc-heading-7\" href=\"https:\/\/csiag.eu\/hu\/blog\/2021\/06\/16\/smarthome-raspberrypi\/#RaspberryMatic_%E2%80%93_Konfiguration\" >RaspberryMatic - Konfigur\u00e1ci\u00f3<\/a><ul class='ez-toc-list-level-3' ><li class='ez-toc-heading-level-3'><a class=\"ez-toc-link ez-toc-heading-8\" href=\"https:\/\/csiag.eu\/hu\/blog\/2021\/06\/16\/smarthome-raspberrypi\/#Benutzer_anlegen\" >Felhaszn\u00e1l\u00f3 l\u00e9trehoz\u00e1sa<\/a><\/li><li class='ez-toc-page-1 ez-toc-heading-level-3'><a class=\"ez-toc-link ez-toc-heading-9\" href=\"https:\/\/csiag.eu\/hu\/blog\/2021\/06\/16\/smarthome-raspberrypi\/#Netzwerkeinstellungen\" >H\u00e1l\u00f3zati be\u00e1ll\u00edt\u00e1sok<\/a><\/li><li class='ez-toc-page-1 ez-toc-heading-level-3'><a class=\"ez-toc-link ez-toc-heading-10\" href=\"https:\/\/csiag.eu\/hu\/blog\/2021\/06\/16\/smarthome-raspberrypi\/#Firewall_konfigurieren\" >T\u0171zfal konfigur\u00e1l\u00e1sa<\/a><\/li><li class='ez-toc-page-1 ez-toc-heading-level-3'><a class=\"ez-toc-link ez-toc-heading-11\" href=\"https:\/\/csiag.eu\/hu\/blog\/2021\/06\/16\/smarthome-raspberrypi\/#LAN-Gateway_Konfiguration\" >LAN \u00e1tj\u00e1r\u00f3 konfigur\u00e1ci\u00f3ja<\/a><\/li><li class='ez-toc-page-1 ez-toc-heading-level-3'><a class=\"ez-toc-link ez-toc-heading-12\" href=\"https:\/\/csiag.eu\/hu\/blog\/2021\/06\/16\/smarthome-raspberrypi\/#Neustart\" >\u00dajraind\u00edt\u00e1s<\/a><\/li><\/ul><\/li><li class='ez-toc-page-1 ez-toc-heading-level-2'><a class=\"ez-toc-link ez-toc-heading-13\" href=\"https:\/\/csiag.eu\/hu\/blog\/2021\/06\/16\/smarthome-raspberrypi\/#RaspberryMatic_%E2%80%93_als_LAN_Gateway_konfigurieren\" >RaspberryMatic - LAN \u00e1tj\u00e1r\u00f3k\u00e9nt konfigur\u00e1lni<\/a><\/li><li class='ez-toc-page-1 ez-toc-heading-level-2'><a class=\"ez-toc-link ez-toc-heading-14\" href=\"https:\/\/csiag.eu\/hu\/blog\/2021\/06\/16\/smarthome-raspberrypi\/#RaspberryMatic_%E2%80%93_Zusatzsoftware\" >RaspberryMatic - Tov\u00e1bbi szoftverek<\/a><\/li><li class='ez-toc-page-1 ez-toc-heading-level-2'><a class=\"ez-toc-link ez-toc-heading-15\" href=\"https:\/\/csiag.eu\/hu\/blog\/2021\/06\/16\/smarthome-raspberrypi\/#Installation_der_Zusatz-Software\" >A kieg\u00e9sz\u00edt\u0151 szoftver telep\u00edt\u00e9se<\/a><\/li><li class='ez-toc-page-1 ez-toc-heading-level-2'><a class=\"ez-toc-link ez-toc-heading-16\" href=\"https:\/\/csiag.eu\/hu\/blog\/2021\/06\/16\/smarthome-raspberrypi\/#RasPi_%E2%80%93_CUx-Daemon\" >RasPi - CUx d\u00e9mon<\/a><ul class='ez-toc-list-level-3' ><li class='ez-toc-heading-level-3'><a class=\"ez-toc-link ez-toc-heading-17\" href=\"https:\/\/csiag.eu\/hu\/blog\/2021\/06\/16\/smarthome-raspberrypi\/#Starten_des_CUx-Daemons\" >A CUx d\u00e9mon ind\u00edt\u00e1sa<\/a><ul class='ez-toc-list-level-4' ><li class='ez-toc-heading-level-4'><a class=\"ez-toc-link ez-toc-heading-18\" href=\"https:\/\/csiag.eu\/hu\/blog\/2021\/06\/16\/smarthome-raspberrypi\/#Erzeugen_eines_CUxD_Timers\" >CUxD id\u0151z\u00edt\u0151 l\u00e9trehoz\u00e1sa<\/a><\/li><li class='ez-toc-page-1 ez-toc-heading-level-4'><a class=\"ez-toc-link ez-toc-heading-19\" href=\"https:\/\/csiag.eu\/hu\/blog\/2021\/06\/16\/smarthome-raspberrypi\/#Erzeugen_der_CUxD_19-Tasten-Fernbedienung\" >A CUxD 19 gombos t\u00e1vir\u00e1ny\u00edt\u00f3 l\u00e9trehoz\u00e1sa<\/a><\/li><\/ul><\/li><\/ul><\/li><li class='ez-toc-page-1 ez-toc-heading-level-2'><a class=\"ez-toc-link ez-toc-heading-20\" href=\"https:\/\/csiag.eu\/hu\/blog\/2021\/06\/16\/smarthome-raspberrypi\/#Defekte_Homematic_Gerate_austauschen\" >A meghib\u00e1sodott Homematic k\u00e9sz\u00fcl\u00e9kek cser\u00e9je<\/a><ul class='ez-toc-list-level-3' ><li class='ez-toc-heading-level-3'><a class=\"ez-toc-link ez-toc-heading-21\" href=\"https:\/\/csiag.eu\/hu\/blog\/2021\/06\/16\/smarthome-raspberrypi\/#Loschen_des_defekten_Gerates\" >T\u00f6r\u00f6lje a hib\u00e1s eszk\u00f6zt<\/a><\/li><li class='ez-toc-page-1 ez-toc-heading-level-3'><a class=\"ez-toc-link ez-toc-heading-22\" href=\"https:\/\/csiag.eu\/hu\/blog\/2021\/06\/16\/smarthome-raspberrypi\/#Anlernen_des_neuen_Gerates\" >Az \u00faj eszk\u00f6z tan\u00edt\u00e1sa<\/a><ul class='ez-toc-list-level-4' ><li class='ez-toc-heading-level-4'><a class=\"ez-toc-link ez-toc-heading-23\" href=\"https:\/\/csiag.eu\/hu\/blog\/2021\/06\/16\/smarthome-raspberrypi\/#Neues_Gerat_in_den_betroffenen_Programmen_funktional_erganzen\" >Funkci\u00f3k hozz\u00e1ad\u00e1sa az \u00faj eszk\u00f6zh\u00f6z az \u00e9rintett programokban<\/a><\/li><\/ul><\/li><\/ul><\/li><li class='ez-toc-page-1 ez-toc-heading-level-2'><a class=\"ez-toc-link ez-toc-heading-24\" href=\"https:\/\/csiag.eu\/hu\/blog\/2021\/06\/16\/smarthome-raspberrypi\/#Sicherheits-Kopie_der_SD-Karte_erstellen\" >K\u00e9sz\u00edtsen biztons\u00e1gi m\u00e1solatot az SD-k\u00e1rty\u00e1r\u00f3l<\/a><\/li><\/ul><\/li><li class='ez-toc-page-1 ez-toc-heading-level-1'><a class=\"ez-toc-link ez-toc-heading-25\" href=\"https:\/\/csiag.eu\/hu\/blog\/2021\/06\/16\/smarthome-raspberrypi\/#Nomenklatur\" >N\u00f3menklat\u00fara<\/a><\/li><\/ul><\/nav><\/div>\n<span class=\"span-reading-time rt-reading-time\" style=\"display: block;\"><span class=\"rt-label rt-prefix\">Olvas\u00e1si id\u0151<\/span> <span class=\"rt-time\"> 10<\/span> <span class=\"rt-label rt-postfix\">percek<\/span><\/span>\n<h2 class=\"wp-block-heading\"><span class=\"ez-toc-section\" id=\"CCU_oder_Raspberry_Pi\"><\/span>CCU vagy Raspberry Pi<span class=\"ez-toc-section-end\"><\/span><\/h2>\n\n\n\n<p class=\"wp-block-paragraph\">A SmartHome-ot el\u0151sz\u00f6r a Homematic CCU 1 tette lehet\u0151v\u00e9, amely vez\u00e9rl\u0151k\u00f6zpontk\u00e9nt m\u0171k\u00f6d\u00f6tt. Mivel ez meglehet\u0151sen lass\u00fa volt, hamarosan egy er\u0151sebb processzorral rendelkez\u0151 CCU 2-t k\u00edn\u00e1ltak. Ezt k\u00f6vette a CCU 3, amely tov\u00e1bbi teljes\u00edtm\u00e9nyn\u00f6veked\u00e9st jelentett, \u00e9s lehet\u0151v\u00e9 tette a Homematic firmware tov\u00e1bbfejleszt\u00e9s\u00e9t a funkci\u00f3k sz\u00e9lesebb k\u00f6r\u00e9vel.<\/p>\n\n\n\n<p class=\"wp-block-paragraph\">Mint mindig a technol\u00f3gi\u00e1ban, itt is vannak emberek, akik m\u00e9g jobb\u00e1, gyorsabb\u00e1 \u00e9s k\u00e9nyelmesebb\u00e9 akarj\u00e1k \u00e9s tudj\u00e1k tenni a dolgokat. \u00cdgy Jens Maus felh\u00edvta a <a href=\"https:\/\/raspberrymatic.de\/de\/home\/\" target=\"_blank\" rel=\"noreferrer noopener\">RaspberryMatic<\/a> mint a Homematic oper\u00e1ci\u00f3s rendszer megfelel\u0151je, amely egy egyszer\u0171 \u00e9s olcs\u00f3 <a href=\"https:\/\/www.amazon.de\/gp\/product\/B07TC2BK1X\/ref=as_li_tl?ie=UTF8&amp;tag=csiag-21&amp;camp=1638&amp;creative=6742&amp;linkCode=as2&amp;creativeASIN=B07TC2BK1X&amp;linkId=0612751ceaef6947bb802d79911770c8\" target=\"_blank\" rel=\"noreferrer noopener\">Raspberry Pi<\/a> telep\u00edtve van.<br>Az EQ-3 egy <a href=\"https:\/\/www.amazon.de\/gp\/product\/B01G2FM4F0\/ref=as_li_tl?ie=UTF8&amp;tag=csiag-21&amp;camp=1638&amp;creative=6742&amp;linkCode=as2&amp;creativeASIN=B01G2FM4F0&amp;linkId=1d2763643f280895e7accf9666ebca5a\" target=\"_blank\" rel=\"noreferrer noopener\">R\u00e1di\u00f3 modul<\/a> <em>HM-MOD-RPI-PCB<\/em> a Raspberry Pi sz\u00e1m\u00e1ra, amelyet egyszer\u0171en r\u00e1 kell csatlakoztatni.<br>Megfelel\u0151 <a href=\"https:\/\/www.amazon.de\/gp\/product\/B07XCMMKFC\/ref=as_li_tl?ie=UTF8&amp;tag=csiag-21&amp;camp=1638&amp;creative=6742&amp;linkCode=as2&amp;creativeASIN=B07XCMMKFC&amp;linkId=2504e6ab031a6e10272cec3c88753c38\" target=\"_blank\" rel=\"noopener\">Lakhat\u00e1s <\/a><a href=\"https:\/\/www.amazon.de\/gp\/product\/B07XCMMKFC\/ref=as_li_tl?ie=UTF8&amp;tag=csiag-21&amp;camp=1638&amp;creative=6742&amp;linkCode=as2&amp;creativeASIN=B07XCMMKFC&amp;linkId=2504e6ab031a6e10272cec3c88753c38\" target=\"_blank\" rel=\"noreferrer noopener\">a  c\u00edmen<\/a><a href=\"https:\/\/www.amazon.de\/gp\/product\/B07XCMMKFC\/ref=as_li_tl?ie=UTF8&amp;tag=csiag-21&amp;camp=1638&amp;creative=6742&amp;linkCode=as2&amp;creativeASIN=B07XCMMKFC&amp;linkId=2504e6ab031a6e10272cec3c88753c38\" target=\"_blank\" rel=\"noopener\">Ventil\u00e1tor<\/a> \u00e9s a t\u00e1pegys\u00e9g (link) teszi teljess\u00e9 a bark\u00e1csk\u00f6zpontot - kicsi, finom, f\u00fcrge.<\/p>\n\n\n\n<p class=\"wp-block-paragraph\">A Homematic k\u00f6zponti vez\u00e9rl\u0151egys\u00e9g (CCU) \u00e9s a RaspberryMatic felhaszn\u00e1l\u00f3i fel\u00fclete szinte teljesen megegyezik. Aki ismeri az eredeti GUI-t, azonnal eligazodik a RaspberryMatic-ban.<\/p>\n\n\n\n<h2 class=\"wp-block-heading\"><span class=\"ez-toc-section\" id=\"Trick_17_%E2%80%A6\"><\/span>Tr\u00fckk 17 ...<span class=\"ez-toc-section-end\"><\/span><\/h2>\n\n\n\n<p class=\"wp-block-paragraph\">Aki a Raspberry Pi 4B-t haszn\u00e1lja, az nem fog \u00f6r\u00fclni a HmIP komponenseknek, mert a Raspberry Pi 4B sajnos nem t\u00fcnd\u00f6k\u00f6l r\u00e1di\u00f3higi\u00e9nia szempontj\u00e1b\u00f3l, azaz - sajnos - sok zavar\u00f3 sug\u00e1rz\u00e1st produk\u00e1l. Ez olyan vehemens, hogy a r\u00e1 szerelt r\u00e1di\u00f3s modul <em>HM-MOD-RPI-PCB<\/em> a l\u00e1tsz\u00f3lag \u00e9rz\u00e9kenyebb HmIP-eszk\u00f6z\u00f6k alig hallhat\u00f3k, legal\u00e1bbis nem megb\u00edzhat\u00f3an.<\/p>\n\n\n\n<p class=\"wp-block-paragraph\">Ezt \u00fagy lehet orvosolni, hogy a modult NEM a Raspberry Pi alaplapj\u00e1ra helyezz\u00fck, hanem egy \u00e1rny\u00e9kolt k\u00e1bellel csatlakoztatjuk az alaplaphoz, \u00e9s a vezet\u00e9k n\u00e9lk\u00fcli modult legal\u00e1bb egy j\u00f3 m\u00e9terrel (a tesztek szerint ak\u00e1r 8 m\u00e9terre) t\u00e1volabb helyezz\u00fck el a Raspberry Pi-t\u00f3l. Most m\u00e1r m\u0171k\u00f6dik a HmIP \u201eszomsz\u00e9dokkal\u201c!<\/p>\n\n\n\n<p class=\"wp-block-paragraph\">Ha m\u00e9g professzion\u00e1lisabb\u00e1 szeretn\u00e9 tenni, akkor a Raspberry Pi-t egy f\u00e9mh\u00e1zba (Faraday-ketrec) is be\u00e9p\u00edtheti, \u00e9s \u00edgy gyakorlatilag kik\u00fcsz\u00f6b\u00f6lheti a magasfrekvenci\u00e1s (HF) zavarokat.<\/p>\n\n\n\n<p class=\"wp-block-paragraph\">Ha pedig m\u00e9g a hab a tort\u00e1n, akkor a vezet\u00e9k n\u00e9lk\u00fcli modult k\u00f6zvetlen\u00fcl hozz\u00e1adhatja a <a href=\"https:\/\/www.stall.biz\/produkt\/komplettbausatz-quadbeam2-antenne\/\" target=\"_blank\" rel=\"noreferrer noopener\">QuadBeam2 h\u00e1z<\/a>, amely a r\u00e1di\u00f3s modul PigTail antenn\u00e1j\u00e1t n\u00e9gy 868 MHz-es antenn\u00e1val helyettes\u00edti egy k\u00e9szlet r\u00e9szek\u00e9nt, alig 60 eur\u00f3\u00e9rt, ami tov\u00e1bbi jelent\u0151s antennaer\u0151s\u00edt\u00e9st \u00e9s ez\u00e1ltal nagyobb hat\u00f3t\u00e1vols\u00e1got, valamint optimaliz\u00e1lt \u00e1tviteli\/v\u00e9teli teljes\u00edtm\u00e9nyt eredm\u00e9nyez.<\/p>\n\n\n\n<h3 class=\"wp-block-heading\"><span class=\"ez-toc-section\" id=\"Wir_starten_mit_dem_Raspberry_Pi\"><\/span>Kezdj\u00fck a Raspberry Pi-vel<span class=\"ez-toc-section-end\"><\/span><\/h3>\n\n\n\n<p class=\"wp-block-paragraph\">Ha nem f\u00e9lsz \u00f6t percet befektetni egy forraszt\u00f3p\u00e1ccsal az EQ-3 \u00e1ltal k\u00e9szletk\u00e9nt \u00e9rt\u00e9kes\u00edtett vezet\u00e9k n\u00e9lk\u00fcli modul \u00f6sszeszerel\u00e9s\u00e9be, \u00e9s tov\u00e1bbi \u00f6t percet a RaspberryPi h\u00e1zba val\u00f3 beszerel\u00e9s\u00e9be, akkor el leszel ragadtatva a RaspberryPi \u00e1r\u00e1t\u00f3l \u00e9s teljes\u00edtm\u00e9ny\u00e9t\u0151l, valamint a Homematic-kompatibilis RaspberryMatic oper\u00e1ci\u00f3s rendszer\u00e9t\u0151l!<\/p>\n\n\n\n<p class=\"wp-block-paragraph\">A megfelel\u0151 <a href=\"https:\/\/homematic-forum.de\/forum\/viewtopic.php?t=67349\" target=\"_blank\" rel=\"noreferrer noopener\">F\u00f3rum<\/a> bietet vielseitige Unterst\u00fctzung in allen Belangen, gleich ob Homematic, RaspberryMatic, Programmierung (vor der ich mich gescheut hatte, heute aber vor nichts mehr zur\u00fcckschrecke \ud83d\ude09 &#8230;) Gemeinsam geht fast alles.<\/p>\n\n\n\n<p class=\"wp-block-paragraph\">Ez azt jelentette, hogy - sz\u00e1momra - a d\u00f6nt\u00e9s a Raspberry Pi \u00e9s a RaspberryMatic mellett sz\u00fcletett meg. Az akkori CCU 2 \u00e1tadta hely\u00e9t az els\u0151 RaspberryPi-nek.<\/p>\n\n\n\n<p class=\"wp-block-paragraph\">A v\u00e9geredm\u00e9ny egy h\u00e9t Raspberry Pi 4-et, k\u00f6zt\u00fck \u00f6t vez\u00e9rl\u0151k\u00f6zpontot \u00e9s k\u00e9t LAN-\u00e1tj\u00e1r\u00f3t tartalmaz\u00f3 rendszer lett, amely h\u00e1rom lak\u00f3egys\u00e9g t\u00f6bb mint 300 eszk\u00f6zzel t\u00f6rt\u00e9n\u0151 kezel\u00e9s\u00e9re szolg\u00e1lt. A rendszer t\u00f6bbek k\u00f6z\u00f6tt a f\u0171t\u00e9s, a vil\u00e1g\u00edt\u00e1s \u00e9s a szell\u0151z\u00e9s szab\u00e1lyoz\u00e1s\u00e1t, az \u00f6sszes fogyaszt\u00e1si adat r\u00f6gz\u00edt\u00e9s\u00e9t (e-m\u00e9r\u0151kkel\/impulzusm\u00e9r\u0151kkel egy\u00fctt), p\u00e9ld\u00e1ul a meleg\/hideg v\u00edz, a g\u00e1z, az \u00e1ram, a kert\/z\u00f6ldh\u00e1z \u00f6nt\u00f6z\u00e9se, a (talaj)p\u00e1ratartalom\/h\u0151m\u00e9rs\u00e9klet \u00e9rz\u00e9kel\u0151k, a PV-rendszer d\u0151l\u00e9ssz\u00f6g\u00e9nek be\u00e1ll\u00edt\u00e1sa, a jelenl\u00e9tf\u00fcgg\u0151 vil\u00e1g\u00edt\u00e1svez\u00e9rl\u00e9s, valamint a z\u00e1rrendszerek, a napf\u00e9nysug\u00e1rz\u00e1s \u00e9s a sz\u00e9l ir\u00e1nya\/er\u0151ss\u00e9ge f\u00fcggv\u00e9ny\u00e9ben a napellenz\u0151k\/rol\u00f3k vez\u00e9rl\u00e9se.<\/p>\n\n\n\n<p class=\"wp-block-paragraph\">V\u00e9gs\u0151 soron gyakorlatilag nincs olyan feladat, amelyet a Homematic ne tudna megoldani. N\u00e9ha a dobozon k\u00edv\u00fcl kell gondolkodni, kutatni \u00e9s k\u00e9rd\u00e9seket feltenni a f\u00f3rumokon.<br><br><\/p>\n\n\n\n<h2 class=\"wp-block-heading\"><span class=\"ez-toc-section\" id=\"Hardware-Vorbereitungen\"><\/span>Hardveres el\u0151k\u00e9sz\u00fcletek<span class=\"ez-toc-section-end\"><\/span><\/h2>\n\n\n\n<p class=\"wp-block-paragraph\">Miut\u00e1n telep\u00edtette a Raspberry Pi 4-et egy megfelel\u0151 <a href=\"https:\/\/www.amazon.de\/GeeekPi-Geh%C3%A4use-Raspberry-40x40x10mm-K%C3%BChlk%C3%B6rpern\/dp\/B07XF9XDB2\/ref=sr_1_2_sspa?crid=11DPL56DXPGL6&amp;keywords=raspberry+pi+4+geh%C3%A4use&amp;qid=1666978129&amp;qu=eyJxc2MiOiI2LjI0IiwicXNhIjoiNS4yOSIsInFzcCI6IjQuOTAifQ%3D%3D&amp;sprefix=raspberry+pi+4%2Caps%2C134&amp;sr=8-2-spons&amp;psc=1\" target=\"_blank\" rel=\"noreferrer noopener\">Lakhat\u00e1s<\/a>bele\u00e9rtve a ventil\u00e1tort(!) \u00e9s <a href=\"https:\/\/www.amazon.de\/Raspberry-Pi-offizielles-Netzteil-Model\/dp\/B07TMPC9FG\/ref=sr_1_3?__mk_de_DE=%C3%85M%C3%85%C5%BD%C3%95%C3%91&amp;crid=F95LRUM2VKN1&amp;keywords=raspberry+pi+4+netzteil&amp;qid=1666978167&amp;qu=eyJxc2MiOiIzLjQwIiwicXNhIjoiMy4wNCIsInFzcCI6IjIuOTYifQ%3D%3D&amp;sprefix=raspberry+pi+4+netzteil%2Caps%2C125&amp;sr=8-3\" target=\"_blank\" rel=\"noreferrer noopener\">T\u00e1pegys\u00e9g<\/a>\u00e9s csatolva <a href=\"https:\/\/de.elv.com\/elv-homematic-komplettbausatz-funkmodul-fuer-raspberry-pi-hm-mod-rpi-pcb-fuer-smart-home-hausautomation-142141\" target=\"_blank\" rel=\"noreferrer noopener\">R\u00e1di\u00f3 modul<\/a>majd a telep\u00edt\u00e9s k\u00f6vetkezik a <a href=\"https:\/\/github.com\/jens-maus\/RaspberryMatic\/releases\/tag\/3.57.5.20210525\" target=\"_blank\" rel=\"noopener\">RaspberryMatic-<\/a><a href=\"https:\/\/github.com\/jens-maus\/RaspberryMatic\/releases\/tag\/3.57.5.20210525\" target=\"_blank\" rel=\"noreferrer noopener\">K\u00e9pek<\/a> egy 64 GB-os micro SD k\u00e1rty\u00e1ra a <a href=\"https:\/\/www.tweaking4all.com\/software\/macosx-software\/applepi-baker-v2\/\" target=\"_blank\" rel=\"noreferrer noopener\">ApplePiBaker<\/a> (Mac OSX) vagy <a href=\"https:\/\/www.balena.io\/etcher\/\" target=\"_blank\" rel=\"noreferrer noopener\">balenaEtcher<\/a> (Windows).<br>A Raspberry Pi fent eml\u00edtett zavar\u00f3 sug\u00e1rz\u00e1sa mellett ez vonatkozik a dugaszolhat\u00f3 t\u00e1pegys\u00e9gre is, legyen az eredeti vagy \u201ereplika\u201c megfelel\u0151je: teh\u00e1t itt is tartsa a t\u00e1vols\u00e1got!<\/p>\n\n\n\n<p class=\"wp-block-paragraph\">Mac OS alatt, ha nem \u00e1ll rendelkez\u00e9sre, egy <a href=\"https:\/\/apps.apple.com\/de\/app\/lanscan\/id472226235?mt=12\" target=\"_blank\" rel=\"noreferrer noopener\">LanScan<\/a>-tool a Raspberry Pi IP-c\u00edm\u00e9nek megkeres\u00e9s\u00e9hez<\/p>\n\n\n\n<p class=\"wp-block-paragraph\">A most el\u00e9rhet\u0151 Raspberry Pi 5 sajnos m\u00e9g nem k\u00e9pes USB-n kereszt\u00fcl csatlakoztatott SSD-r\u0151l bootolni a RaspberryMatic r\u00e9sz\u00e9r\u0151l. Ebb\u0151l a szempontb\u00f3l ez a Pi v\u00e1ltozat - m\u00e9g - el\u00e9rhetetlen a mi c\u00e9ljainkhoz.<br>.<br><\/p>\n\n\n\n<h2 class=\"wp-block-heading\"><span class=\"ez-toc-section\" id=\"RaspberryMatic-Image_laden_und_installieren\"><\/span>T\u00f6ltse le \u00e9s telep\u00edtse a RaspberryMatic k\u00e9pet<span class=\"ez-toc-section-end\"><\/span><\/h2>\n\n\n\n<p class=\"wp-block-paragraph\"><em>A k\u00f6vetkez\u0151 utas\u00edt\u00e1sok az angol nyelv\u0171 Mac OS-re vonatkoznak<\/em><\/p>\n\n\n\n<p class=\"wp-block-paragraph\">1. hozzon l\u00e9tre RasPi - SD k\u00e1rty\u00e1t<\/p>\n\n\n\n<p class=\"wp-block-paragraph\">A  c\u00edmr\u0151l <a href=\"https:\/\/github.com\/jens-maus\/RaspberryMatic\/releases\" target=\"_blank\" rel=\"noreferrer noopener\">https:\/\/github.com\/jens-maus\/RaspberryMatic\/releases<\/a> T\u00f6ltse le az aktu\u00e1lis verzi\u00f3t (ZIP f\u00e1jl) a \"Let\u00f6lt\u00e9s\" men\u00fcpont alatt.<\/p>\n\n\n\n<p class=\"wp-block-paragraph\">Keresse meg ezt a f\u00e1jlt a Finderben a Let\u00f6lt\u00e9sek k\u00f6z\u00f6tt.<\/p>\n\n\n\n<p class=\"wp-block-paragraph\">Ind\u00edtsa el az \"ApplePi-Baker.app\" programot.<\/p>\n\n\n\n<p class=\"wp-block-paragraph\">Kattintson az SD-k\u00e1rty\u00e1ra a bal oldali ablak els\u0151 sor\u00e1ban, majd az ablak jobb oldal\u00e1n l\u00e9v\u0151 \"IMG f\u00e1jl\" sorban kattintson a h\u00e1rom \"...\" gombra.<\/p>\n\n\n\n<p class=\"wp-block-paragraph\">A megny\u00edl\u00f3 Finderben v\u00e1ltson a let\u00f6lt\u00e9si k\u00f6nyvt\u00e1rra, v\u00e1lassza ki az im\u00e9nt let\u00f6lt\u00f6tt ZIP-f\u00e1jlt, \u00e9s kattintson a \"NYIT\u00c1S\" gombra.<\/p>\n\n\n\n<p class=\"wp-block-paragraph\">A kiv\u00e1lasztott f\u00e1jl megjelenik a kor\u00e1bban \u00fcres \"IMG f\u00e1jl\" mez\u0151ben.<br>Kattintson az \"IMG-f\u00e1jl\" feletti \"Biztons\u00e1gi ment\u00e9s vissza\u00e1ll\u00edt\u00e1sa\" gombra az SD-k\u00e1rty\u00e1ra t\u00f6rt\u00e9n\u0151 m\u00e1sol\u00e1s megkezd\u00e9s\u00e9hez.<\/p>\n\n\n\n<p class=\"wp-block-paragraph\">Ez alatt megjelenik egy el\u0151rehalad\u00e1si s\u00e1v. Amint a m\u00e1sol\u00e1s befejez\u0151d\u00f6tt, megjelenik egy megfelel\u0151 \u00fczenet, amelyet az \"OK\" gombra kattintva kell meger\u0151s\u00edteni.<\/p>\n\n\n\n<p class=\"wp-block-paragraph\">Az SD-k\u00e1rty\u00e1t kivehetj\u00fck \u00e9s behelyezhetj\u00fck a Raspberry Pi k\u00e1rtyahely\u00e9be \u00fagy, hogy az \u00e9rintkez\u0151k felfel\u00e9 n\u00e9zzenek.<br><br><\/p>\n\n\n\n<h2 class=\"wp-block-heading\"><span class=\"ez-toc-section\" id=\"Erster_Start\"><\/span>Els\u0151 ind\u00edt\u00e1s<span class=\"ez-toc-section-end\"><\/span><\/h2>\n\n\n\n<p class=\"wp-block-paragraph\">Csatlakoztassa a t\u00e1pegys\u00e9get \u00e9s a LAN-k\u00e1belt. Csatlakoztassa a m\u00e1sik v\u00e9g\u00e9t egy switch\/router szabad portj\u00e1hoz.<\/p>\n\n\n\n<p class=\"wp-block-paragraph\">\u00cdrja be az \"L\" billenty\u0171t a Finder - Alkalmaz\u00e1sok men\u00fcpontba, \u00e9s ind\u00edtsa el a \"Lanscan.app\" alkalmaz\u00e1st. Kattintson a bal fels\u0151 sarokban a \"Start LanScan\" feletti \"Play\" gombra.<br>Kattintson a \"Forgalmaz\u00f3\" gombra a fels\u0151 k\u00f6z\u00e9ps\u0151 r\u00e9szen (4. oszlop).<\/p>\n\n\n\n<p class=\"wp-block-paragraph\">Ebben az al\u00e1bbi oszlopban keressen r\u00e1 a \"Raspberry Pi Foundation\" kifejez\u00e9sre, \u00e9s ezekben a sorokban<br>keressen egy IP-c\u00edmet a kapcsol\u00f3\/router DHCP-tartom\u00e1ny\u00e1ban a bal oldali \"IP-c\u00edm\" oszlopban.<\/p>\n\n\n\n<p class=\"wp-block-paragraph\">\u00cdrja be ezt az IP-c\u00edmet a b\u00f6ng\u00e9sz\u0151be, \u00e9s er\u0151s\u00edtse meg az ENTER billenty\u0171vel.<\/p>\n\n\n\n<p class=\"wp-block-paragraph\">A most megjelen\u0151 \"RaspberryMatic biztons\u00e1gi be\u00e1ll\u00edt\u00e1sok\" mez\u0151ben \u00edrjon be egy biztons\u00e1gos jelsz\u00f3t mindk\u00e9t mez\u0151be, \u00e9s er\u0151s\u00edtse meg az ENTER billenty\u0171vel.<\/p>\n\n\n\n<p class=\"wp-block-paragraph\">A k\u00f6vetkez\u0151 ablakban kattintson a \"Tov\u00e1bb\" gombra az \"Express\" be\u00e1ll\u00edt\u00e1sok kiv\u00e1laszt\u00e1s\u00e1hoz.<\/p>\n\n\n\n<p class=\"wp-block-paragraph\">A k\u00f6vetkez\u0151 \"Biztons\u00e1gi szint\" ablakban er\u0151s\u00edtse meg a \"Maxim\u00e1lis biztons\u00e1g\" kiv\u00e1laszt\u00e1s\u00e1t az \"OK\" gombra kattintva.<\/p>\n\n\n\n<p class=\"wp-block-paragraph\">Kattintson a \"Biztons\u00e1gi \u00e9rtes\u00edt\u00e9s\" bal als\u00f3 r\u00e9sz\u00e9n tal\u00e1lhat\u00f3 \"Elolvastam ...\" mez\u0151re, majd er\u0151s\u00edtse meg a \"Tov\u00e1bb\" gombra kattintva.<br><br><\/p>\n\n\n\n<h2 class=\"wp-block-heading\"><span class=\"ez-toc-section\" id=\"RaspberryMatic_%E2%80%93_Konfiguration\"><\/span>RaspberryMatic - Konfigur\u00e1ci\u00f3<span class=\"ez-toc-section-end\"><\/span><\/h2>\n\n\n\n<h3 class=\"wp-block-heading\"><span class=\"ez-toc-section\" id=\"Benutzer_anlegen\"><\/span>Felhaszn\u00e1l\u00f3 l\u00e9trehoz\u00e1sa<span class=\"ez-toc-section-end\"><\/span><\/h3>\n\n\n\n<p class=\"wp-block-paragraph\">\"Be\u00e1ll\u00edt\u00e1sok - Felhaszn\u00e1l\u00f3i adminisztr\u00e1ci\u00f3\" - Kattintson az \"\u00daj\" gombra.<br>Adja meg a k\u00edv\u00e1nt felhaszn\u00e1l\u00f3nevet \u00e9s jelsz\u00f3t a bal fels\u0151 ter\u00fcleten.<\/p>\n\n\n\n<p class=\"wp-block-paragraph\">Kattintson a \"Be\u00e1ll\u00edt\u00e1sok alkalmaz\u00e1sa\" gombra a jobb als\u00f3 sarokban.<br><\/p>\n\n\n\n<h3 class=\"wp-block-heading\"><span class=\"ez-toc-section\" id=\"Netzwerkeinstellungen\"><\/span>H\u00e1l\u00f3zati be\u00e1ll\u00edt\u00e1sok<span class=\"ez-toc-section-end\"><\/span><\/h3>\n\n\n\n<p class=\"wp-block-paragraph\">A \"Be\u00e1ll\u00edt\u00e1sok\" alatt - kattintson a \"H\u00e1l\u00f3zati be\u00e1ll\u00edt\u00e1sok\" men\u00fcpontra.<\/p>\n\n\n\n<p class=\"wp-block-paragraph\">Hostn\u00e9v: v\u00e1lasszon egy le\u00edr\u00f3 nevet, pl. lak\u00e1s, kert stb.<\/p>\n\n\n\n<p class=\"wp-block-paragraph\">Jel\u00f6lje be a \"A k\u00f6vetkez\u0151 IP-c\u00edm haszn\u00e1lata\" el\u0151tti n\u00e9gyzetet, \u00e9s adja meg a k\u00edv\u00e1nt fix IP-c\u00edmet az al\u00e1bbiakban.<\/p>\n\n\n\n<p class=\"wp-block-paragraph\">Alh\u00e1l\u00f3zati maszk \/ \u00e1tj\u00e1r\u00f3 \/ DNS - adja meg az \u00fatv\u00e1laszt\u00f3 specifik\u00e1ci\u00f3inak megfelel\u0151en.<br>Er\u0151s\u00edtse meg az \u00f6sszes bejegyz\u00e9st a bal als\u00f3 sarokban tal\u00e1lhat\u00f3 \"OK\" gombra kattintva.<br><\/p>\n\n\n\n<h3 class=\"wp-block-heading\"><span class=\"ez-toc-section\" id=\"Firewall_konfigurieren\"><\/span>T\u0171zfal konfigur\u00e1l\u00e1sa<span class=\"ez-toc-section-end\"><\/span><\/h3>\n\n\n\n<p class=\"wp-block-paragraph\">Kattintson a \"Be\u00e1ll\u00edt\u00e1sok\" alatt a \"T\u0171zfal konfigur\u00e1l\u00e1sa\" gombra, \u00e9s v\u00e1lassza ki a k\u00f6vetkez\u0151 be\u00e1ll\u00edt\u00e1sokat:<\/p>\n\n\n\n<p class=\"wp-block-paragraph\">T\u0171zfalszab\u00e1lyzat: Nyitott portok<\/p>\n\n\n\n<p class=\"wp-block-paragraph\">\u00c1ll\u00edtsa mindh\u00e1rom k\u00f6vetkez\u0151 mez\u0151t \"Teljes hozz\u00e1f\u00e9r\u00e9s\" \u00e9rt\u00e9kre.<\/p>\n\n\n\n<p class=\"wp-block-paragraph\">\u00cdrja be a k\u00f6vetkez\u0151 bejegyz\u00e9seket a \"Port release\" (az utols\u00f3 bejegyz\u00e9s kiv\u00e9tel\u00e9vel minden bejegyz\u00e9s v\u00e9g\u00e9n legyen \";\"!):<\/p>\n\n\n\n<p class=\"wp-block-paragraph\">2000; 2001; 2002; 8181; 8701; 8082<\/p>\n\n\n\n<p class=\"wp-block-paragraph\">\u00cdrja be a \"Korl\u00e1tozott hozz\u00e1f\u00e9r\u00e9s\u0171 IP-c\u00edmek\" bejegyz\u00e9st (az utols\u00f3 bejegyz\u00e9s kiv\u00e9tel\u00e9vel minden bejegyz\u00e9s v\u00e9g\u00e9n legyen \";\"!):<\/p>\n\n\n\n<p class=\"wp-block-paragraph\">192.168.0.1;<br>192.168.0.0\/16;<br>10.192.0.0\/12;<br>192.168.1.18 (saj\u00e1t IP-c\u00edm)<\/p>\n\n\n\n<p class=\"wp-block-paragraph\">Er\u0151s\u00edtse meg az \u00f6sszes m\u00f3dos\u00edt\u00e1st a jobb als\u00f3 sarokban tal\u00e1lhat\u00f3 \"OK\" gombra kattintva.<br><\/p>\n\n\n\n<h3 class=\"wp-block-heading\"><span class=\"ez-toc-section\" id=\"LAN-Gateway_Konfiguration\"><\/span>LAN \u00e1tj\u00e1r\u00f3 konfigur\u00e1ci\u00f3ja<span class=\"ez-toc-section-end\"><\/span><\/h3>\n\n\n\n<p class=\"wp-block-paragraph\">V\u00e1lassza ki a \"Be\u00e1ll\u00edt\u00e1sok\" men\u00fcpont alatt a \"LAN \u00e1tj\u00e1r\u00f3 konfigur\u00e1ci\u00f3\" lehet\u0151s\u00e9get.<\/p>\n\n\n\n<p class=\"wp-block-paragraph\">\u00daj telep\u00edt\u00e9s eset\u00e9n az \"\u00c1ltal\u00e1nos be\u00e1ll\u00edt\u00e1sok\" alatt semmi sem szerepel.<\/p>\n\n\n\n<p class=\"wp-block-paragraph\">\u00daj bejegyz\u00e9s hozz\u00e1ad\u00e1s\u00e1hoz kattintson a \"Hozz\u00e1ad\u00e1s\" gombra, \u00e9s adja meg a k\u00f6vetkez\u0151 adatokat:<\/p>\n\n\n\n<p class=\"wp-block-paragraph\">A t\u00edpus mindig \"RF: Homematic RF-LAN Gateway\".<\/p>\n\n\n\n<p class=\"wp-block-paragraph\">N\u00e9v: pl. \"HM LANGW GA\" (a GA a \"kert\" lokaliz\u00e1ci\u00f3t jel\u00f6li).<\/p>\n\n\n\n<p class=\"wp-block-paragraph\">Sorozatsz\u00e1m: az adott LAN-\u00e1tj\u00e1r\u00f3 feh\u00e9r matric\u00e1j\u00e1n tal\u00e1lhat\u00f3 megnevez\u00e9s:<\/p>\n\n\n\n<p class=\"wp-block-paragraph\">pl. OEQ0796909<\/p>\n\n\n\n<p class=\"wp-block-paragraph\">Hozz\u00e1f\u00e9r\u00e9si k\u00f3d: Jelsz\u00f3:<br>IP-c\u00edm (nem k\u00f6telez\u0151): ennek megfelel\u0151en<\/p>\n\n\n\n<p class=\"wp-block-paragraph\">Alkalmazza az \"OK\" gombra kattintva a jobb als\u00f3 sarokban, \u00c9S er\u0151s\u00edtse meg \u00fajra az \"Alkalmaz\" gombra kattintva a bal als\u00f3 sarokban az \"\u00c1ltal\u00e1nos be\u00e1ll\u00edt\u00e1sok\" alatt tal\u00e1lhat\u00f3 \u00faj bejegyz\u00e9s alatt.<br><\/p>\n\n\n\n<h3 class=\"wp-block-heading\"><span class=\"ez-toc-section\" id=\"Neustart\"><\/span>\u00dajraind\u00edt\u00e1s<span class=\"ez-toc-section-end\"><\/span><\/h3>\n\n\n\n<p class=\"wp-block-paragraph\">A \"Be\u00e1ll\u00edt\u00e1sok\" - \"Vez\u00e9rl\u0151pult\" alatt kattintson a \"K\u00f6zponti karbantart\u00e1s\" men\u00fcpontra, majd a m\u00e1sodik szakaszban \"RaspberryMatic \u00fajraind\u00edt\u00e1sa\" kattintson az \"\u00dajraind\u00edt\u00e1s\" gombra.<\/p>\n\n\n\n<p class=\"wp-block-paragraph\">Csak a vez\u00e9rl\u0151k\u00f6zpont \u00fajraind\u00edt\u00e1sa ut\u00e1n csatlakoztathat\u00f3 \u00e9s haszn\u00e1lhat\u00f3 a LAN-\u00e1tj\u00e1r\u00f3, amelybe az im\u00e9nt bejelentkeztek!<br><\/p>\n\n\n\n<h2 class=\"wp-block-heading\"><span class=\"ez-toc-section\" id=\"RaspberryMatic_%E2%80%93_als_LAN_Gateway_konfigurieren\"><\/span>RaspberryMatic - LAN \u00e1tj\u00e1r\u00f3k\u00e9nt konfigur\u00e1lni<span class=\"ez-toc-section-end\"><\/span><\/h2>\n\n\n\n<p class=\"wp-block-paragraph\">A LAN-\u00e1tj\u00e1r\u00f3 megegyezik a k\u00f6zpont\u00e9val, \u00e9s csak akkor v\u00e1lik LAN-\u00e1tj\u00e1r\u00f3v\u00e1 - amelyet m\u00e1r nem lehet szerkeszteni -, ha egy speci\u00e1lis k\u00f3dot hajtanak v\u00e9gre.<\/p>\n\n\n\n<p class=\"wp-block-paragraph\">\u00cdrja be \u00e9s hajtsa v\u00e9gre a k\u00f6vetkez\u0151 k\u00f3dot a \"Programok\" - \"Tesztel\u00e9s\" men\u00fcpont alatt:<\/p>\n\n\n\n<p class=\"has-light-gray-background-color has-background wp-block-paragraph\"><code>string stdout;<br>string stderr;<br>system.Exec('touch \/usr\/local\/HMLGW &amp;&amp; reboot', &amp;stdout, &amp;stderr);<\/code><\/p>\n\n\n\n<p class=\"wp-block-paragraph\">Most kattintson az \"Execute\" gombra, \u00e9s v\u00e1rjon k\u00f6r\u00fclbel\u00fcl 5 percet. A RasPi \u00fajraindul, \u00e9s az \u00fajraind\u00edt\u00e1s ut\u00e1n LAN \u00e1tj\u00e1r\u00f3k\u00e9nt haszn\u00e1lhat\u00f3 a h\u00e1l\u00f3zatban.<br><\/p>\n\n\n\n<h2 class=\"wp-block-heading\"><span class=\"ez-toc-section\" id=\"RaspberryMatic_%E2%80%93_Zusatzsoftware\"><\/span>RaspberryMatic - Tov\u00e1bbi szoftverek<span class=\"ez-toc-section-end\"><\/span><\/h2>\n\n\n\n<p class=\"wp-block-paragraph\">A k\u00f6vetkez\u0151 tov\u00e1bbi szoftvereket is telep\u00edteni kell:<\/p>\n\n\n\n<p class=\"wp-block-paragraph\">1. rendszerfriss\u00edt\u00e9s (a friss\u00edt\u00e9sek egyszer\u0171 v\u00e9grehajt\u00e1s\u00e1hoz)<br>2. CCU Historian (az \u00f6sszes eszk\u00f6z \u00f6sszes adat\u00e1nak automatikus r\u00f6gz\u00edt\u00e9s\u00e9re \u00e9s megjelen\u00edt\u00e9s\u00e9re)<br>3. cux d\u00e9mon (virtu\u00e1lis (kieg\u00e9sz\u00edt\u0151) eszk\u00f6z\u00f6k l\u00e9trehoz\u00e1sa)<br>4. e-mail (e-mailek k\u00fcld\u00e9s\u00e9re kritikus \u00e1llapotokban)<br>5. NEO SERVER (alkalmaz\u00e1s az AIO Remote alkalmaz\u00e1ssal val\u00f3 adatcser\u00e9hez)<br>6. hm-watchdog (automatikus \u00fajraind\u00edt\u00e1s hiba eset\u00e9n)<br>7. programnyomtat\u00e1s (az \u00f6sszes l\u00e9trehozott program kinyomtat\u00e1sa az \u00e1tfog\u00f3 \u00e1ttekint\u00e9s \u00e9rdek\u00e9ben)<br>8. XML API (adatcsere harmadik f\u00e9lt\u0151l sz\u00e1rmaz\u00f3 alkalmaz\u00e1sokkal)<\/p>\n\n\n\n<p class=\"wp-block-paragraph\">Minden f\u00e1jl csak \".tar.gz\"-k\u00e9nt ker\u00fcl let\u00f6lt\u00e9sre, \u00e9s NEM van kicsomagolva!<\/p>\n\n\n\n<p class=\"wp-block-paragraph\">A k\u00f6vetkez\u0151 f\u00e1jlok egy r\u00e9gi verzi\u00f3t t\u00fckr\u00f6zhetnek. Sz\u00fcks\u00e9g eset\u00e9n keresse meg a leg\u00fajabb verzi\u00f3t.<\/p>\n\n\n\n<ul class=\"wp-block-list\">\n<li><a href=\"https:\/\/github.com\/j-a-n\/raspberrymatic-addon-rmupdate\/blob\/master\/rmupdate.tar.gz\" target=\"_blank\" rel=\"noreferrer noopener\">Rendszerfriss\u00edt\u00e9s<\/a><\/li>\n\n\n\n<li><a href=\"https:\/\/github.com\/mdzio\/ccu-historian\/releases\/download\/2.1.0\/ccu-historian-ad- don-2.1.0.tar.gz\" target=\"_blank\" rel=\"noreferrer noopener\">CCU t\u00f6rt\u00e9n\u00e9sz<\/a><\/li>\n\n\n\n<li><a href=\"https:\/\/github.com\/jens-maus\/cuxd\/releases\/download\/2.2.0\/cuxd_2.2.0_ccu3.tar.gz\" target=\"_blank\" rel=\"noreferrer noopener\">CUx d\u00e9mon<\/a><\/li>\n\n\n\n<li><a href=\"https:\/\/github.com\/jens-maus\/hm_email\/releases\/download\/1.6.8c\/email-1.6.8c.tar.gz\" target=\"_blank\" rel=\"noreferrer noopener\">e-mail<\/a><\/li>\n\n\n\n<li><a href=\"https:\/\/s3-eu-west-1.amazonaws.com\/mediola-download\/neo_server\/dist\/NEO+SERV- ER-rpi.tar.gz\" target=\"_blank\" rel=\"noreferrer noopener\">NEO szerver<\/a><\/li>\n\n\n\n<li><a href=\"https:\/\/github.com\/jens-maus\/hm-watchdog\/releases\/download\/0.8\/hm-watchdog-0.8.tar. gz\" target=\"_blank\" rel=\"noreferrer noopener\">hm-watchdog<\/a><\/li>\n\n\n\n<li><a href=\"https:\/\/github.com\/litti\/hm-print\/releases\/download\/1.2a\/hm-print-1.2a.tar.gz\" target=\"_blank\" rel=\"noreferrer noopener\">Program nyomtat\u00e1sa<\/a><\/li>\n\n\n\n<li><a href=\"https:\/\/github.com\/hobbyquaker\/XML-API\/releases\/download\/1.20\/xmlapi_addon-1.20.tar. gz\" target=\"_blank\" rel=\"noreferrer noopener\">XML API<\/a><br><br><\/li>\n<\/ul>\n\n\n\n<h2 class=\"wp-block-heading\"><span class=\"ez-toc-section\" id=\"Installation_der_Zusatz-Software\"><\/span>A kieg\u00e9sz\u00edt\u0151 szoftver telep\u00edt\u00e9se<span class=\"ez-toc-section-end\"><\/span><\/h2>\n\n\n\n<p class=\"wp-block-paragraph\">Kattintson a \"Tov\u00e1bbi szoftverek\" gombra a \"Be\u00e1ll\u00edt\u00e1sok\" alatt.<\/p>\n\n\n\n<p class=\"wp-block-paragraph\">Az als\u00f3 \"Install \/ update additional software\" r\u00e9szben kattintson a jobb oldalon a \"Choose file\" gombra, v\u00e1lassza ki a Finderben az im\u00e9nt let\u00f6lt\u00f6tt f\u00e1jlt, pl. \"rmupdate.tar.gz\", \u00e9s ind\u00edtsa el a telep\u00edt\u00e9st a \"Install\" gombra kattintva.<\/p>\n\n\n\n<p class=\"wp-block-paragraph\">A telep\u00edt\u00e9s ut\u00e1n a \"Be\u00e1ll\u00edt\u00e1sok\" ter\u00fcleten megjelenik egy \u00faj \"Rendszerfriss\u00edt\u00e9s\" gomb.<br>Erre a gombra kattintva megjelenik a telep\u00edtett (kieg\u00e9sz\u00edt\u0151) szoftverek \u00f6sszes verzi\u00f3ja.<\/p>\n\n\n\n<p class=\"wp-block-paragraph\">Tov\u00e1bbi szoftverek telep\u00edthet\u0151k a \"Kieg\u00e9sz\u00edt\u0151 telep\u00edt\u00e9se URL-r\u0151l\" vagy a \"Kieg\u00e9sz\u00edt\u0151 telep\u00edt\u00e9se f\u00e1jlb\u00f3l\" men\u00fcpont alatt.<\/p>\n\n\n\n<p class=\"wp-block-paragraph\">A \"Install addon from URL\" alatt egy linket (l\u00e1sd fentebb) lehet megadni m\u00e1sol\u00e1ssal \u00e9s beilleszt\u00e9ssel, majd a let\u00f6lt\u00e9s \u00e9s telep\u00edt\u00e9s a jobb oldali \"Install\" gombra kattintva ind\u00edthat\u00f3 el.<\/p>\n\n\n\n<p class=\"wp-block-paragraph\">Ha a f\u00e1jl m\u00e1r let\u00f6lt\u00e9sre ker\u00fclt a fenti linkek valamelyik\u00e9n kereszt\u00fcl, akkor a megny\u00edl\u00f3 Finderben a \"Kijel\u00f6l\u00e9s \u00e9s telep\u00edt\u00e9s\" gombra kattintva is kiv\u00e1laszthat\u00f3 \u00e9s telep\u00edthet\u0151.<\/p>\n\n\n\n<p class=\"wp-block-paragraph\">Az e ter\u00fclet feletti \"Kieg\u00e9sz\u00edt\u0151 szoftverek\" pont felsorolja a kieg\u00e9sz\u00edt\u0151 szoftver nev\u00e9t, az aktu\u00e1lis verzi\u00f3t \u00e9s az esetlegesen el\u00e9rhet\u0151 \u00faj verzi\u00f3kat.<\/p>\n\n\n\n<p class=\"wp-block-paragraph\">Ha el\u00e9rhet\u0151 egy \u00fajabb verzi\u00f3, az automatikusan telep\u00edthet\u0151 a \"Friss\u00edt\u00e9s\" gombra kattintva.<\/p>\n\n\n\n<p class=\"wp-block-paragraph\">Ez vonatkozik a \"Firmwares\" alatt tal\u00e1lhat\u00f3, ezen pont feletti \u00fajabb firmware-verzi\u00f3kra is.<br><br><\/p>\n\n\n\n<h2 class=\"wp-block-heading\"><span class=\"ez-toc-section\" id=\"RasPi_%E2%80%93_CUx-Daemon\"><\/span>RasPi - CUx d\u00e9mon<span class=\"ez-toc-section-end\"><\/span><\/h2>\n\n\n\n<p class=\"wp-block-paragraph\">Egyes programok az \u00fagynevezett CUx d\u00e9mon funkci\u00f3it haszn\u00e1lj\u00e1k.<\/p>\n\n\n\n<p class=\"wp-block-paragraph\">Virtu\u00e1lis, azaz fizikailag nem l\u00e9tez\u0151 eszk\u00f6z\u00f6ket biztos\u00edt, amelyeket programok\/szkriptek seg\u00edts\u00e9g\u00e9vel lehet megsz\u00f3l\u00edtani.<\/p>\n\n\n\n<p class=\"wp-block-paragraph\">A k\u00f6vetkez\u0151 eszk\u00f6z\u00f6ket mindig haszn\u00e1lni kell:<\/p>\n\n\n\n<p class=\"wp-block-paragraph\">1. CUxD id\u0151z\u00edt\u0151<br>2. 19 gombos CUxD t\u00e1vir\u00e1ny\u00edt\u00f3<\/p>\n\n\n\n<h3 class=\"wp-block-heading\"><span class=\"ez-toc-section\" id=\"Starten_des_CUx-Daemons\"><\/span>A CUx d\u00e9mon ind\u00edt\u00e1sa<span class=\"ez-toc-section-end\"><\/span><\/h3>\n\n\n\n<p class=\"wp-block-paragraph\">Kattintson a \"CUx d\u00e9mon\" gombra a \"Be\u00e1ll\u00edt\u00e1sok\" - \"Vez\u00e9rl\u0151pult\" alatt. A b\u00f6ng\u00e9sz\u0151ben egy \u00faj oldal ny\u00edlik meg.<br>Kattintson a \"Be\u00e1ll\u00edt\u00e1s\" gombra a jobb fels\u0151 sarokban.<\/p>\n\n\n\n<h4 class=\"wp-block-heading\"><span class=\"ez-toc-section\" id=\"Erzeugen_eines_CUxD_Timers\"><\/span>CUxD id\u0151z\u00edt\u0151 l\u00e9trehoz\u00e1sa<span class=\"ez-toc-section-end\"><\/span><\/h4>\n\n\n\n<p class=\"wp-block-paragraph\">V\u00e1lassza ki a \"(28) System\" lehet\u0151s\u00e9get a bal fels\u0151 sarokban tal\u00e1lhat\u00f3 \"CUxD eszk\u00f6zt\u00edpus\" leg\u00f6rd\u00fcl\u0151 men\u00fcben. A \"Function\" (funkci\u00f3) alatt az \"Timer\" (id\u0151z\u00edt\u0151) \u00e1ltal\u00e1ban m\u00e1r el\u0151re be van \u00e1ll\u00edtva, egy\u00e9bk\u00e9nt ennek megfelel\u0151en v\u00e1lasszon.<\/p>\n\n\n\n<p class=\"wp-block-paragraph\">Kattintson a \"Create device on the CCU\" gombra a bal als\u00f3 sarokban a virtu\u00e1lis id\u0151z\u00edt\u0151 l\u00e9trehoz\u00e1s\u00e1hoz a RaspberryMatic-on.<\/p>\n\n\n\n<h4 class=\"wp-block-heading\"><span class=\"ez-toc-section\" id=\"Erzeugen_der_CUxD_19-Tasten-Fernbedienung\"><\/span>A CUxD 19 gombos t\u00e1vir\u00e1ny\u00edt\u00f3 l\u00e9trehoz\u00e1sa<span class=\"ez-toc-section-end\"><\/span><\/h4>\n\n\n\n<p class=\"wp-block-paragraph\">V\u00e1lassza ki a \"(28) System\" lehet\u0151s\u00e9get a bal fels\u0151 sarokban tal\u00e1lhat\u00f3 \"CUxD eszk\u00f6zt\u00edpus\" leg\u00f6rd\u00fcl\u0151 men\u00fcb\u0151l. V\u00e1lassza ki a \"Funkci\u00f3\" men\u00fcpont alatt a \"V\u00e9grehajt\u00e1s\" lehet\u0151s\u00e9get.<\/p>\n\n\n\n<p class=\"wp-block-paragraph\">Kattintson a \"Create device on the CCU\" gombra a bal als\u00f3 sarokban a virtu\u00e1lis id\u0151z\u00edt\u0151 l\u00e9trehoz\u00e1s\u00e1hoz a RaspberryMatic-on.<\/p>\n\n\n\n<p class=\"wp-block-paragraph\">A \"Be\u00e1ll\u00edt\u00e1sok\" - \"Eszk\u00f6z\u00f6k - Be\u00e9rkez\u0151\" men\u00fcpont alatt minden \u00fajonnan l\u00e9trehozott virtu\u00e1lis eszk\u00f6z a jobb oldali \"Befejez\u00e9s\" gombra kattintva ker\u00fcl \u00e1t a rendszerbe.<br>Mostant\u00f3l kezdve a programok\/szkriptek hozz\u00e1f\u00e9rhetnek az adott eszk\u00f6zh\u00f6z.<br><br><\/p>\n\n\n\n<h2 class=\"wp-block-heading\"><span class=\"ez-toc-section\" id=\"Defekte_Homematic_Gerate_austauschen\"><\/span>A meghib\u00e1sodott Homematic k\u00e9sz\u00fcl\u00e9kek cser\u00e9je<span class=\"ez-toc-section-end\"><\/span><\/h2>\n\n\n\n<p class=\"wp-block-paragraph\">Ha egy eszk\u00f6z m\u0171szakilag meghib\u00e1sodik, azt ki kell cser\u00e9lni.<\/p>\n\n\n\n<p class=\"wp-block-paragraph\">Minden olyan eszk\u00f6zt, amely a RaspberryMaticban a sorozatsz\u00e1m\u00e1val regisztr\u00e1lva van, m\u0171szaki hiba eset\u00e9n t\u00f6r\u00f6lni kell a \"vez\u00e9rl\u0151k\u00f6zpontb\u00f3l\".<\/p>\n\n\n\n<p class=\"wp-block-paragraph\">Ha egy eszk\u00f6z t\u00f6rl\u00e9sre ker\u00fcl, automatikusan elt\u00e1vol\u00edt\u00e1sra ker\u00fcl az \u00f6sszes olyan programb\u00f3l, amely hozz\u00e1f\u00e9r az adott eszk\u00f6zh\u00f6z. Az eredeti eszk\u00f6zh\u00f6z kapcsolt programfunkci\u00f3k teh\u00e1t t\u00f6rl\u0151dnek, \u00e9s az eszk\u00f6z cser\u00e9je ut\u00e1n \u00fajra kell \u0151ket kapcsolni.<\/p>\n\n\n\n<p class=\"wp-block-paragraph\">Ez\u00e9rt elengedhetetlen a \"Programnyomtat\u00e1s\" kieg\u00e9sz\u00edt\u0151 szoftver!<\/p>\n\n\n\n<p class=\"wp-block-paragraph\">Ha szeretn\u00e9 megtudni, hogy ez mely programokat \u00e9rinti, keresse meg a hib\u00e1s k\u00e9sz\u00fcl\u00e9ket az eszk\u00f6zlist\u00e1ban a \"Be\u00e1ll\u00edt\u00e1sok\" - \"Eszk\u00f6z\u00f6k\" men\u00fcpont alatt, \u00e9s kattintson a \"M\u0171veletek\" oszlopban a \"Programok\" gombra.<\/p>\n\n\n\n<p class=\"wp-block-paragraph\">A megjelen\u0151 lista az \u00f6sszes relev\u00e1ns programot tartalmazza.<\/p>\n\n\n\n<p class=\"wp-block-paragraph\">A Mac Finder programj\u00e1ban mostant\u00f3l megkeresheti az \u00f6sszes alkalmaz\u00e1s \u00e9s tartalmuk list\u00e1j\u00e1t, amelyet a \"Nyomtat\u00e1si alkalmaz\u00e1sok\" kieg\u00e9sz\u00edt\u0151 szoftverrel k\u00e9sz\u00edtett.<\/p>\n\n\n\n<p class=\"wp-block-paragraph\">A k\u00f6vetkez\u0151 p\u00e9lda egy fikt\u00edv A lak\u00e1s eszk\u00f6zein alapul. Az A lak\u00e1s IP-je 1.19-re v\u00e9gz\u0151dik. A megfelel\u0151 f\u00e1jl neve ez\u00e9rt a ment\u00e9skor \"A 1.19.pdf\" volt.<\/p>\n\n\n\n<p class=\"wp-block-paragraph\">Ez a f\u00e1jl dupla kattint\u00e1ssal nyithat\u00f3 meg.<\/p>\n\n\n\n<p class=\"wp-block-paragraph\">A megfelel\u0151 programr\u00e9szleteket a Command + F billenty\u0171kombin\u00e1ci\u00f3 megnyom\u00e1s\u00e1val \u00e9s a k\u00e9sz\u00fcl\u00e9k nev\u00e9nek a jobb fels\u0151 sarokban l\u00e9v\u0151 keres\u0151mez\u0151be t\u00f6rt\u00e9n\u0151 be\u00edr\u00e1s\u00e1val tal\u00e1lja meg, itt \"A_AK_FK_L\" (az id\u00e9z\u0151jelek n\u00e9lk\u00fcl!).<\/p>\n\n\n\n<p class=\"wp-block-paragraph\">A bal oldali oszlopban azonnal megjelenik minden el\u0151fordul\u00e1s, bele\u00e9rtve a megfelel\u0151 oldalsz\u00e1mokat is, \u00e9s k\u00f6nnyen kinyomtathat\u00f3, \u00edgy az \u00faj eszk\u00f6z a megfelel\u0151 programokban t\u00f6rt\u00e9n\u0151 kicser\u00e9l\u00e9se ut\u00e1n ism\u00e9t hozz\u00e1adhat\u00f3 a programfunkci\u00f3khoz. \u00c1ltal\u00e1ban csak a m\u00e9g hi\u00e1nyz\u00f3 sorokat kell a nyomtat\u00e1sok alapj\u00e1n kieg\u00e9sz\u00edteni.<br><\/p>\n\n\n\n<h3 class=\"wp-block-heading\"><span class=\"ez-toc-section\" id=\"Loschen_des_defekten_Gerates\"><\/span>T\u00f6r\u00f6lje a hib\u00e1s eszk\u00f6zt<span class=\"ez-toc-section-end\"><\/span><\/h3>\n\n\n\n<p class=\"wp-block-paragraph\">El\u0151sz\u00f6r \u00edrja le a k\u00e9sz\u00fcl\u00e9k nev\u00e9t, p\u00e9ld\u00e1ul \"A_AK_FK_L\". Erre az \u00faj (csere)eszk\u00f6z programoz\u00e1sa ut\u00e1n van sz\u00fcks\u00e9g.<\/p>\n\n\n\n<p class=\"wp-block-paragraph\">Az eszk\u00f6z t\u00f6rl\u00e9s\u00e9hez, pl. az \"A\" lak\u00e1sban a bal oldali \u00f6lt\u00f6z\u0151 ablakos \u00e9rintkez\u0151je, menjen a \"Be\u00e1ll\u00edt\u00e1sok\" - \"Eszk\u00f6z\u00f6k\" men\u00fcpontba az azonos\u00edt\u00f3ja alatt, ebben az esetben \"A_AK_FK_L\", \u00e9s kattintson a \"T\u00f6rl\u00e9s\" gombra a jobb oldali \"M\u0171velet\" oszlopban.<\/p>\n\n\n\n<p class=\"wp-block-paragraph\">A megny\u00edl\u00f3 felugr\u00f3 ablakban kezdetben az \"Eszk\u00f6z t\u00f6rl\u00e9se\" jelenik meg t\u00f6rl\u00e9si lehet\u0151s\u00e9gk\u00e9nt. Ezt az opci\u00f3t el\u0151sz\u00f6r a \"T\u00f6rl\u00e9s\" gombra kattintva kell meger\u0151s\u00edteni, miel\u0151tt a hib\u00e1s eszk\u00f6z, amely \u00edgy m\u00e1r nem k\u00e9pes kommunik\u00e1lni a riaszt\u00f3k\u00f6zpontokkal, t\u00e9nylegesen t\u00f6r\u00f6lhet\u0151 lenne a \"Eszk\u00f6z t\u00f6rl\u00e9se k\u00f6zvetlen\u00fcl a riaszt\u00f3k\u00f6zpontb\u00f3l\" t\u00f6rl\u00e9si opci\u00f3 k\u00e9s\u0151bbi kiv\u00e1laszt\u00e1s\u00e1val.<br><\/p>\n\n\n\n<h3 class=\"wp-block-heading\"><span class=\"ez-toc-section\" id=\"Anlernen_des_neuen_Gerates\"><\/span>Az \u00faj eszk\u00f6z tan\u00edt\u00e1sa<span class=\"ez-toc-section-end\"><\/span><\/h3>\n\n\n\n<p class=\"wp-block-paragraph\">Helyezze az \u00faj k\u00e9sz\u00fcl\u00e9ket, a behelyezett elemekkel, a megfelel\u0151 polarit\u00e1ssal (!) a Mac mell\u00e9. A kezel\u00e9si \u00fatmutat\u00f3ban (minden \u00faj k\u00e9sz\u00fcl\u00e9khez mell\u00e9kelve) keresse a \"A k\u00e9sz\u00fcl\u00e9k programoz\u00e1sa\" c\u00edm\u0171 r\u00e9szt. Ebben le van \u00edrva, hogy melyik gombot kell megnyomni a k\u00e9sz\u00fcl\u00e9ken, hogy beprogramozza azt a vez\u00e9rl\u0151panelre. A legt\u00f6bb esetben ezt a gombot r\u00f6viden vagy kb. h\u00e1rom m\u00e1sodpercig kell megnyomni a p\u00e1ros\u00edt\u00e1si folyamat elind\u00edt\u00e1s\u00e1hoz.<\/p>\n\n\n\n<p class=\"wp-block-paragraph\">A Raspberrymatic weboldal\u00e1n a \"Teach-in device\" gomb minden n\u00e9zet jobb fels\u0151 sark\u00e1ban l\u00e1that\u00f3. Erre kattintva egy \u00faj k\u00e9perny\u0151 ny\u00edlik meg, amelyen a bal fels\u0151 ter\u00fcleten tal\u00e1lhat\u00f3 a \"HM eszk\u00f6z tan\u00edt\u00e1sa\" gomb.<\/p>\n\n\n\n<p class=\"wp-block-paragraph\">EL\u0150SZ\u00d6R\u00d6SEN kattintson erre a gombra, majd kattintson a k\u00e9sz\u00fcl\u00e9k megfelel\u0151 tan\u00edt\u00e1si tesztj\u00e9re!<\/p>\n\n\n\n<p class=\"wp-block-paragraph\">60 m\u00e1sodperc eltelt\u00e9vel a \"Be\u00e9rkez\u00e9s\" gomb bal als\u00f3 sark\u00e1ban, a felirat alatt megjelenik egy \"(1)\" felirat, ha a betan\u00edt\u00e1si folyamat sikeres volt. Ha egy \"(0)\" jelenik meg, a beiratkoz\u00e1si folyamatot meg kell ism\u00e9telni.<\/p>\n\n\n\n<p class=\"wp-block-paragraph\">A sikeres szinkroniz\u00e1l\u00e1s ut\u00e1n v\u00e1ltson a \"Be\u00e1ll\u00edt\u00e1sok\" - \"Eszk\u00f6z\u00f6k - Be\u00e9rkezett \u00fczenetek\" men\u00fcpontra.<\/p>\n\n\n\n<p class=\"wp-block-paragraph\">Az \u00fajonnan betan\u00edtott eszk\u00f6z tov\u00e1bbra is itt szerkeszthet\u0151. Kattintson a \"N\u00e9v\" oszlopban l\u00e9v\u0151 bejegyz\u00e9sre, \u00e9s adja meg a r\u00e9gi eszk\u00f6z eredeti nev\u00e9t \"A_AK_FK_L\".<br>Az els\u0151 oszlopban l\u00e9v\u0151 \"+\" gombra kattintva egy \u00fajabb sor ny\u00edlik meg. Itt is a \"N\u00e9v\" oszlopban l\u00e9v\u0151 bejegyz\u00e9sre kattintva a r\u00e9gi eszk\u00f6z neve ker\u00fcl fel\u00fcl\u00edr\u00e1sra, de egy \"_K1\" toldal\u00e9kkal, azaz \"A_AK_FK_L_K1\".<\/p>\n\n\n\n<p class=\"wp-block-paragraph\">Egyes eszk\u00f6z\u00f6kn\u00e9l a \"+\" gombra kattint\u00e1s ut\u00e1n t\u00f6bb sor jelenik meg. Ebben az esetben j\u00e1rjon el az el\u0151z\u0151ek szerint, de a \"K\" ut\u00e1n a sz\u00e1mot a \"Sorsz\u00e1m\" oszlopban a \"xxxxxxxx:2 stb.\" kett\u0151spont ut\u00e1n megjelen\u0151 sz\u00e1moknak megfelel\u0151en v\u00e1ltoztassa meg: \"xxxxxxxxxx_K2\" stb. (\"K\" csatorn\u00e1t jelent). (\"K\" csatorn\u00e1t jelent).<\/p>\n\n\n\n<h4 class=\"wp-block-heading\"><span class=\"ez-toc-section\" id=\"Neues_Gerat_in_den_betroffenen_Programmen_funktional_erganzen\"><\/span>Funkci\u00f3k hozz\u00e1ad\u00e1sa az \u00faj eszk\u00f6zh\u00f6z az \u00e9rintett programokban<span class=\"ez-toc-section-end\"><\/span><\/h4>\n\n\n\n<p class=\"wp-block-paragraph\">Mac sz\u00e1m\u00edt\u00f3g\u00e9pen helyezze a PDF-f\u00e1jlt tartalmaz\u00f3 ablakot a k\u00e9perny\u0151 bal oldal\u00e1ra, jobbra pedig a Raspberrymatic ablakot, amelyben a fels\u0151 \"Programok \u00e9s parancsikonok\" gombon kereszt\u00fcl a \"Programok \u00e9s k\u00f6zponti parancsikonok\" men\u00fcponton kereszt\u00fcl az \u00f6sszes program szerepel.<\/p>\n\n\n\n<p class=\"wp-block-paragraph\">A bal oldali ablakban tal\u00e1lhat\u00f3 inform\u00e1ci\u00f3k alapj\u00e1n az els\u0151 felsorolt programot keress\u00fck meg, p\u00e9ld\u00e1ul \"A_SV_FK_AK_L_KMBSG_SPK_ON\", \u00e9s a jobb oldali \"Szerkeszt\u00e9s\" gombra kattintva megnyitjuk.<\/p>\n\n\n\n<p class=\"wp-block-paragraph\">Az els\u0151 szakaszb\u00f3l hi\u00e1nyzik a \"Csak akkor ellen\u0151rizze az A_AK_F_L_K1 k\u00e9sz\u00fcl\u00e9kv\u00e1laszt\u00e1st, ha nyitva van\" sor.<\/p>\n\n\n\n<p class=\"wp-block-paragraph\">A jobb oldali Raspberrymatic ablakban a z\u00f6ld \"+\" gombra kattintva az els\u0151 \"felt\u00e9tel\" alatt egy \u00fcres bejegyz\u00e9st hoz l\u00e9tre, amely az \u00c9S-hez kapcsol\u00f3dik.<br>Az els\u0151 \u00fcres gombra kattint\u00e1s ut\u00e1n v\u00e1lassza ki az \"Eszk\u00f6z kiv\u00e1laszt\u00e1sa\" bejegyz\u00e9st, majd az \u00faj \u00fcres \"Eszk\u00f6z kiv\u00e1laszt\u00e1sa\" gombra kattintva keresse meg az \u00faj eszk\u00f6zt, \u00e9s az eszk\u00f6z soron b\u00e1rhol kattintson az elfogad\u00e1shoz.<\/p>\n\n\n\n<p class=\"wp-block-paragraph\">Az ablakos kapcsolatok eset\u00e9ben, mint itt, az \"at\" sz\u00f3 ut\u00e1n a \"z\u00e1rt\" vagy a \"nyitott\" v\u00e1laszthat\u00f3. Ebben a p\u00e9ld\u00e1ban a \"nyitott\" v\u00e1lasztand\u00f3.<\/p>\n\n\n\n<p class=\"wp-block-paragraph\">Az ezt k\u00f6vet\u0151 mez\u0151nek h\u00e1rom lehets\u00e9ges \u00e1llapota van: \"Trigger on change\", \"Trigger on update\" vagy \"Check only\".<\/p>\n\n\n\n<p class=\"wp-block-paragraph\">Ebben a p\u00e9ld\u00e1ban v\u00e1lassza a \"Csak ellen\u0151rz\u00e9s\" lehet\u0151s\u00e9get.<br>Ugyanezt a bejegyz\u00e9st ennek megfelel\u0151en ki kell eg\u00e9sz\u00edteni a m\u00e1sodik felt\u00e9tel alatt \"Egy\u00e9bk\u00e9nt, ha ...\".<\/p>\n\n\n\n<p class=\"wp-block-paragraph\">Ha a jobb oldali sorok mindegyike megegyezik a bal oldali ablak soraival, akkor a jobb oldali m\u00f3dos\u00edt\u00e1sokat a bal als\u00f3 sarokban tal\u00e1lhat\u00f3 \"OK\" gombra kattintva mentheti el. A k\u00e9perny\u0151 bez\u00e1rul.<\/p>\n\n\n\n<p class=\"wp-block-paragraph\">Ugyan\u00edgy j\u00e1rjon el a jobb oldali ablakban a bal oldalon felsorolt t\u00f6bbi programmal. Az \u00faj k\u00e9sz\u00fcl\u00e9k ezut\u00e1n a programoz\u00e1s szempontj\u00e1b\u00f3l ugyan\u00fagy fog m\u0171k\u00f6dni, mint kor\u00e1bban.<\/p>\n\n\n\n<p class=\"wp-block-paragraph\">*K\u00fcl\u00f6nbs\u00e9g:<\/p>\n\n\n\n<ul class=\"wp-block-list\">\n<li>V\u00e1ltoz\u00e1skor ind\u00edt\u00e1s -&gt; ha p\u00e9ld\u00e1ul a h\u0151m\u00e9rs\u00e9klet v\u00e1ltozik, akkor ind\u00edt\u00e1s t\u00f6rt\u00e9nik, \u00e9s a program v\u00e9grehajt\u00e1sra ker\u00fcl.<\/li>\n\n\n\n<li>Trigger on update -&gt; egy \u00e9rz\u00e9kel\u0151 kb. 3 percenk\u00e9nt automatikusan meghat\u00e1rozza az aktu\u00e1lis m\u00e9rt \u00e9rt\u00e9ket \u00e9s friss\u00edti azt. Ez azt jelenti, hogy m\u00e9g ha a h\u0151m\u00e9rs\u00e9klet \u00e1lland\u00f3 is marad, a program akkor is v\u00e9grehajt\u00e1sra ker\u00fcl, amint a k\u00f6vetkez\u0151 friss\u00edt\u00e9s megt\u00f6rt\u00e9nt, azaz 3 percenk\u00e9nt.<\/li>\n\n\n\n<li>check only -&gt; csak azt ellen\u0151rzi, hogy egy felt\u00e9tel l\u00e9tezik-e vagy sem.<br><br><\/li>\n<\/ul>\n\n\n\n<h2 class=\"wp-block-heading\"><span class=\"ez-toc-section\" id=\"Sicherheits-Kopie_der_SD-Karte_erstellen\"><\/span>K\u00e9sz\u00edtsen biztons\u00e1gi m\u00e1solatot az SD-k\u00e1rty\u00e1r\u00f3l<span class=\"ez-toc-section-end\"><\/span><\/h2>\n\n\n\n<p class=\"wp-block-paragraph\">Helyezze be a biztons\u00e1gi ment\u00e9st k\u00e9sz\u00edt\u0151 SD-k\u00e1rty\u00e1t a sz\u00e1m\u00edt\u00f3g\u00e9pbe.<\/p>\n\n\n\n<p class=\"wp-block-paragraph\">Ind\u00edtsa el az \"ApplePi-Baker.app\" f\u00e1jlt a \"Programok\" k\u00f6nyvt\u00e1rban.<\/p>\n\n\n\n<p class=\"wp-block-paragraph\">Az alkalmaz\u00e1sban kattintson a bal oldali ablakban az SD-k\u00e1rty\u00e1ra, majd a jobb als\u00f3 ablakban kattintson a \"Biztons\u00e1gi ment\u00e9s l\u00e9trehoz\u00e1sa\" gombra.<\/p>\n\n\n\n<p class=\"wp-block-paragraph\">Ez alatt megjelenik egy el\u0151rehalad\u00e1si s\u00e1v. Amint a biztons\u00e1gi ment\u00e9s befejez\u0151d\u00f6tt, megjelenik egy megfelel\u0151 \u00fczenet, amelyet az \"OK\" gombra kattintva kell meger\u0151s\u00edteni.<\/p>\n\n\n\n<p class=\"wp-block-paragraph\">Az SD-k\u00e1rtya most m\u00e1r elt\u00e1vol\u00edthat\u00f3.<br><br><\/p>\n\n\n\n<h1 class=\"wp-block-heading\"><span class=\"ez-toc-section\" id=\"Nomenklatur\"><\/span>N\u00f3menklat\u00fara<span class=\"ez-toc-section-end\"><\/span><\/h1>\n\n\n\n<p class=\"wp-block-paragraph\">Kezdetben az \u00e9rz\u00e9kel\u0151k, m\u0171k\u00f6dtet\u0151k stb. m\u00e9g kezelhet\u0151 sz\u00e1ma azt jelenti, hogy kev\u00e9s motiv\u00e1ci\u00f3 van arra, hogy t\u00fal sok agymunk\u00e1t fektess\u00fcnk ezek struktur\u00e1l\u00e1s\u00e1ba.<\/p>\n\n\n\n<p class=\"wp-block-paragraph\">A m\u0171k\u00f6dtet\u0151 elemek \u00e9s \u00e9rz\u00e9kel\u0151k sz\u00e1m\u00e1nak n\u00f6veked\u00e9s\u00e9vel, valamint az olyan programok egyre gyakoribb haszn\u00e1lat\u00e1val, amelyekben m\u00e1s m\u0171k\u00f6dtet\u0151 elemek vagy \u00e9rz\u00e9kel\u0151k \u00e1llapot\u00e1t\u00f3l f\u00fcgg\u0151en kell akci\u00f3kat ind\u00edtani, megtanulja \u00e9rt\u00e9kelni a j\u00f3l \u00e1tgondolt strukt\u00far\u00e1t.<\/p>\n\n\n\n<p class=\"wp-block-paragraph\">A k\u00f6vetkez\u0151 elnevez\u00e9si strukt\u00fara p\u00e9ld\u00e1ul itt bev\u00e1lt, \u00e9s b\u00e1rmely helysz\u00ednre adapt\u00e1lhat\u00f3 \u00e9s kieg\u00e9sz\u00edthet\u0151.<br><\/p>\n\n\n<div class=\"wp-block-image\">\n<figure class=\"aligncenter size-large\"><img decoding=\"async\" width=\"1024\" height=\"919\" src=\"https:\/\/csiag.eu\/wp-content\/uploads\/2021\/06\/image-7-1024x919.png\" alt=\"\" class=\"wp-image-39\" srcset=\"https:\/\/csiag.eu\/wp-content\/uploads\/2021\/06\/image-7-1024x919.png 1024w, https:\/\/csiag.eu\/wp-content\/uploads\/2021\/06\/image-7-300x269.png 300w, https:\/\/csiag.eu\/wp-content\/uploads\/2021\/06\/image-7-768x690.png 768w, https:\/\/csiag.eu\/wp-content\/uploads\/2021\/06\/image-7.png 1450w\" sizes=\"(max-width: 1024px) 100vw, 1024px\" \/><figcaption class=\"wp-element-caption\">\u00c1ttekint\u00e9s - helyis\u00e9gek, m\u0171k\u00f6dtet\u0151k, \u00e9rz\u00e9kel\u0151k \u00e9s szakm\u00e1k<\/figcaption><\/figure>\n<\/div>\n\n\n<div style=\"height:34px\" aria-hidden=\"true\" class=\"wp-block-spacer\"><\/div>\n\n\n\n<blockquote class=\"wp-block-quote is-layout-flow wp-block-quote-is-layout-flow\">\n<p class=\"wp-block-paragraph\">p.s. Ha szem\u00e9lyes t\u00e1mogat\u00e1sra van sz\u00fcks\u00e9ge a fizet\u00e9s ellen\u00e9ben t\u00f6rt\u00e9n\u0151 megval\u00f3s\u00edt\u00e1shoz, akkor sz\u00edvesen l\u00e1tjuk, ha k\u00fcld egy&nbsp;<a href=\"https:\/\/csiag.eu\/hu\/tanacsadasi-szolgaltatas\/\">Foglal\u00e1s<\/a>&nbsp;csin\u00e1ld!<\/p>\n<\/blockquote>","protected":false},"excerpt":{"rendered":"<p><span class=\"span-reading-time rt-reading-time\" style=\"display: block;\"><span class=\"rt-label rt-prefix\">Olvas\u00e1si id\u0151<\/span> <span class=\"rt-time\"> 10<\/span> <span class=\"rt-label rt-postfix\">percek<\/span><\/span>CCU vagy Raspberry Pi A SmartHome-ot el\u0151sz\u00f6r a Homematic CCU 1 tette lehet\u0151v\u00e9, amely vez\u00e9rl\u0151k\u00f6zpontk\u00e9nt m\u0171k\u00f6d\u00f6tt. Mivel ez meglehet\u0151sen lass\u00fa volt, hamarosan megjelent a CCU 2, amely er\u0151sebb processzorral rendelkezik. Ezt k\u00f6vette a CCU 3, amely tov\u00e1bbi teljes\u00edtm\u00e9nyn\u00f6veked\u00e9st biztos\u00edtott, \u00e9s lehet\u0151v\u00e9 tette a Homematic firmware tov\u00e1bbfejleszt\u00e9s\u00e9t, sz\u00e9lesebb k\u00f6r\u0171 funkci\u00f3kkal. Mint mindig a technol\u00f3gi\u00e1ban, itt is...&nbsp;<a href=\"https:\/\/csiag.eu\/hu\/blog\/2021\/06\/16\/smarthome-raspberrypi\/\" rel=\"bookmark\">Olvass tov\u00e1bb \"<span class=\"screen-reader-text\">SmartHome - Raspberry Pi<\/span><\/a><\/p>","protected":false},"author":1,"featured_media":0,"comment_status":"open","ping_status":"open","sticky":false,"template":"","format":"standard","meta":{"_lmt_disableupdate":"","_lmt_disable":"","neve_meta_sidebar":"","neve_meta_container":"","neve_meta_enable_content_width":"","neve_meta_content_width":0,"neve_meta_title_alignment":"","neve_meta_author_avatar":"","neve_post_elements_order":"","neve_meta_disable_header":"","neve_meta_disable_footer":"","neve_meta_disable_title":"","footnotes":""},"categories":[346,348],"tags":[907,912,908,472,914,903,904,905,910,573,915,909,906,913,916,917,471,902,911,370],"class_list":["post-36","post","type-post","status-publish","format-standard","hentry","category-smarthome","category-smarthome-raspberry-pi","tag-applepibaker","tag-backup","tag-balena-etcher","tag-ccu","tag-firewall","tag-funkmodul","tag-gehaeuse","tag-hoimematic","tag-image","tag-konfiguration","tag-konfigurieren","tag-lanscan","tag-netzteil","tag-netzwerkeinstellungen","tag-port","tag-ports","tag-raspberry-pi","tag-raspberrymatic","tag-restore","tag-smarthome"],"modified_by":"Achim Goerner","_links":{"self":[{"href":"https:\/\/csiag.eu\/hu\/wp-json\/wp\/v2\/posts\/36","targetHints":{"allow":["GET"]}}],"collection":[{"href":"https:\/\/csiag.eu\/hu\/wp-json\/wp\/v2\/posts"}],"about":[{"href":"https:\/\/csiag.eu\/hu\/wp-json\/wp\/v2\/types\/post"}],"author":[{"embeddable":true,"href":"https:\/\/csiag.eu\/hu\/wp-json\/wp\/v2\/users\/1"}],"replies":[{"embeddable":true,"href":"https:\/\/csiag.eu\/hu\/wp-json\/wp\/v2\/comments?post=36"}],"version-history":[{"count":0,"href":"https:\/\/csiag.eu\/hu\/wp-json\/wp\/v2\/posts\/36\/revisions"}],"wp:attachment":[{"href":"https:\/\/csiag.eu\/hu\/wp-json\/wp\/v2\/media?parent=36"}],"wp:term":[{"taxonomy":"category","embeddable":true,"href":"https:\/\/csiag.eu\/hu\/wp-json\/wp\/v2\/categories?post=36"},{"taxonomy":"post_tag","embeddable":true,"href":"https:\/\/csiag.eu\/hu\/wp-json\/wp\/v2\/tags?post=36"}],"curies":[{"name":"wp","href":"https:\/\/api.w.org\/{rel}","templated":true}]}}