{"id":3633,"date":"2023-03-10T08:09:41","date_gmt":"2023-03-10T08:09:41","guid":{"rendered":"https:\/\/csiag.eu\/?p=3633"},"modified":"2023-03-10T09:40:30","modified_gmt":"2023-03-10T09:40:30","slug":"tolatokamera","status":"publish","type":"post","link":"https:\/\/csiag.eu\/hu\/blog\/2023\/03\/10\/rueckfahrkamera\/","title":{"rendered":"Tolat\u00f3kamera"},"content":{"rendered":"<div id=\"ez-toc-container\" class=\"ez-toc-v2_0_86 counter-hierarchy ez-toc-counter ez-toc-grey ez-toc-container-direction\">\n<div class=\"ez-toc-title-container\">\n<p class=\"ez-toc-title\" style=\"cursor:inherit\">Tartalomjegyz\u00e9k<\/p>\n<span class=\"ez-toc-title-toggle\"><\/span><\/div>\n<nav><ul class='ez-toc-list ez-toc-list-level-1' ><li class='ez-toc-page-1 ez-toc-heading-level-2'><a class=\"ez-toc-link ez-toc-heading-1\" href=\"https:\/\/csiag.eu\/hu\/blog\/2023\/03\/10\/rueckfahrkamera\/#WLAN_oder_POE\" >WLAN vagy POE<\/a><\/li><li class='ez-toc-page-1 ez-toc-heading-level-2'><a class=\"ez-toc-link ez-toc-heading-2\" href=\"https:\/\/csiag.eu\/hu\/blog\/2023\/03\/10\/rueckfahrkamera\/#Hikvision%E2%84%A2_Kameras\" >Hikvision\u2122 kamer\u00e1k<\/a><\/li><li class='ez-toc-page-1 ez-toc-heading-level-2'><a class=\"ez-toc-link ez-toc-heading-3\" href=\"https:\/\/csiag.eu\/hu\/blog\/2023\/03\/10\/rueckfahrkamera\/#Darstellung_auf_Handy_Tablet_Monitor\" >Megjelen\u00edt\u00e9s mobiltelefonon \/ t\u00e1blag\u00e9pen \/ monitoron<\/a><\/li><li class='ez-toc-page-1 ez-toc-heading-level-2'><a class=\"ez-toc-link ez-toc-heading-4\" href=\"https:\/\/csiag.eu\/hu\/blog\/2023\/03\/10\/rueckfahrkamera\/#Praxis\" >Gyakorlat<\/a><\/li><\/ul><\/nav><\/div>\n<span class=\"span-reading-time rt-reading-time\" style=\"display: block;\"><span class=\"rt-label rt-prefix\">Olvas\u00e1si id\u0151<\/span> <span class=\"rt-time\"> 2<\/span> <span class=\"rt-label rt-postfix\">percek<\/span><\/span>\n<p class=\"wp-block-paragraph\">A lak\u00f3aut\u00f3k tolat\u00f3kamer\u00e1inak t\u00e9m\u00e1ja rengeteg lehet\u0151s\u00e9get rejt mag\u00e1ban. Tulajdonk\u00e9ppen t\u00fal sok. Kezdetben a tolat\u00f3kamer\u00e1k fekete-feh\u00e9r sz\u00edn\u0171ek voltak, \u00e9s m\u00e9g a szok\u00e1sos h\u00e1ts\u00f3 l\u00e1mp\u00e1k \"szikr\u00e1z\u00f3\" f\u00e9nye mellett is haszn\u00e1lhat\u00f3 k\u00e9pet adtak.<\/p>\n\n\n\n<p class=\"wp-block-paragraph\">Az \u00fajabbak sz\u00ednt adtak a k\u00e9pnek, m\u00e9g ha csak nappal is. \u00c9jszaka fekete-feh\u00e9rre v\u00e1ltanak, \u00e9s a felbont\u00e1s ehhez k\u00e9pest jelent\u0151sen cs\u00f6kken. De k\u00fcl\u00f6n\u00f6sen \u00e9jszaka fontos, hogy l\u00e1ssuk, hol k\u00f6zleked\u00fcnk \u00e9s man\u0151verez\u00fcnk.<\/p>\n\n\n\n<p class=\"wp-block-paragraph\">Most m\u00e1r csak \u00d6n\u00f6n m\u00falik, hogy tov\u00e1bbi f\u00e9nysz\u00f3r\u00f3kat szeretne-e haszn\u00e1lni, hogy t\u00f6bb f\u00e9nyt \u00e9s ez\u00e1ltal j\u00f3 l\u00e1that\u00f3s\u00e1got biztos\u00edtson, vagy pedig nagy teljes\u00edtm\u00e9ny\u0171, megfelel\u0151 infrav\u00f6r\u00f6s megvil\u00e1g\u00edt\u00e1s\u00fa kamer\u00e1kat szeretne felszerelni.<\/p>\n\n\n\n<h2 class=\"wp-block-heading\"><span class=\"ez-toc-section\" id=\"WLAN_oder_POE\"><\/span>WLAN vagy POE<span class=\"ez-toc-section-end\"><\/span><\/h2>\n\n\n\n<p class=\"wp-block-paragraph\">A k\u00f6vetkez\u0151 t\u00e9ma a WLAN vagy POE (Power Over Ethernet) k\u00e1bel fektet\u00e9se. Aki a biztons\u00e1gos kapcsolatot r\u00e9szes\u00edti el\u0151nyben, az ut\u00f3bbit v\u00e1lasztja. A WLAN nem mindig megb\u00edzhat\u00f3 az alum\u00edniumbor\u00edt\u00e1s\u00fa lak\u00f3aut\u00f3kban, hiszen szinte egy Faraday-kalitk\u00e1ban \u00fcl\u00fcnk.<\/p>\n\n\n\n<p class=\"wp-block-paragraph\">Egy m\u00e1sik probl\u00e9ma az \"olcs\u00f3\" kamer\u00e1kkal: a legt\u00f6bbj\u00fck felh\u0151szolg\u00e1ltat\u00e1sokkal dolgozik, ami nagy forgalmat okoz, \u00e9s a SIM-k\u00e1rtya adatmennyis\u00e9g\u00e9nek rov\u00e1s\u00e1ra megy.<\/p>\n\n\n\n<p class=\"wp-block-paragraph\">Az ide\u00e1lis eset teh\u00e1t egy POE csatlakoz\u00e1ssal, er\u0151s IR di\u00f3d\u00e1kkal, nagy l\u00e1t\u00f3sz\u00f6g\u0171 k\u00e9pess\u00e9ggel, PTZ-vel rendelkez\u0151 kamera lenne, hogy az \u00e9rdekl\u0151d\u00e9sre sz\u00e1mot tart\u00f3 ter\u00fcleteket sz\u00fcks\u00e9g szerint meg lehessen c\u00e9lozni, \u00e9s sz\u00fcks\u00e9g eset\u00e9n k\u00e9tir\u00e1ny\u00fa hanggal, hogy k\u00e9tir\u00e1ny\u00fa kommunik\u00e1ci\u00f3t tegyen lehet\u0151v\u00e9.<\/p>\n\n\n\n<h2 class=\"wp-block-heading\"><span class=\"ez-toc-section\" id=\"Hikvision%E2%84%A2_Kameras\"><\/span>Hikvision\u2122 kamer\u00e1k<span class=\"ez-toc-section-end\"><\/span><\/h2>\n\n\n\n<p class=\"wp-block-paragraph\">De azt\u00e1n p\u00e9ld\u00e1ul a Hikvisionhoz is eljutunk, amely egy cs\u00facsmin\u0151s\u00e9g\u0171 gy\u00e1rt\u00f3, \u00e9s ennek megfelel\u0151en nagy v\u00e1laszt\u00e9kkal rendelkezik a professzion\u00e1lis kamer\u00e1kb\u00f3l, de a fogyaszt\u00f3i szektor sz\u00e1m\u00e1ra is el\u00e9rhet\u0151 kamer\u00e1kb\u00f3l.<\/p>\n\n\n\n<p class=\"wp-block-paragraph\">Az itt telep\u00edtett kamer\u00e1k a <a href=\"https:\/\/www.amazon.de\/gp\/product\/B07MLJJ357\/ref=ppx_yo_dt_b_search_asin_title?ie=UTF8&amp;psc=1\" target=\"_blank\" rel=\"noreferrer noopener\">Hikvision DS-2DE2A404IW-EN3<\/a> 2,8 - 12 mm f\u00f3kuszt\u00e1vols\u00e1ggal. A kamer\u00e1k pl. az IPCamViewer alkalmaz\u00e1ssal (iOS \/ Android) b\u00e1rmely mobiltelefonon vagy t\u00e1blag\u00e9pen, valamint a SecuritySpy alkalmaz\u00e1ssal Mac OS alatt is m\u0171k\u00f6dnek.<\/p>\n\n\n\n<h2 class=\"wp-block-heading\"><span class=\"ez-toc-section\" id=\"Darstellung_auf_Handy_Tablet_Monitor\"><\/span>Megjelen\u00edt\u00e9s mobiltelefonon \/ t\u00e1blag\u00e9pen \/ monitoron<span class=\"ez-toc-section-end\"><\/span><\/h2>\n\n\n\n<p class=\"wp-block-paragraph\">Mivel a navig\u00e1ci\u00f3 manaps\u00e1g am\u00fagy is gyakran tableteken t\u00f6rt\u00e9nik, ezek a kamerak\u00e9pek megjelen\u00edt\u00e9s\u00e9re is haszn\u00e1lhat\u00f3k. A fed\u00e9lzeten gyakran van router is, ami azt jelenti, hogy semmi sem \u00e1ll az \u00fatj\u00e1ban annak, hogy a mobiltelefon\/tablet \u00e9s a kamera a router Wi-Fi hotspotj\u00e1n kereszt\u00fcl csatlakozzon egym\u00e1shoz.<\/p>\n\n\n\n<p class=\"wp-block-paragraph\">A POE-k\u00e1bel lefektet\u00e9s\u00e9vel megsp\u00f3rolhatja egy tov\u00e1bbi t\u00e1pegys\u00e9g lefektet\u00e9s\u00e9t, de ehhez POE-k\u00e9pes kapcsol\u00f3 sz\u00fcks\u00e9ges. Ha nem \u00e9rdekli, hogy egy vagy k\u00e9t k\u00e1belt fektet le, akkor egy norm\u00e1l Ethernet (CAT7) k\u00e1belt \u00e9s egy k\u00e9tvezet\u00e9kes k\u00e1belt is lefektethet a t\u00e1pegys\u00e9ghez.<\/p>\n\n\n\n<h2 class=\"wp-block-heading\"><span class=\"ez-toc-section\" id=\"Praxis\"><\/span>Gyakorlat<span class=\"ez-toc-section-end\"><\/span><\/h2>\n\n\n\n<p class=\"wp-block-paragraph\">Itt k\u00e9t kamer\u00e1t szereltek fel a bal \u00e9s jobb oldalon a visszapillant\u00f3 t\u00fckr\u00f6k f\u00f6l\u00e9, a tet\u0151 k\u00f6zel\u00e9be. <a href=\"https:\/\/www.amazon.de\/gp\/product\/B07MZN58B8\/ref=ppx_yo_dt_b_search_asin_title?ie=UTF8&amp;psc=1\" target=\"_blank\" rel=\"noreferrer noopener\">Z\u00e1r\u00f3jelek<\/a> felszerelve. A h\u00e1ts\u00f3 kamera a <a href=\"https:\/\/www.amazon.de\/Hikvision-DS-2DE3A400BW-%C3%9Cberwachungskamera-Beleuchtung-professionelle\/dp\/B09HMY8KG8\/ref=sr_1_6?crid=E1FH35I1P7NU&amp;keywords=hikvision+ptz+outdoor&amp;qid=1678439508&amp;sprefix=hikvision+ptz%2Caps%2C336&amp;sr=8-6\" target=\"_blank\" rel=\"noreferrer noopener\">HIKVSION DS-2DE3A400BW-EN(F1)(S5) PTZ<\/a>amely a r\u00f6gz\u00edt\u0151 konzollal egy\u00fctt ker\u00fcl sz\u00e1ll\u00edt\u00e1sra.<br>A k\u00e9peket egy MacMini 15,6\"-os k\u00e9perny\u0151n jelen\u00edti meg. <a href=\"https:\/\/www.amazon.de\/gp\/product\/B09MTC9CTX\/ref=ppx_yo_dt_b_search_asin_title?ie=UTF8&amp;psc=1\" target=\"_blank\" rel=\"noreferrer noopener\">FHD kijelz\u0151k<\/a> amelyek k\u00f6z\u00fcl a k\u00f6z\u00e9ps\u0151 egyben a <a href=\"https:\/\/csiag.eu\/hu\/navigacio-mac-mini-m1-gyel\/\" data-type=\"post\" data-id=\"2377\">Navig\u00e1ci\u00f3<\/a> tartalmazza.<\/p>\n\n\n<div class=\"wp-block-image\">\n<figure class=\"aligncenter size-full\"><img decoding=\"async\" width=\"1024\" height=\"614\" src=\"https:\/\/csiag.eu\/wp-content\/uploads\/2023\/01\/image-13.png\" alt=\"\" class=\"wp-image-3376\" srcset=\"https:\/\/csiag.eu\/wp-content\/uploads\/2023\/01\/image-13.png 1024w, https:\/\/csiag.eu\/wp-content\/uploads\/2023\/01\/image-13-300x180.png 300w, https:\/\/csiag.eu\/wp-content\/uploads\/2023\/01\/image-13-768x461.png 768w\" sizes=\"(max-width: 1024px) 100vw, 1024px\" \/><figcaption class=\"wp-element-caption\">Pil\u00f3taf\u00fclke 3x 15,6\"-os kijelz\u0151vel a tolat\u00f3kamer\u00e1khoz \u00e9s a navig\u00e1ci\u00f3hoz<\/figcaption><\/figure>\n<\/div>\n\n\n<p class=\"wp-block-paragraph\">Itt van a kamera a vezet\u0151 oldal\u00e1n, alatta egy k\u00fcls\u0151 h\u0151m\u00e9rs\u00e9klet\/p\u00e1ratartalom \u00e9rz\u00e9kel\u0151vel (<a href=\"https:\/\/csiag.eu\/hu\/idojarasi-adatok-smarthome\/\" data-type=\"post\" data-id=\"3145\">Homematikus<\/a>) ...<\/p>\n\n\n<div class=\"wp-block-image\">\n<figure class=\"aligncenter size-full is-resized\"><img decoding=\"async\" src=\"https:\/\/csiag.eu\/wp-content\/uploads\/2023\/03\/Cam_L-3.jpg\" alt=\"\" class=\"wp-image-3651\" width=\"406\" height=\"541\" srcset=\"https:\/\/csiag.eu\/wp-content\/uploads\/2023\/03\/Cam_L-3.jpg 768w, https:\/\/csiag.eu\/wp-content\/uploads\/2023\/03\/Cam_L-3-225x300.jpg 225w\" sizes=\"(max-width: 406px) 100vw, 406px\" \/><figcaption class=\"wp-element-caption\">Vezet\u0151 oldali kamera balra<\/figcaption><\/figure>\n<\/div>\n\n\n<p class=\"wp-block-paragraph\">... \u00e9s a h\u00e1ts\u00f3 tolat\u00f3kamera.<\/p>\n\n\n<div class=\"wp-block-image\">\n<figure class=\"aligncenter size-full is-resized\"><img decoding=\"async\" src=\"https:\/\/csiag.eu\/wp-content\/uploads\/2023\/03\/Cam_H.jpg\" alt=\"\" class=\"wp-image-3646\" width=\"402\" height=\"536\" srcset=\"https:\/\/csiag.eu\/wp-content\/uploads\/2023\/03\/Cam_H.jpg 768w, https:\/\/csiag.eu\/wp-content\/uploads\/2023\/03\/Cam_H-225x300.jpg 225w\" sizes=\"(max-width: 402px) 100vw, 402px\" \/><figcaption class=\"wp-element-caption\">H\u00e1ts\u00f3 kamera<\/figcaption><\/figure>\n<\/div>\n\n\n<p class=\"wp-block-paragraph\"><\/p>\n\n\n\n<p class=\"wp-block-paragraph\"><\/p>\n\n\n\n<p class=\"wp-block-paragraph\"><\/p>\n\n\n\n<p class=\"wp-block-paragraph\"><\/p>","protected":false},"excerpt":{"rendered":"<p><span class=\"span-reading-time rt-reading-time\" style=\"display: block;\"><span class=\"rt-label rt-prefix\">Olvas\u00e1si id\u0151<\/span> <span class=\"rt-time\"> 2<\/span> <span class=\"rt-label rt-postfix\">percek<\/span><\/span>A lak\u00f3aut\u00f3k tolat\u00f3kamer\u00e1inak t\u00e9m\u00e1ja rengeteg lehet\u0151s\u00e9get rejt mag\u00e1ban. Tulajdonk\u00e9ppen t\u00fal sok. Kezdetben a tolat\u00f3kamer\u00e1k fekete-feh\u00e9r sz\u00edn\u0171ek voltak, \u00e9s m\u00e9g az \u00e1ltal\u00e1nosan beszerelt h\u00e1ts\u00f3 l\u00e1mp\u00e1k \"szikr\u00e1z\u00f3\" f\u00e9nyeivel is haszn\u00e1lhat\u00f3 k\u00e9pet adtak. Az \u00fajabbak sz\u00ednes k\u00e9pet adtak, m\u00e9g ha csak nappal is. \u00c9jszaka fekete-feh\u00e9rre v\u00e1ltanak, \u00e9s a felbont\u00e1s ehhez k\u00e9pest jelent\u0151sen cs\u00f6kken. De f\u0151leg \u00e9jszaka...&nbsp;<a href=\"https:\/\/csiag.eu\/hu\/blog\/2023\/03\/10\/rueckfahrkamera\/\" rel=\"bookmark\">Olvass tov\u00e1bb \"<span class=\"screen-reader-text\">Tolat\u00f3kamera<\/span><\/a><\/p>","protected":false},"author":1,"featured_media":0,"comment_status":"open","ping_status":"open","sticky":false,"template":"","format":"standard","meta":{"_lmt_disableupdate":"","_lmt_disable":"","neve_meta_sidebar":"","neve_meta_container":"","neve_meta_enable_content_width":"","neve_meta_content_width":0,"neve_meta_title_alignment":"","neve_meta_author_avatar":"","neve_post_elements_order":"","neve_meta_disable_header":"","neve_meta_disable_footer":"","neve_meta_disable_title":"","footnotes":""},"categories":[1267],"tags":[948,972,481,1268,1038,1270,477,786,1034,574,973,1269,1042,1271,563,465],"class_list":["post-3633","post","type-post","status-publish","format-standard","hentry","category-rueckfahrkamera","tag-handy","tag-hikvision","tag-ios","tag-ipcamviewer","tag-ir","tag-mac-os","tag-monitor","tag-poe","tag-ptz","tag-router","tag-rueckfahrkamera","tag-securityyspy","tag-switch","tag-tablet","tag-wlan","tag-zusatzscheinwerfer"],"modified_by":"Achim Goerner","_links":{"self":[{"href":"https:\/\/csiag.eu\/hu\/wp-json\/wp\/v2\/posts\/3633","targetHints":{"allow":["GET"]}}],"collection":[{"href":"https:\/\/csiag.eu\/hu\/wp-json\/wp\/v2\/posts"}],"about":[{"href":"https:\/\/csiag.eu\/hu\/wp-json\/wp\/v2\/types\/post"}],"author":[{"embeddable":true,"href":"https:\/\/csiag.eu\/hu\/wp-json\/wp\/v2\/users\/1"}],"replies":[{"embeddable":true,"href":"https:\/\/csiag.eu\/hu\/wp-json\/wp\/v2\/comments?post=3633"}],"version-history":[{"count":0,"href":"https:\/\/csiag.eu\/hu\/wp-json\/wp\/v2\/posts\/3633\/revisions"}],"wp:attachment":[{"href":"https:\/\/csiag.eu\/hu\/wp-json\/wp\/v2\/media?parent=3633"}],"wp:term":[{"taxonomy":"category","embeddable":true,"href":"https:\/\/csiag.eu\/hu\/wp-json\/wp\/v2\/categories?post=3633"},{"taxonomy":"post_tag","embeddable":true,"href":"https:\/\/csiag.eu\/hu\/wp-json\/wp\/v2\/tags?post=3633"}],"curies":[{"name":"wp","href":"https:\/\/api.w.org\/{rel}","templated":true}]}}