{"id":3679,"date":"2023-03-27T15:01:38","date_gmt":"2023-03-27T15:01:38","guid":{"rendered":"https:\/\/csiag.eu\/?p=3679"},"modified":"2023-03-27T16:00:28","modified_gmt":"2023-03-27T16:00:28","slug":"victron-multiplus-ii-inverter-hibas","status":"publish","type":"post","link":"https:\/\/csiag.eu\/hu\/blog\/2023\/03\/27\/victron-multiplus-ii-inverter-defekt\/","title":{"rendered":"Victron - Multiplus II - Inverter hib\u00e1s?"},"content":{"rendered":"<span class=\"span-reading-time rt-reading-time\" style=\"display: block;\"><span class=\"rt-label rt-prefix\">Olvas\u00e1si id\u0151<\/span> <span class=\"rt-time\"> 2<\/span> <span class=\"rt-label rt-postfix\">percek<\/span><\/span>\n<p class=\"wp-block-paragraph\">Az inverter <em>Victron Multiplus II<\/em> k\u00fcl\u00f6nb\u00f6z\u0151 h\u00e1l\u00f3zati \u00e9s akkumul\u00e1toros v\u00e1ltozatokban kaphat\u00f3. K\u00f6z\u00f6s benn\u00fck, hogy mechanikus be-\/kikapcsol\u00f3val rendelkeznek, amely nem csak erre szolg\u00e1l, hanem a m\u0171k\u00f6d\u00e9si m\u00f3d v\u00e1laszt\u00f3kapcsol\u00f3jak\u00e9nt is.<\/p>\n\n\n\n<ul class=\"wp-block-list\">\n<li>0 = <code>kikapcsolva<\/code><\/li>\n\n\n\n<li>1 = <code>T\u00f6lt\u00e9s \u00e9s inverter \u00fczemm\u00f3d bekapcsolva<\/code><\/li>\n\n\n\n<li>2 = <code>T\u00f6lt\u00e9si \u00fczemm\u00f3d bekapcsolva, inverter \u00fczemm\u00f3d kikapcsolva<\/code><\/li>\n<\/ul>\n\n\n\n<p class=\"wp-block-paragraph\">Azt gondolhatn\u00e1nk, hogy ez egyszer\u0171: egyszer\u0171en csak \u00e1ll\u00edtsa a kapcsol\u00f3t a k\u00edv\u00e1nt poz\u00edci\u00f3ba, \u00e9s minden rendben van. Nem \u00edgy van!<\/p>\n\n\n\n<h2 class=\"wp-block-heading\">Be\u00e1ll\u00edt\u00e1sok a Victron Cerbo GX-ben<\/h2>\n\n\n\n<p class=\"wp-block-paragraph\">Ha ilyen inverterrel rendelkezik, akkor m\u00e1s Victron-alkatr\u00e9szeket is beszerelt, p\u00e9ld\u00e1ul a k\u00f6vetkez\u0151ket <em>MPPT vez\u00e9rl\u0151<\/em>ha sz\u00fcks\u00e9ges. <em>Lynx s\u00f6nt<\/em>stb. \u00e9s v\u00e9g\u00fcl a teljes telep\u00edt\u00e9s a <em>Cerbo GX Touch Panelek<\/em> figyelemmel k\u00eds\u00e9ri \u00e9s ellen\u0151rzi.<\/p>\n\n\n\n<p class=\"wp-block-paragraph\">A <em>Cerbo GX \u00e9rint\u0151k\u00e9perny\u0151<\/em> hozz\u00e1f\u00e9r\u00e9st biztos\u00edt a men\u00fcben tal\u00e1lhat\u00f3 \u00f6sszes csatlakoztatott rendszerhez, bele\u00e9rtve a <em>Victron Multiplus II<\/em>.<\/p>\n\n\n\n<p class=\"wp-block-paragraph\">A  c\u00edmen. <code>Men\u00fc<\/code> - <code>Be\u00e1ll\u00edt\u00e1sok<\/code> - <code>Multiplus II <\/code>- <code>Kapcsol\u00f3k<\/code> a k\u00f6vetkez\u0151 funkci\u00f3v\u00e1ltozatok v\u00e1laszthat\u00f3k:<\/p>\n\n\n\n<ul class=\"wp-block-list\">\n<li>A  c\u00edmr\u0151l<\/li>\n\n\n\n<li>Csak t\u00f6lt\u00e9s On<\/li>\n\n\n\n<li>Csak inverter bekapcsolva<\/li>\n\n\n\n<li>A<\/li>\n<\/ul>\n\n\n\n<p class=\"wp-block-paragraph\">Ezek a be\u00e1ll\u00edt\u00e1sok <strong>fel\u00fcl\u00edrja<\/strong> a k\u00e9sz\u00fcl\u00e9k kapcsol\u00f3j\u00e1nak helyzet\u00e9t!<\/p>\n\n\n\n<p class=\"wp-block-paragraph\">Ha a \"Csak t\u00f6lt\u00e9s\" \u00fczemm\u00f3d van kiv\u00e1lasztva, az inverter semmilyen k\u00f6r\u00fclm\u00e9nyek k\u00f6z\u00f6tt nem indul el.<\/p>\n\n\n\n<p class=\"wp-block-paragraph\">A <em>Victron Multiplus II<\/em> ez\u00e9rt nem hib\u00e1s, hanem csup\u00e1n azon alapul, hogy a be\u00e1ll\u00edt\u00e1sok a <em>Cerbo GX \u00e9rint\u0151k\u00e9perny\u0151<\/em> pontos\u00edtani.<\/p>\n\n\n\n<p class=\"wp-block-paragraph\">Az akkumul\u00e1torok id\u0151 el\u0151tti lemer\u00fcl\u00e9s\u00e9nek elker\u00fcl\u00e9se \u00e9rdek\u00e9ben csak akkor c\u00e9lszer\u0171 inverteres \u00fczemm\u00f3dot v\u00e1lasztani, ha kiz\u00e1rhat\u00f3, hogy olyan energiaig\u00e9nyes fogyaszt\u00f3k, mint az elektromos f\u0171t\u00e9s vagy az indukci\u00f3s t\u0171zhely aktiv\u00e1l\u00f3dnak. P\u00e9ld\u00e1ul parti \u00e1ramcsatlakoz\u00e1s eset\u00e9n, hogy r\u00f6vid idej\u0171(!) \u00e1ramkimarad\u00e1sokat megszak\u00edt\u00e1s n\u00e9lk\u00fcl kezelhess\u00fcnk, vagy - tisztess\u00e9ges naps\u00fct\u00e9st felt\u00e9telezve - 18 percig k\u00e9sz\u00edts\u00fcnk zseml\u00e9t a melegleveg\u0151s s\u00fct\u0151ben (max. 1600 W), 5 percig ind\u00edtsuk be a teljesen automata k\u00e1v\u00e9f\u0151z\u0151t (max. szakaszosan 1400 W), vagy a 8 perces toj\u00e1st a toj\u00e1st\u0171zhelyben (300 W) t\u00f6k\u00e9letesre f\u0151zz\u00fck, vagy 3 perc alatt (930 W) aranys\u00e1rg\u00e1ra pir\u00edtsuk a kenyeret.<\/p>\n\n\n\n<p class=\"wp-block-paragraph\">M\u00e1s sz\u00f3val: b\u00e1rmi, ami csak n\u00e9h\u00e1ny percig ig\u00e9nyel nagyobb teljes\u00edtm\u00e9nyt, t\u00f6k\u00e9letesen megval\u00f3s\u00edthat\u00f3 inverteres \u00fczemm\u00f3ddal menet k\u00f6zben.<\/p>","protected":false},"excerpt":{"rendered":"<p><span class=\"span-reading-time rt-reading-time\" style=\"display: block;\"><span class=\"rt-label rt-prefix\">Olvas\u00e1si id\u0151<\/span> <span class=\"rt-time\"> 2<\/span> <span class=\"rt-label rt-postfix\">percek<\/span><\/span>A Victron Multiplus II inverter k\u00fcl\u00f6nb\u00f6z\u0151 teljes\u00edtm\u00e9ny\u0171 \u00e9s akkumul\u00e1toros v\u00e1ltozatokban kaphat\u00f3. K\u00f6z\u00f6s benn\u00fck, hogy mindegyiken van egy mechanikus be-\/kikapcsol\u00f3, amely nem csak erre szolg\u00e1l, hanem az \u00fczemm\u00f3d v\u00e1laszt\u00f3kapcsol\u00f3jak\u00e9nt is. Azt gondolhatn\u00e1nk, hogy ez egyszer\u0171: egyszer\u0171en csak \u00e1ll\u00edtsuk a kapcsol\u00f3t a k\u00edv\u00e1nt poz\u00edci\u00f3ba, \u00e9s minden...&nbsp;<a href=\"https:\/\/csiag.eu\/hu\/blog\/2023\/03\/27\/victron-multiplus-ii-inverter-defekt\/\" rel=\"bookmark\">Olvass tov\u00e1bb \"<span class=\"screen-reader-text\">Victron - Multiplus II - Inverter hib\u00e1s?<\/span><\/a><\/p>","protected":false},"author":1,"featured_media":0,"comment_status":"open","ping_status":"open","sticky":false,"template":"","format":"standard","meta":{"_lmt_disableupdate":"","_lmt_disable":"","neve_meta_sidebar":"","neve_meta_container":"","neve_meta_enable_content_width":"","neve_meta_content_width":0,"neve_meta_title_alignment":"","neve_meta_author_avatar":"","neve_post_elements_order":"","neve_meta_disable_header":"","neve_meta_disable_footer":"","neve_meta_disable_title":"","footnotes":""},"categories":[317,344],"tags":[1294,521,1296,1295,1293,528,1289],"class_list":["post-3679","post","type-post","status-publish","format-standard","hentry","category-autarkie-im-wohnwagen-wohnmobil","category-victron-systemloesung","tag-betriebsmodus","tag-cerbo-gx","tag-einstellungen","tag-inverter","tag-laden","tag-mppt-regler","tag-multiplus-ii-2"],"modified_by":"Achim Goerner","_links":{"self":[{"href":"https:\/\/csiag.eu\/hu\/wp-json\/wp\/v2\/posts\/3679","targetHints":{"allow":["GET"]}}],"collection":[{"href":"https:\/\/csiag.eu\/hu\/wp-json\/wp\/v2\/posts"}],"about":[{"href":"https:\/\/csiag.eu\/hu\/wp-json\/wp\/v2\/types\/post"}],"author":[{"embeddable":true,"href":"https:\/\/csiag.eu\/hu\/wp-json\/wp\/v2\/users\/1"}],"replies":[{"embeddable":true,"href":"https:\/\/csiag.eu\/hu\/wp-json\/wp\/v2\/comments?post=3679"}],"version-history":[{"count":0,"href":"https:\/\/csiag.eu\/hu\/wp-json\/wp\/v2\/posts\/3679\/revisions"}],"wp:attachment":[{"href":"https:\/\/csiag.eu\/hu\/wp-json\/wp\/v2\/media?parent=3679"}],"wp:term":[{"taxonomy":"category","embeddable":true,"href":"https:\/\/csiag.eu\/hu\/wp-json\/wp\/v2\/categories?post=3679"},{"taxonomy":"post_tag","embeddable":true,"href":"https:\/\/csiag.eu\/hu\/wp-json\/wp\/v2\/tags?post=3679"}],"curies":[{"name":"wp","href":"https:\/\/api.w.org\/{rel}","templated":true}]}}