{"id":4302,"date":"2023-05-08T18:35:07","date_gmt":"2023-05-08T18:35:07","guid":{"rendered":"https:\/\/csiag.eu\/?p=4302"},"modified":"2023-05-08T18:47:14","modified_gmt":"2023-05-08T18:47:14","slug":"kueloenbseg-usv-inverter","status":"publish","type":"post","link":"https:\/\/csiag.eu\/hu\/blog\/2023\/05\/08\/unterschied-usv-wechselrichter\/","title":{"rendered":"K\u00fcl\u00f6nbs\u00e9g: UPS - inverter"},"content":{"rendered":"<div id=\"ez-toc-container\" class=\"ez-toc-v2_0_86 counter-hierarchy ez-toc-counter ez-toc-grey ez-toc-container-direction\">\n<div class=\"ez-toc-title-container\">\n<p class=\"ez-toc-title\" style=\"cursor:inherit\">Tartalomjegyz\u00e9k<\/p>\n<span class=\"ez-toc-title-toggle\"><\/span><\/div>\n<nav><ul class='ez-toc-list ez-toc-list-level-1' ><li class='ez-toc-page-1 ez-toc-heading-level-2'><a class=\"ez-toc-link ez-toc-heading-1\" href=\"https:\/\/csiag.eu\/hu\/blog\/2023\/05\/08\/unterschied-usv-wechselrichter\/#USV\" >UPS<\/a><\/li><li class='ez-toc-page-1 ez-toc-heading-level-2'><a class=\"ez-toc-link ez-toc-heading-2\" href=\"https:\/\/csiag.eu\/hu\/blog\/2023\/05\/08\/unterschied-usv-wechselrichter\/#Wechselrichter\" >Inverter<\/a><\/li><\/ul><\/nav><\/div>\n<span class=\"span-reading-time rt-reading-time\" style=\"display: block;\"><span class=\"rt-label rt-prefix\">Olvas\u00e1si id\u0151<\/span> <span class=\"rt-time\"> &lt; 1<\/span> <span class=\"rt-label rt-postfix\">Perc<\/span><\/span>\n<p class=\"wp-block-paragraph\">Mi a k\u00fcl\u00f6nbs\u00e9g az UPS (sz\u00fcnetmentes t\u00e1pegys\u00e9g) \u00e9s az inverter k\u00f6z\u00f6tt?<\/p>\n\n\n\n<p class=\"wp-block-paragraph\">Mindkett\u0151ben k\u00f6z\u00f6s, hogy akkumul\u00e1torral rendelkeznek, amelyb\u0151l 230 V v\u00e1ltakoz\u00f3 fesz\u00fclts\u00e9get \u00e1ll\u00edtanak el\u0151.<\/p>\n\n\n\n<h2 class=\"wp-block-heading\"><span class=\"ez-toc-section\" id=\"USV\"><\/span>UPS<span class=\"ez-toc-section-end\"><\/span><\/h2>\n\n\n\n<p class=\"wp-block-paragraph\">Az UPS (sz\u00fcnetmentes t\u00e1pegys\u00e9g) sz\u00fcnetmentes \u00e1ramell\u00e1t\u00e1st biztos\u00edt az olyan \u00e9rz\u00e9keny elektronikus eszk\u00f6z\u00f6k sz\u00e1m\u00e1ra, amelyek nem t\u0171rik a fesz\u00fclts\u00e9gingadoz\u00e1sokat \u00e9s m\u00e9g a nagyon r\u00f6vid ideig tart\u00f3 \u00e1ramkimarad\u00e1sokat sem.<\/p>\n\n\n\n<p class=\"wp-block-paragraph\">H\u00e1l\u00f3zati m\u0171k\u00f6d\u00e9s k\u00f6zben az UPS sz\u00fcks\u00e9g szerint kieg\u00e9sz\u00edt\u00e9sk\u00e9ppen el\u0151k\u00e9sz\u00edti a n\u00e9vleges 230 V-os bemeneti v\u00e1ltakoz\u00f3 fesz\u00fclts\u00e9get. Felt\u00e9telezve, hogy a bemeneti oldalon csak 218 V \u00e1ll rendelkez\u00e9sre, az UPS ezt \u00e1talak\u00edtja a szok\u00e1sos 230 V-ra, \u00e9s a kimeneti oldalon el\u00e9rhet\u0151v\u00e9 teszi. A fesz\u00fclts\u00e9get folyamatosan \u00e9s egyenletesen szab\u00e1lyozza, \u00e9s az 50 Hz-es h\u00e1l\u00f3zati frekvenci\u00e1t is fel\u00fcgyeli \u00e9s szab\u00e1lyozza. Ez biztos\u00edtja, hogy a csatlakoztatott fogyaszt\u00f3k sz\u00e1m\u00e1ra mindig a megfelel\u0151 elektromos param\u00e9terek \u00e1lljanak rendelkez\u00e9sre.<\/p>\n\n\n\n<p class=\"wp-block-paragraph\">Ha a bemeneti oldalon a h\u00e1l\u00f3zati v\u00e1ltakoz\u00f3 fesz\u00fclts\u00e9g meghib\u00e1sodik, az UPS kevesebb mint 20 milliszekundumon bel\u00fcl \u00e1tv\u00e1lt akkumul\u00e1toros \u00fczemm\u00f3dra, \u00e9s az akkumul\u00e1tor egyenfesz\u00fclts\u00e9g\u00e9b\u0151l el\u0151\u00e1ll\u00edtja a sz\u00fcks\u00e9ges 230 V-os v\u00e1ltakoz\u00f3 fesz\u00fclts\u00e9get.<br>Mivel a kapcsol\u00e1si folyamat ebben a nagyon r\u00f6vid id\u0151tartamban t\u00f6rt\u00e9nik, a csatlakoztatott eszk\u00f6z\u00f6k nem veszik \u00e9szre a r\u00f6vid ideig tart\u00f3 \u00e1ramkimarad\u00e1st, \u00e9s a szok\u00e1sos m\u00f3don m\u0171k\u00f6dnek tov\u00e1bb.<\/p>\n\n\n\n<p class=\"wp-block-paragraph\">A hazai k\u00f6rnyezetben ezek \u00e1ltal\u00e1ban PC-k, routerek stb. Az eg\u00e9szs\u00e9g\u00fcgyi \u00e1gazatban az \u00e9letfenntart\u00f3 rendszerek, m\u0171t\u0151k stb. r\u00f6vid ideig sz\u00fcnetmentes t\u00e1pegys\u00e9geken kereszt\u00fcl kapnak \u00e1ramot, am\u00edg a v\u00e9szhelyzeti d\u00edzelgener\u00e1torok \u00e1t nem veszik a hely\u00fcket.<br>M\u00e1s eszk\u00f6z\u00f6k, mint p\u00e9ld\u00e1ul a perf\u00fazorok, l\u00e9legeztet\u0151k stb. \u00e1ltal\u00e1ban be\u00e9p\u00edtett \u00fajrat\u00f6lthet\u0151 akkumul\u00e1torokkal rendelkeznek, amelyek \u00e1ramkimarad\u00e1s eset\u00e9n sz\u00fcnetmentes \u00e1ramell\u00e1t\u00e1st biztos\u00edtanak.<\/p>\n\n\n\n<h2 class=\"wp-block-heading\"><span class=\"ez-toc-section\" id=\"Wechselrichter\"><\/span>Inverter<span class=\"ez-toc-section-end\"><\/span><\/h2>\n\n\n\n<p class=\"wp-block-paragraph\">Az invertereket p\u00e9ld\u00e1ul ott haszn\u00e1lj\u00e1k, ahol az akkumul\u00e1torokat fotovoltaikus rendszerek t\u00f6ltik, vagy lak\u00f3aut\u00f3kban 230 V-os k\u00e9sz\u00fcl\u00e9kek m\u0171k\u00f6dtet\u00e9s\u00e9re. Ez\u00e9rt szolg\u00e1lnak <strong>nem <\/strong>sz\u00fcnetmentes t\u00e1pegys\u00e9g \u00e1ramkimarad\u00e1s eset\u00e9n.<\/p>\n\n\n\n<p class=\"wp-block-paragraph\">Az inverterekkel kapcsolatos tov\u00e1bbi inform\u00e1ci\u00f3k a k\u00fcl\u00f6n\u00e1ll\u00f3 <a href=\"https:\/\/csiag.eu\/hu\/oenellatas-egy-lakokocsiban-lakoautoban-lakoautoval\/#Wechselrichter-Betrieb\" target=\"_blank\" data-type=\"URL\" data-id=\"https:\/\/csiag.eu\/autarkie-im-wohnwagen-wohnmobil\/#Wechselrichter-Betrieb\" rel=\"noreferrer noopener\">Hozz\u00e1j\u00e1rul\u00e1s<\/a>.<\/p>","protected":false},"excerpt":{"rendered":"<p><span class=\"span-reading-time rt-reading-time\" style=\"display: block;\"><span class=\"rt-label rt-prefix\">Olvas\u00e1si id\u0151<\/span> <span class=\"rt-time\"> &lt; 1<\/span> <span class=\"rt-label rt-postfix\">Perc<\/span><\/span>Mi a k\u00fcl\u00f6nbs\u00e9g az UPS (sz\u00fcnetmentes t\u00e1pegys\u00e9g) \u00e9s az inverter k\u00f6z\u00f6tt? Mindkett\u0151ben az a k\u00f6z\u00f6s, hogy akkumul\u00e1torokkal rendelkeznek, amelyekb\u0151l 230 V v\u00e1ltakoz\u00f3 fesz\u00fclts\u00e9get \u00e1ll\u00edtanak el\u0151. UPS Az UPS (sz\u00fcnetmentes t\u00e1pegys\u00e9g) olyan \u00e9rz\u00e9keny elektronikus eszk\u00f6z\u00f6k sz\u00fcnetmentes \u00e1ramell\u00e1t\u00e1s\u00e1ra szolg\u00e1l, amelyek nem t\u0171rik a fesz\u00fclts\u00e9gingadoz\u00e1sokat \u00e9s m\u00e9g a nagyon r\u00f6vid ideig tart\u00f3 \u00e1ramkimarad\u00e1sokat sem. A...&nbsp;<a href=\"https:\/\/csiag.eu\/hu\/blog\/2023\/05\/08\/unterschied-usv-wechselrichter\/\" rel=\"bookmark\">Olvass tov\u00e1bb \"<span class=\"screen-reader-text\">K\u00fcl\u00f6nbs\u00e9g: UPS - inverter<\/span><\/a><\/p>","protected":false},"author":1,"featured_media":0,"comment_status":"open","ping_status":"open","sticky":false,"template":"","format":"standard","meta":{"_lmt_disableupdate":"","_lmt_disable":"","neve_meta_sidebar":"","neve_meta_container":"","neve_meta_enable_content_width":"","neve_meta_content_width":0,"neve_meta_title_alignment":"","neve_meta_author_avatar":"","neve_post_elements_order":"","neve_meta_disable_header":"","neve_meta_disable_footer":"","neve_meta_disable_title":"","footnotes":""},"categories":[327,1582],"tags":[429,935,936,1584,1585,1583,430,529],"class_list":["post-4302","post","type-post","status-publish","format-standard","hentry","category-apc-usv-mit-externen-batterien","category-wechselrichter","tag-apc","tag-netzausfall","tag-netzfrequenz","tag-spannungsausfall","tag-spannungsregelung","tag-ups","tag-usv","tag-wechselrichter"],"modified_by":"Achim Goerner","_links":{"self":[{"href":"https:\/\/csiag.eu\/hu\/wp-json\/wp\/v2\/posts\/4302","targetHints":{"allow":["GET"]}}],"collection":[{"href":"https:\/\/csiag.eu\/hu\/wp-json\/wp\/v2\/posts"}],"about":[{"href":"https:\/\/csiag.eu\/hu\/wp-json\/wp\/v2\/types\/post"}],"author":[{"embeddable":true,"href":"https:\/\/csiag.eu\/hu\/wp-json\/wp\/v2\/users\/1"}],"replies":[{"embeddable":true,"href":"https:\/\/csiag.eu\/hu\/wp-json\/wp\/v2\/comments?post=4302"}],"version-history":[{"count":0,"href":"https:\/\/csiag.eu\/hu\/wp-json\/wp\/v2\/posts\/4302\/revisions"}],"wp:attachment":[{"href":"https:\/\/csiag.eu\/hu\/wp-json\/wp\/v2\/media?parent=4302"}],"wp:term":[{"taxonomy":"category","embeddable":true,"href":"https:\/\/csiag.eu\/hu\/wp-json\/wp\/v2\/categories?post=4302"},{"taxonomy":"post_tag","embeddable":true,"href":"https:\/\/csiag.eu\/hu\/wp-json\/wp\/v2\/tags?post=4302"}],"curies":[{"name":"wp","href":"https:\/\/api.w.org\/{rel}","templated":true}]}}