{"id":571,"date":"2021-08-21T11:27:01","date_gmt":"2021-08-21T11:27:01","guid":{"rendered":"https:\/\/csiag.eu\/?p=571"},"modified":"2023-01-21T16:43:01","modified_gmt":"2023-01-21T16:43:01","slug":"videofeluegyelet","status":"publish","type":"post","link":"https:\/\/csiag.eu\/hu\/blog\/2021\/08\/21\/video-ueberwachung\/","title":{"rendered":"Vide\u00f3fel\u00fcgyelet"},"content":{"rendered":"<div id=\"ez-toc-container\" class=\"ez-toc-v2_0_86 counter-hierarchy ez-toc-counter ez-toc-grey ez-toc-container-direction\">\n<div class=\"ez-toc-title-container\">\n<p class=\"ez-toc-title\" style=\"cursor:inherit\">Tartalomjegyz\u00e9k<\/p>\n<span class=\"ez-toc-title-toggle\"><\/span><\/div>\n<nav><ul class='ez-toc-list ez-toc-list-level-1' ><li class='ez-toc-page-1 ez-toc-heading-level-2'><a class=\"ez-toc-link ez-toc-heading-1\" href=\"https:\/\/csiag.eu\/hu\/blog\/2021\/08\/21\/video-ueberwachung\/#Kamera-Modelle\" >F\u00e9nyk\u00e9pez\u0151g\u00e9p modellek<\/a><\/li><li class='ez-toc-page-1 ez-toc-heading-level-2'><a class=\"ez-toc-link ez-toc-heading-2\" href=\"https:\/\/csiag.eu\/hu\/blog\/2021\/08\/21\/video-ueberwachung\/#Das_richtige_Objektiv\" >A megfelel\u0151 lencse<\/a><\/li><li class='ez-toc-page-1 ez-toc-heading-level-2'><a class=\"ez-toc-link ez-toc-heading-3\" href=\"https:\/\/csiag.eu\/hu\/blog\/2021\/08\/21\/video-ueberwachung\/#Empfehlenswerte_Dome-Kameras\" >Aj\u00e1nlott (dome) kamer\u00e1k<\/a><\/li><li class='ez-toc-page-1 ez-toc-heading-level-2'><a class=\"ez-toc-link ez-toc-heading-4\" href=\"https:\/\/csiag.eu\/hu\/blog\/2021\/08\/21\/video-ueberwachung\/#IR-Zusatzscheinwerfer\" >IR kieg\u00e9sz\u00edt\u0151 reflektor<\/a><\/li><li class='ez-toc-page-1 ez-toc-heading-level-2'><a class=\"ez-toc-link ez-toc-heading-5\" href=\"https:\/\/csiag.eu\/hu\/blog\/2021\/08\/21\/video-ueberwachung\/#Kamera-Montage_Verkabelung\" >Kamera felszerel\u00e9se \/ k\u00e1belez\u00e9s<\/a><\/li><li class='ez-toc-page-1 ez-toc-heading-level-2'><a class=\"ez-toc-link ez-toc-heading-6\" href=\"https:\/\/csiag.eu\/hu\/blog\/2021\/08\/21\/video-ueberwachung\/#NVR\" >NVR<\/a><\/li><\/ul><\/nav><\/div>\n<span class=\"span-reading-time rt-reading-time\" style=\"display: block;\"><span class=\"rt-label rt-prefix\">Olvas\u00e1si id\u0151<\/span> <span class=\"rt-time\"> 5<\/span> <span class=\"rt-label rt-postfix\">percek<\/span><\/span>\n<p class=\"wp-block-paragraph\">A vide\u00f3megfigyel\u00e9s egyre fontosabb\u00e1 v\u00e1lik, mivel a bet\u00f6r\u00e9sek, lop\u00e1sok \u00e9s egy\u00e9b b\u0171ncselekm\u00e9nyek sz\u00e1ma n\u00f6vekszik. Van \u00e9rtelme videokamer\u00e1kkal felszerelni otthon\u00e1t \u00e9s udvar\u00e1t. Egyr\u00e9szt elrettent\u00e9sk\u00e9nt, m\u00e1sr\u00e9szt az\u00e9rt, hogy sz\u00fcks\u00e9g eset\u00e9n azonos\u00edtani lehessen a bet\u00f6r\u0151t.<\/p>\n\n\n\n<p class=\"wp-block-paragraph\">Az aj\u00e1nlatok sz\u00e1ma szinte kezelhetetlen. Az \u00e1rak k\u00e9t \u00e9s n\u00e9gy sz\u00e1mjegy\u0171 eur\u00f3s \u00f6sszegek k\u00f6z\u00f6tt mozognak. A min\u0151s\u00e9gi k\u00fcl\u00f6nbs\u00e9gek ennek megfelel\u0151en nagyok.<\/p>\n\n\n\n<p class=\"wp-block-paragraph\">Kezdetben, mint minden \u00e9rdekl\u0151d\u0151, \u00d6n is az olcs\u00f3bb aj\u00e1nlatokat r\u00e9szes\u00edti el\u0151nyben. Amint azonban arr\u00f3l van sz\u00f3, hogy \u00e9jszaka is haszn\u00e1lhat\u00f3 k\u00e9peket lehet k\u00e9sz\u00edteni, elv\u00e1lik a b\u00faza a pelyv\u00e1t\u00f3l.<\/p>\n\n\n\n<p class=\"wp-block-paragraph\">H\u00e1rom sz\u00e1mjegy\u0171 eur\u00f3\u00f6sszegek alatt a hozam az elfogadhat\u00f3 \u00e1r-\u00e9rt\u00e9k ar\u00e1ny szempontj\u00e1b\u00f3l csek\u00e9ly. A 130 ... 280 eur\u00f3 k\u00f6z\u00f6tt azonban rendk\u00edv\u00fcl j\u00f3 term\u00e9keket tal\u00e1lunk, k\u00fcl\u00f6n\u00f6sen a tal\u00e1n legnagyobb kameragy\u00e1rt\u00f3, a Hikvision term\u00e9keit, amelyeket igen nagy mennyis\u00e9gben gy\u00e1rtanak, \u00e9s amelyeket el\u0151szeretettel haszn\u00e1lnak ipari, k\u00f6z- \u00e9s mag\u00e1nk\u00f6rnyezetben egyar\u00e1nt.<br><br><\/p>\n\n\n\n<h2 class=\"wp-block-heading\" id=\"Kamera-Modelle\"><span class=\"ez-toc-section\" id=\"Kamera-Modelle\"><\/span>F\u00e9nyk\u00e9pez\u0151g\u00e9p modellek<span class=\"ez-toc-section-end\"><\/span><\/h2>\n\n\n\n<p class=\"wp-block-paragraph\">El\u0151sz\u00f6r is k\u00fcl\u00f6nbs\u00e9get kell tenni az \u00fagynevezett bullet \u00e9s dome kamer\u00e1k k\u00f6z\u00f6tt.<\/p>\n\n\n\n<p class=\"wp-block-paragraph\">A goly\u00f3s kamer\u00e1val a l\u00e1t\u00f3ir\u00e1ny m\u00e1r messzir\u0151l is k\u00f6nnyen felismerhet\u0151. A d\u00f3mkamera ir\u00e1nya csak k\u00f6zelr\u0151l ismerhet\u0151 fel. Az ut\u00f3bbi kialak\u00edt\u00e1sn\u00e1l a kamera egy \u00fcvegkupola alatt helyezkedik el, amelyen bel\u00fcl a kamera - PTZ v\u00e1ltozatban - 355 fokban elforgathat\u00f3 \u00e9s kb. 75 fokban d\u00f6nthet\u0151.<br>A kamera fekete sz\u00edne miatt alig l\u00e1that\u00f3 az \u00fcvegkupola alatt, nem is besz\u00e9lve az \u00e1ltala lefedett ter\u00fcletr\u0151l.<\/p>\n\n\n\n<p class=\"wp-block-paragraph\">Mindk\u00e9t kialak\u00edt\u00e1s k\u00f6z\u00f6s jellemz\u0151je, hogy fix f\u00f3kusszal, motoros zoom funkci\u00f3val \u00e9s IR di\u00f3d\u00e1kkal (\u00e9jjell\u00e1t\u00f3), WLAN, LAN csatlakoz\u00e1ssal \u00e9s POE (Power Over Ethernet) funkci\u00f3val is felszerelhet\u0151k. A POE v\u00e1ltozatban nincs sz\u00fcks\u00e9g k\u00fcl\u00f6n t\u00e1pegys\u00e9gre a t\u00e1pell\u00e1t\u00e1shoz, ha a kapcsol\u00f3 biztos\u00edtja a POE-t. Ez a v\u00e1ltozat a legjobb v\u00e1laszt\u00e1s.<\/p>\n\n\n\n<p class=\"wp-block-paragraph\">T\u00e1volodjon el a WLAN-t\u00f3l. Egyszer\u0171 WLAN-ad\u00f3k el\u00e9gs\u00e9gesek ahhoz, hogy a kamer\u00e1kat m\u0171k\u00f6d\u00e9sk\u00e9ptelenn\u00e9 tegy\u00e9k. Megfelel\u0151 CAT.6 k\u00e1belez\u00e9s \u00e9s nagy teljes\u00edtm\u00e9ny\u0171, kezelhet\u0151 switchek n\u00e9lk\u00fcl nincs \u00e9rtelme a komoly videofel\u00fcgyeletnek!<\/p>\n\n\n\n<p class=\"wp-block-paragraph\">Az alkalmaz\u00e1st\u00f3l f\u00fcgg, hogy sz\u00fcks\u00e9g van-e zoom funkci\u00f3ra. Ha a kamera helye t\u00e1volabb van a megfigyelend\u0151 ter\u00fclett\u0151l, akkor egy zoom funkci\u00f3val \u00e9s j\u00f3 (!) infrav\u00f6r\u00f6s megvil\u00e1g\u00edt\u00e1ssal rendelkez\u0151 kamera aj\u00e1nlott, esetleg tov\u00e1bbi reflektorok haszn\u00e1lat\u00e1val.<br>A zoom funkci\u00f3t illet\u0151en k\u00fcl\u00f6nbs\u00e9get kell tenni a digit\u00e1lis \u00e9s az optikai zoom k\u00f6z\u00f6tt; az optikai zoom el\u0151nyben r\u00e9szes\u00edtend\u0151. A digit\u00e1lis zoom eset\u00e9n a pixelesed\u00e9s nagyon gyorsan \u00e9szrevehet\u0151.<\/p>\n\n\n\n<p class=\"wp-block-paragraph\">A motoros p\u00e1szt\u00e1z\u00e1si\/d\u00f6nt\u00e9si vagy zoomol\u00e1si funkci\u00f3 el\u0151ny\u00f6sebb, ha a k\u00e9peket \u00e1lland\u00f3an figyelik, \u00e9s manu\u00e1lis objektumk\u00f6vet\u00e9sre van sz\u00fcks\u00e9g.<\/p>\n\n\n\n<p class=\"wp-block-paragraph\">A felismert t\u00e1rgyakat automatikusan k\u00f6vet\u0151 kamer\u00e1k n\u00e9gysz\u00e1mjegy\u0171 eur\u00f3tartom\u00e1nyban mozognak. Ezeket a k\u00f6z- \u00e9s ipari alkalmaz\u00e1si forgat\u00f3k\u00f6nyvekben haszn\u00e1lj\u00e1k.<\/p>\n\n\n\n<p class=\"wp-block-paragraph\">A PTZ (Pan Tilt Zoom) felirat azt jelzi, hogy a kamera v\u00edzszintesen \u00e9s f\u00fcgg\u0151legesen is forgathat\u00f3, valamint az objekt\u00edv zoomolhat\u00f3.<\/p>\n\n\n\n<p class=\"wp-block-paragraph\">Ha egy kamera hangfunkci\u00f3t biztos\u00edt, k\u00fcl\u00f6nbs\u00e9get kell tenni, hogy egyir\u00e1ny\u00fa (hangfelv\u00e9tel) vagy k\u00e9tir\u00e1ny\u00fa (hangfelv\u00e9tel \u00e9s lej\u00e1tsz\u00e1s) hangr\u00f3l van-e sz\u00f3.<br><br><\/p>\n\n\n\n<h2 class=\"wp-block-heading\"><span class=\"ez-toc-section\" id=\"Das_richtige_Objektiv\"><\/span>A megfelel\u0151 lencse<span class=\"ez-toc-section-end\"><\/span><\/h2>\n\n\n\n<p class=\"wp-block-paragraph\">A tervezett felhaszn\u00e1l\u00e1st\u00f3l \u00e9s a k\u00f6lts\u00e9gvet\u00e9st\u0151l f\u00fcgg\u0151en k\u00fcl\u00f6nb\u00f6z\u0151 objekt\u00edvkonfigur\u00e1ci\u00f3k k\u00f6z\u00fcl lehet v\u00e1lasztani. Hogy mit kell figyelembe vennie, azt itt ismertetj\u00fck.<\/p>\n\n\n\n<p class=\"wp-block-paragraph\">A f\u00e9nyk\u00e9pez\u00e9shez hasonl\u00f3an a f\u00e9nyer\u0151ss\u00e9gnek k\u00fcl\u00f6n\u00f6s jelent\u0151s\u00e9ge van, k\u00fcl\u00f6n\u00f6sen az \u00e9jszakai l\u00e1t\u00e1s szempontj\u00e1b\u00f3l. Min\u00e9l kisebb ez az \u00e9rt\u00e9k (pl. f = 1,2), min\u00e9l nagyobbak a lencs\u00e9k, ann\u00e1l t\u00f6bb f\u00e9ny \u00e1ll a k\u00e9p\u00e9rz\u00e9kel\u0151 rendelkez\u00e9s\u00e9re a feldolgoz\u00e1shoz.<br>Az \u00e9rz\u00e9kel\u0151 f\u00e9ny\u00e9rz\u00e9kenys\u00e9g\u00e9t luxban adj\u00e1k meg, \u00e9s \u00e1ltal\u00e1ban 0,001 ... 0 lux.<\/p>\n\n\n\n<p class=\"wp-block-paragraph\">A gy\u00fajt\u00f3t\u00e1vols\u00e1g hat\u00e1rozza meg a felvett ter\u00fcletet. A megfelel\u0151 f\u00f3kuszt\u00e1vols\u00e1g meghat\u00e1roz\u00e1s\u00e1nak legjobb m\u00f3dja a rajzol\u00e1s. A szok\u00e1sos fix f\u00f3kuszt\u00e1vols\u00e1gok a 2,8 mm, 80 ... 100 fok.<\/p>\n\n\n\n<p class=\"wp-block-paragraph\">Min\u00e9l hosszabb a gy\u00fajt\u00f3t\u00e1vols\u00e1g (zoomobjekt\u00edvekn\u00e9l), ann\u00e1l kisebb a l\u00e1t\u00f3mez\u0151 (12 mm -&gt; 31,6 fok), min\u00e9l r\u00f6videbb a gy\u00fajt\u00f3t\u00e1vols\u00e1g, ann\u00e1l nagyobb a l\u00e1t\u00f3mez\u0151 (2,8 mm -&gt; 96,7 fok).<\/p>\n\n\n\n<p class=\"wp-block-paragraph\">A k\u00e9t kamera k\u00f6z\u00f6tti t\u00e1vols\u00e1gnak olyannak kell lennie, hogy a megfigyelend\u0151 objektum ne legyen 5 m\u00e9tern\u00e9l t\u00e1volabb. Ennek oka egyszer\u0171: egy arc vagy rendsz\u00e1mt\u00e1bla m\u00e9g \u00e9jszaka is olyan m\u00e9rt\u00e9kben nagy\u00edthat\u00f3 legyen, hogy pixelesed\u00e9s n\u00e9lk\u00fcl j\u00f3l felismerhet\u0151 maradjon. A 10 m\u00e9teres t\u00e1vols\u00e1g nappal m\u00e9g megval\u00f3s\u00edthat\u00f3, de \u00e9jszaka m\u00e1r nem. Kieg\u00e9sz\u00edt\u0151 f\u00e9nysz\u00f3r\u00f3k n\u00e9lk\u00fcl ez mindenk\u00e9ppen a hat\u00e1r.<br><br><\/p>\n\n\n\n<h2 class=\"wp-block-heading\"><span class=\"ez-toc-section\" id=\"Empfehlenswerte_Dome-Kameras\"><\/span>Aj\u00e1nlott (dome) kamer\u00e1k<span class=\"ez-toc-section-end\"><\/span><\/h2>\n\n\n\n<p class=\"wp-block-paragraph\"><strong><a href=\"https:\/\/www.amazon.de\/gp\/product\/B0722Y959N\/ref=as_li_tl?ie=UTF8&amp;tag=csiag-21&amp;camp=1638&amp;creative=6742&amp;linkCode=as2&amp;creativeASIN=B0722Y959N&amp;linkId=3296070acfebccc2f65a4d4cf677628c\" target=\"_blank\" rel=\"noreferrer noopener\">HIKVISION 2CD2155FWD-I<\/a><\/strong><\/p>\n\n\n\n<p class=\"wp-block-paragraph\">Fix f\u00f3kusz<br>- 2,8 mm 80,0\u00b0<br>- 4,0 mm 63,5\u00b0<br>- 8,0 mm 33,0\u00b0<br>- 12,0 mm 16,0\u00b0<\/p>\n\n\n\n<p class=\"wp-block-paragraph\">Felbont\u00e1s 20 \/ 25 fps 2560 \u00d7 1920 px<br><\/p>\n\n\n\n<p class=\"wp-block-paragraph\"><a href=\"https:\/\/www.amazon.de\/gp\/product\/B07MLJJ357\/ref=as_li_tl?ie=UTF8&amp;tag=csiag-21&amp;camp=1638&amp;creative=6742&amp;linkCode=as2&amp;creativeASIN=B07MLJJ357&amp;linkId=735ba5d3076d08d4d8de3aea45e93fd1\" target=\"_blank\" rel=\"noreferrer noopener\"><strong>HIKVISION DS-2DE2A404IW-EN3<\/strong> (PTZ)<\/a><\/p>\n\n\n\n<p class=\"wp-block-paragraph\">V\u00e1ltoz\u00f3 gy\u00fajt\u00f3t\u00e1vols\u00e1g\u00fa 2.8 ... 12 mm, opt. zoom, 100\u00b0 ... 30\u00b0<br>Felbont\u00e1s 2560 x 1440 px<br><\/p>\n\n\n\n<p class=\"wp-block-paragraph\"><strong><a href=\"https:\/\/www.amazon.de\/gp\/product\/B07MLJJ357\/ref=as_li_tl?ie=UTF8&amp;tag=csiag-21&amp;camp=1638&amp;creative=6742&amp;linkCode=as2&amp;creativeASIN=B07MLJJ357&amp;linkId=62ff016e4449fee4fcfacd8489a52f49\" target=\"_blank\" rel=\"noreferrer noopener\">H<\/a><\/strong><a href=\"https:\/\/www.amazon.de\/gp\/product\/B07MLJJ357\/ref=as_li_tl?ie=UTF8&amp;tag=csiag-21&amp;camp=1638&amp;creative=6742&amp;linkCode=as2&amp;creativeASIN=B07MLJJ357&amp;linkId=62ff016e4449fee4fcfacd8489a52f49\" target=\"_blank\" rel=\"noreferrer noopener\"><strong>IKVISION DS-2DE3A404IW-EN\/W<\/strong> (PTZ, k\u00e9tir\u00e1ny\u00fa hang)<\/a><\/p>\n\n\n\n<p class=\"wp-block-paragraph\">V\u00e1ltoz\u00f3 gy\u00fajt\u00f3t\u00e1vols\u00e1g\u00fa 2.8 ... 12 mm, optikai zoom, 96,7\u00b0 ... 31,6\u00b0<br><meta charset=\"utf-8\">Felbont\u00e1s 20 \/ 25 fps 2560 \u00d7 1440 px<br><br><\/p>\n\n\n\n<h2 class=\"wp-block-heading\"><span class=\"ez-toc-section\" id=\"IR-Zusatzscheinwerfer\"><\/span>IR kieg\u00e9sz\u00edt\u0151 reflektor<span class=\"ez-toc-section-end\"><\/span><\/h2>\n\n\n\n<p class=\"wp-block-paragraph\">Az IR kieg\u00e9sz\u00edt\u0151 reflektorok felszerel\u00e9s\u00e9hez t\u00e1pegys\u00e9gre van sz\u00fcks\u00e9g, \u00e1ltal\u00e1ban 230 V, ritk\u00e1bban 12\/24 V egyen\u00e1ramra.<\/p>\n\n\n\n<p class=\"wp-block-paragraph\">A reflektorok nem takarhatj\u00e1k el a f\u00e9nyk\u00e9pez\u0151g\u00e9p lencs\u00e9j\u00e9t, k\u00fcl\u00f6nben az elk\u00e1pr\u00e1ztatja, \u00e9s ez\u00e9rt h\u00e1tt\u00e9rbe szorul.<br>Azt is ellen\u0151rizni kell, hogy a kamera a l\u00e1that\u00f3 vagy l\u00e1thatatlan tartom\u00e1nyban \u00e9rz\u00e9keny-e az IR-re. A tov\u00e1bbi reflektorokat ennek megfelel\u0151en kell kiv\u00e1lasztani.<\/p>\n\n\n\n<p class=\"wp-block-paragraph\">Az 500 eur\u00f3 k\u00f6r\u00fcli \u00e1rszegmensben \u00e1ltal\u00e1ban l\u00e1that\u00f3 infrav\u00f6r\u00f6s f\u00e9nyt (s\u00f6t\u00e9tv\u00f6r\u00f6s 850 nm) kibocs\u00e1t\u00f3 infrav\u00f6r\u00f6s di\u00f3d\u00e1kat szerelnek be. A l\u00e1thatatlan IR-tartom\u00e1nyban (940 nm) m\u0171k\u00f6d\u0151 IR-di\u00f3d\u00e1kkal felszerelt f\u00e9nyk\u00e9pez\u0151g\u00e9pek ezen \u00e1rhat\u00e1r felett vannak. Ez vonatkozik a megfelel\u0151 IR reflektorokra is.<\/p>\n\n\n\n<p class=\"wp-block-paragraph\">A Raytec nagyon j\u00f3 850 \/ 940 nm-es IR reflektorok nagy v\u00e1laszt\u00e9k\u00e1t k\u00edn\u00e1lja a 250 ... 2 000 eur\u00f3 darabonk\u00e9nt (pl. l\u00e1that\u00f3 IR 850 nm-es 850 nm-es <a href=\"https:\/\/www.amazon.de\/gp\/product\/B008ZD8QJG\/ref=as_li_tl?ie=UTF8&amp;tag=csiag-21&amp;camp=1638&amp;creative=6742&amp;linkCode=as2&amp;creativeASIN=B008ZD8QJG&amp;linkId=32ce84f01f2278c7d732e4448cb67971\" target=\"_blank\" rel=\"noreferrer noopener\">RM100 PLT-AI-120<\/a>).<br>A viszonylag magas \u00e1r a kiv\u00e1lasztott IR-di\u00f3d\u00e1k kiz\u00e1r\u00f3lagos haszn\u00e1lat\u00e1nak, a kiv\u00e1l\u00f3 h\u0151elvezet\u00e9snek \u00e9s a kifinomult energiakoncepci\u00f3nak k\u00f6sz\u00f6nhet\u0151, ami nagyon hossz\u00fa \u00e9lettartamot eredm\u00e9nyez.<\/p>\n\n\n\n<p class=\"wp-block-paragraph\">A l\u00e1that\u00f3 infrav\u00f6r\u00f6s tartom\u00e1nyban \u00e1ll\u00edt\u00f3lag olcs\u00f3 spotl\u00e1mp\u00e1k a k\u00e9t- vagy h\u00e1romsz\u00e1mjegy\u0171 eur\u00f3tartom\u00e1nyban mozognak. N\u00e9melyik\u00fck IR-di\u00f3d\u00e1i azonban r\u00f6vid id\u0151n bel\u00fcl meghib\u00e1sodnak, valamint nagyon inhomog\u00e9n a megvil\u00e1g\u00edt\u00e1s, mivel sem \u00e1lland\u00f3 t\u00e1pell\u00e1t\u00e1s, sem szil\u00e1rd h\u0151elvezet\u00e9s nem biztos\u00edtott.<\/p>\n\n\n\n<p class=\"wp-block-paragraph\">Tartsa t\u00e1vol mag\u00e1t az \u00e1ll\u00edt\u00f3lagosan olcs\u00f3 aj\u00e1nlatokt\u00f3l. Ha olcs\u00f3n v\u00e1s\u00e1rol, akkor k\u00e9tszeresen, teh\u00e1t dr\u00e1g\u00e1bban v\u00e1s\u00e1rol.<br><br><\/p>\n\n\n\n<h2 class=\"wp-block-heading\"><span class=\"ez-toc-section\" id=\"Kamera-Montage_Verkabelung\"><\/span>Kamera felszerel\u00e9se \/ k\u00e1belez\u00e9s<span class=\"ez-toc-section-end\"><\/span><\/h2>\n\n\n\n<p class=\"wp-block-paragraph\">A mag\u00e1nh\u00e1zakn\u00e1l a kamer\u00e1kat \u00e1ltal\u00e1ban az eresz al\u00e1 szerelik, hogy megv\u00e9dj\u00e9k \u0151ket az id\u0151j\u00e1r\u00e1st\u00f3l. A k\u00fclt\u00e9ri telep\u00edt\u00e9sre sz\u00e1nt kamer\u00e1kat \u00e1ltal\u00e1ban az IP65-\u00f6s szabv\u00e1nynak megfelel\u0151en tervezik, azaz es\u0151nek vagy h\u00f3nak is ki vannak t\u00e9ve.<\/p>\n\n\n\n<p class=\"wp-block-paragraph\">Ha egy n\u00e9gyzet, t\u00e9glalap vagy L alak\u00fa \u00e9p\u00fcletet szeretne megfigyelni, nyolc kamer\u00e1ra lesz sz\u00fcks\u00e9ge: kett\u0151re az \u00e9p\u00fclet minden sark\u00e1ban. \u00cdgy k\u00e9t kamera egyszerre egy l\u00e1togat\u00f3t r\u00f6gz\u00edt. Teh\u00e1t az egyik mindig az arc\u00e1t fogja r\u00f6gz\u00edteni.<\/p>\n\n\n\n<p class=\"wp-block-paragraph\">A LAN-k\u00e1beleket lehet\u0151leg nem szerel\u0151k\u00e1belk\u00e9nt, hanem el\u0151re \u00f6ssze\u00e1ll\u00edtott k\u00e1belek form\u00e1j\u00e1ban kell lefektetni. Ez egyr\u00e9szt k\u00f6lts\u00e9ghat\u00e9konyabb, mivel nincs sz\u00fcks\u00e9g csatlakoz\u00f3dobozokra, m\u00e1sr\u00e9szt elker\u00fclhet\u0151ek a hibaforr\u00e1sok a szerel\u0151szersz\u00e1mon kereszt\u00fcl elv\u00e9gzend\u0151 csatlakoz\u00f3 \u00e9rintkez\u00e9sek tekintet\u00e9ben, \u00e9s a megfelel\u0151 munkaid\u0151 is megtakar\u00edthat\u00f3.<\/p>\n\n\n\n<p class=\"wp-block-paragraph\">Nyolc kamer\u00e1val egy <a href=\"https:\/\/www.amazon.de\/gp\/product\/B01G55FYU4\/ref=as_li_tl?ie=UTF8&amp;tag=csiag-21&amp;camp=1638&amp;creative=6742&amp;linkCode=as2&amp;creativeASIN=B01G55FYU4&amp;linkId=1635b0846f4d570eeebc242e91962f61\" target=\"_blank\" rel=\"noreferrer noopener\">10 portos kapcsol\u00f3<\/a>nyolc csatlakoz\u00e1s a kamer\u00e1khoz \u00e9s egy a routerhez vagy NVR-hez (h\u00e1l\u00f3zati videor\u00f6gz\u00edt\u0151) vezet\u0151 kimen\u0151 vonalhoz.<br>Az egyszer\u0171 kapcsol\u00f3kat ker\u00fclni kell, mivel a 16 nagy felbont\u00e1s\u00fa kamera adatforgalma jelent\u0151s, \u00e9s gyorsan meghaladja az \"olcs\u00f3\" kapcsol\u00f3k teljes\u00edtm\u00e9ny\u00e9nek hat\u00e1rait.<\/p>\n\n\n\n<p class=\"wp-block-paragraph\">Term\u00e9szetesen sz\u00fcks\u00e9g van egy 230 V-os t\u00e1pvezet\u00e9kre a kapcsol\u00f3 aljzat\u00e1val, amelyet sz\u00fcks\u00e9g eset\u00e9n a tet\u0151teraszon k\u00f6zpontilag lehet elhelyezni.<br><br><\/p>\n\n\n\n<h2 class=\"wp-block-heading\"><span class=\"ez-toc-section\" id=\"NVR\"><\/span>NVR<span class=\"ez-toc-section-end\"><\/span><\/h2>\n\n\n\n<p class=\"wp-block-paragraph\">Az NVR lehet\u0151s\u00e9get k\u00edn\u00e1l a kamer\u00e1k vide\u00f3folyamainak hosszabb id\u0151n kereszt\u00fcl t\u00f6rt\u00e9n\u0151 ment\u00e9s\u00e9re. A r\u00f6gz\u00edt\u00e9si id\u0151tartam a telep\u00edtett merevlemezek kapacit\u00e1s\u00e1t\u00f3l f\u00fcgg. K\u00f6r\u00fclbel\u00fcl 8 TB (Tera Byte) t\u00e1rhely eset\u00e9n 16 kamer\u00e1r\u00f3l ak\u00e1r nyolc h\u00e9t videoanyag is r\u00f6gz\u00edthet\u0151 nagy felbont\u00e1s\u00fa \u00fczemm\u00f3dban (pl. az NVR <a href=\"https:\/\/www.amazon.de\/gp\/product\/B01EQD427I\/ref=as_li_tl?ie=UTF8&amp;tag=csiag-21&amp;camp=1638&amp;creative=6742&amp;linkCode=as2&amp;creativeASIN=B01EQD427I&amp;linkId=17c7ea60f3445a4a11185b93e11619f9\" target=\"_blank\" rel=\"noreferrer noopener\">Hikvision DS-7716NI-E4-16P<\/a>).<\/p>\n\n\n\n<p class=\"wp-block-paragraph\">Az NVR-t \u00e1ltal\u00e1ban merevlemezek n\u00e9lk\u00fcl sz\u00e1ll\u00edtj\u00e1k. A merevlemezek beszerel\u00e9se viszonylag k\u00f6nnyen megoldhat\u00f3 a nem szakemberek sz\u00e1m\u00e1ra is. A v\u00e1laszt\u00e1sn\u00e1l csak a merevlemezek fizikai m\u00e9reteit \u00e9s a vez\u00e9rl\u0151 maxim\u00e1lisan t\u00e1mogatott mem\u00f3riam\u00e9ret\u00e9t kell figyelembe venni TB-ban.<\/p>\n\n\n\n<p class=\"wp-block-paragraph\">A folyamatos m\u0171k\u00f6d\u00e9sre alkalmas merevlemezeket NAS (Network Attached Storage) rendszerekben val\u00f3 haszn\u00e1latra kell tan\u00fas\u00edtani, pl. a sorozat <a href=\"https:\/\/www.amazon.de\/gp\/product\/B077S24WW4\/ref=as_li_tl?ie=UTF8&amp;tag=csiag-21&amp;camp=1638&amp;creative=6742&amp;linkCode=as2&amp;creativeASIN=B077S24WW4&amp;linkId=2aaba71c6c4b6760ee4710b387859bdf\" target=\"_blank\" rel=\"noreferrer noopener\">V\u00f6r\u00f6s a Western Digital-t\u00f3l 8 TB-os<\/a> kapacit\u00e1s. MTBF-j\u00fck (Mean Time Between Failure) k\u00f6r\u00fclbel\u00fcl k\u00e9tszerese a norm\u00e1l merevlemezek\u00e9nek, azaz 1,2 milli\u00f3 \u00f3ra. Ezen t\u00falmen\u0151en a gy\u00e1rt\u00f3i garanciaid\u0151nek legal\u00e1bb 5 \u00e9vnek kell lennie.<br><br><\/p>\n\n\n\n<p class=\"wp-block-paragraph\"><\/p>","protected":false},"excerpt":{"rendered":"<p><span class=\"span-reading-time rt-reading-time\" style=\"display: block;\"><span class=\"rt-label rt-prefix\">Olvas\u00e1si id\u0151<\/span> <span class=\"rt-time\"> 5<\/span> <span class=\"rt-label rt-postfix\">percek<\/span><\/span>A vide\u00f3megfigyel\u00e9s egyre fontosabb\u00e1 v\u00e1lik, mivel a bet\u00f6r\u00e9sek, lop\u00e1sok \u00e9s egy\u00e9b b\u0171ncselekm\u00e9nyek sz\u00e1ma n\u00f6vekszik. Van \u00e9rtelme videokamer\u00e1kkal felszerelni otthon\u00e1t \u00e9s udvar\u00e1t. Egyr\u00e9szt elrettent\u00e9sk\u00e9nt, m\u00e1sr\u00e9szt az\u00e9rt, hogy sz\u00fcks\u00e9g eset\u00e9n azonos\u00edtani lehessen a bet\u00f6r\u0151t. A k\u00edn\u00e1lat szinte \u00e1ttekinthetetlen. Az \u00e1rak k\u00e9t \u00e9s n\u00e9gy sz\u00e1mjegy\u0171 eur\u00f3 k\u00f6z\u00f6tt mozognak. A min\u0151s\u00e9gi k\u00fcl\u00f6nbs\u00e9gek ennek megfelel\u0151en....&nbsp;<a href=\"https:\/\/csiag.eu\/hu\/blog\/2021\/08\/21\/video-ueberwachung\/\" rel=\"bookmark\">Olvass tov\u00e1bb \"<span class=\"screen-reader-text\">Vide\u00f3fel\u00fcgyelet<\/span><\/a><\/p>","protected":false},"author":1,"featured_media":0,"comment_status":"open","ping_status":"open","sticky":false,"template":"","format":"standard","meta":{"_lmt_disableupdate":"","_lmt_disable":"","neve_meta_sidebar":"","neve_meta_container":"","neve_meta_enable_content_width":"","neve_meta_content_width":0,"neve_meta_title_alignment":"","neve_meta_author_avatar":"","neve_post_elements_order":"","neve_meta_disable_header":"","neve_meta_disable_footer":"","neve_meta_disable_title":"","footnotes":""},"categories":[901,360,330,331],"tags":[1045,1036,1029,1031,1030,1033,972,1038,1039,971,838,1043,1037,1046,1044,1035,1041,786,1034,1040,1042,1028,1027,1047,563,1032,465],"class_list":["post-571","post","type-post","status-publish","format-standard","hentry","category-alarmanlage","category-haus-und-garten","category-video-ueberwachung","category-vier-monitore-am-mac-mini-m1","tag-auflegewerkzeug","tag-brennweite","tag-bullet","tag-cat-6","tag-dome","tag-fixfokus","tag-hikvision","tag-ir","tag-ir-scheinwerfer","tag-kamera","tag-lan","tag-lan-kabel","tag-lichtempfindlichkeit","tag-nas","tag-nvr","tag-objektiv","tag-outdoor","tag-poe","tag-ptz","tag-raytec","tag-switch","tag-ueberwachung","tag-video","tag-western-digital","tag-wlan","tag-zoom","tag-zusatzscheinwerfer"],"modified_by":"Achim Goerner","_links":{"self":[{"href":"https:\/\/csiag.eu\/hu\/wp-json\/wp\/v2\/posts\/571","targetHints":{"allow":["GET"]}}],"collection":[{"href":"https:\/\/csiag.eu\/hu\/wp-json\/wp\/v2\/posts"}],"about":[{"href":"https:\/\/csiag.eu\/hu\/wp-json\/wp\/v2\/types\/post"}],"author":[{"embeddable":true,"href":"https:\/\/csiag.eu\/hu\/wp-json\/wp\/v2\/users\/1"}],"replies":[{"embeddable":true,"href":"https:\/\/csiag.eu\/hu\/wp-json\/wp\/v2\/comments?post=571"}],"version-history":[{"count":0,"href":"https:\/\/csiag.eu\/hu\/wp-json\/wp\/v2\/posts\/571\/revisions"}],"wp:attachment":[{"href":"https:\/\/csiag.eu\/hu\/wp-json\/wp\/v2\/media?parent=571"}],"wp:term":[{"taxonomy":"category","embeddable":true,"href":"https:\/\/csiag.eu\/hu\/wp-json\/wp\/v2\/categories?post=571"},{"taxonomy":"post_tag","embeddable":true,"href":"https:\/\/csiag.eu\/hu\/wp-json\/wp\/v2\/tags?post=571"}],"curies":[{"name":"wp","href":"https:\/\/api.w.org\/{rel}","templated":true}]}}