{"id":7704,"date":"2024-07-29T08:29:30","date_gmt":"2024-07-29T08:29:30","guid":{"rendered":"https:\/\/csiag.eu\/?p=7704"},"modified":"2024-07-29T08:33:55","modified_gmt":"2024-07-29T08:33:55","slug":"vezetek-nelkueli-porszivo-lakoautoban","status":"publish","type":"post","link":"https:\/\/csiag.eu\/hu\/blog\/2024\/07\/29\/akku-staubsauger-im-wohnmobil\/","title":{"rendered":"Akkumul\u00e1toros porsz\u00edv\u00f3 a lak\u00f3aut\u00f3ban"},"content":{"rendered":"<div id=\"ez-toc-container\" class=\"ez-toc-v2_0_86 counter-hierarchy ez-toc-counter ez-toc-grey ez-toc-container-direction\">\n<div class=\"ez-toc-title-container\">\n<p class=\"ez-toc-title\" style=\"cursor:inherit\">Tartalomjegyz\u00e9k<\/p>\n<span class=\"ez-toc-title-toggle\"><\/span><\/div>\n<nav><ul class='ez-toc-list ez-toc-list-level-1' ><li class='ez-toc-page-1 ez-toc-heading-level-2'><a class=\"ez-toc-link ez-toc-heading-1\" href=\"https:\/\/csiag.eu\/hu\/blog\/2024\/07\/29\/akku-staubsauger-im-wohnmobil\/#Saugleistung_und_Saugertechnologien\" >Sz\u00edv\u00f3teljes\u00edtm\u00e9ny \u00e9s sz\u00edv\u00e1si technol\u00f3gi\u00e1k<\/a><\/li><li class='ez-toc-page-1 ez-toc-heading-level-2'><a class=\"ez-toc-link ez-toc-heading-2\" href=\"https:\/\/csiag.eu\/hu\/blog\/2024\/07\/29\/akku-staubsauger-im-wohnmobil\/#Reinigungsaufwand\" >Takar\u00edt\u00e1si er\u0151fesz\u00edt\u00e9s<\/a><\/li><li class='ez-toc-page-1 ez-toc-heading-level-2'><a class=\"ez-toc-link ez-toc-heading-3\" href=\"https:\/\/csiag.eu\/hu\/blog\/2024\/07\/29\/akku-staubsauger-im-wohnmobil\/#Favoriten\" >Kedvencek<\/a><\/li><\/ul><\/nav><\/div>\n<span class=\"span-reading-time rt-reading-time\" style=\"display: block;\"><span class=\"rt-label rt-prefix\">Olvas\u00e1si id\u0151<\/span> <span class=\"rt-time\"> 2<\/span> <span class=\"rt-label rt-postfix\">percek<\/span><\/span>\n<p class=\"wp-block-paragraph\">Hacsak nincs 230 V, a lak\u00f3kocsiban a vezet\u00e9k n\u00e9lk\u00fcli porsz\u00edv\u00f3 az egyetlen alternat\u00edva. A nagysz\u00e1m\u00fa term\u00e9kk\u00edn\u00e1lat miatt a v\u00e1laszt\u00e1s meglehet\u0151sen zavar\u00f3.<\/p>\n\n\n\n<p class=\"wp-block-paragraph\">Ha m\u00e1r rendelkezik cser\u00e9lhet\u0151 akkumul\u00e1torokkal egy gy\u00e1rt\u00f3t\u00f3l, akkor term\u00e9szetesen el\u0151nyben fogja r\u00e9szes\u00edteni ennek a gy\u00e1rt\u00f3nak a k\u00e9sz\u00fcl\u00e9keit, (majdnem) f\u00fcggetlen\u00fcl att\u00f3l, hogy a sz\u00edv\u00f3teljes\u00edtm\u00e9ny viszonylag optim\u00e1lis.<\/p>\n\n\n\n<p class=\"wp-block-paragraph\">Azok, akiknek m\u00e9g nincs akkumul\u00e1toros szersz\u00e1muk a fed\u00e9lzeten, teljesen szabadon v\u00e1laszthatnak, \u00e9s a tiszta sz\u00edv\u00f3er\u0151h\u00f6z igazodhatnak.<\/p>\n\n\n\n<h2 class=\"wp-block-heading\"><span class=\"ez-toc-section\" id=\"Saugleistung_und_Saugertechnologien\"><\/span>Sz\u00edv\u00f3teljes\u00edtm\u00e9ny \u00e9s sz\u00edv\u00e1si technol\u00f3gi\u00e1k<span class=\"ez-toc-section-end\"><\/span><\/h2>\n\n\n\n<p class=\"wp-block-paragraph\">A padl\u00f3porsz\u00edv\u00f3khoz hasonl\u00f3an l\u00e9teznek (sz\u00f6vet)zs\u00e1kos vagy ciklonos porsz\u00edv\u00f3k, valamint m\u0171helyporsz\u00edv\u00f3k, amelyek f\u0171r\u00e9szek stb. porsz\u00edv\u00f3z\u00e1s\u00e1ra is alkalmasak. Ez ut\u00f3bbiak m\u00e1r csak m\u00e9ret\u00fck miatt sem alkalmasak lak\u00f3aut\u00f3kba. Az ut\u00f3bbiak egyszer\u0171en m\u00e9ret\u00fck miatt nem alkalmasak lak\u00f3aut\u00f3kba.<\/p>\n\n\n\n<p class=\"wp-block-paragraph\">A technol\u00f3gi\u00e1t\u00f3l f\u00fcggetlen\u00fcl a sz\u00edv\u00f3teljes\u00edtm\u00e9ny m\u00e9rt\u00e9kegys\u00e9ge v\u00e1ltozik. A legt\u00f6bb esetben a specifik\u00e1ci\u00f3t a k\u00f6vetkez\u0151 m\u00e9rt\u00e9kegys\u00e9gben adj\u00e1k meg <em>Pa<\/em> (<em>Pascal<\/em>), hanem a <em>mbar<\/em> (<em>Millibar<\/em>) (100 Pa = 1 mbar, 1 kPa = 10 mbar).<\/p>\n\n\n\n<p class=\"wp-block-paragraph\">A robotporsz\u00edv\u00f3k teljes\u00edtm\u00e9nye 2 ... 5 kPa, a zsin\u00f3rral m\u0171k\u00f6d\u0151 porsz\u00edv\u00f3k 13 ... 22 kPa, a nagy teljes\u00edtm\u00e9ny\u0171 porsz\u00edv\u00f3k el\u00e9rik a 30 ... 40 kPa-t, a vezet\u00e9k n\u00e9lk\u00fcli porsz\u00edv\u00f3k pedig figyelemre m\u00e9lt\u00f3 18 kPa-t \u00e9rnek el.<\/p>\n\n\n\n<p class=\"wp-block-paragraph\">M\u00edg a hangos \u00e9s nagy energiaig\u00e9ny\u0171 ciklon a centrifug\u00e1lis er\u0151t haszn\u00e1lja a por zs\u00e1k n\u00e9lk\u00fcli gy\u0171jt\u0151kos\u00e1rba sz\u00e1ll\u00edt\u00e1s\u00e1ra, addig a mindk\u00e9t szak\u00e1gban m\u00e9rs\u00e9keltebb kompresszoros porsz\u00edv\u00f3 az \u00e1raml\u00e1sra optimaliz\u00e1lt l\u00e9glap\u00e1tokkal biztos\u00edtja, hogy a por egy zs\u00e1kba vagy m\u00e1s gy\u0171jt\u0151tart\u00e1lyba ker\u00fclj\u00f6n. A vezet\u00e9k n\u00e9lk\u00fcli porsz\u00edv\u00f3k \u00e1ltal\u00e1ban a kompresszoros elvet haszn\u00e1lj\u00e1k. Annak \u00e9rdek\u00e9ben, hogy a porszemcs\u00e9k ne ker\u00fcljenek a motorba, egy sz\u0171r\u0151 v\u00e9di azt. A h\u00e1z a por \u00f6sszegy\u0171jt\u00e9s\u00e9re szolg\u00e1l.<\/p>\n\n\n\n<p class=\"wp-block-paragraph\">A ciklonporsz\u00edv\u00f3k leg\u00fajabb gener\u00e1ci\u00f3ja k\u00e9t vagy ak\u00e1r h\u00e1rom sz\u0171r\u0151fokozattal dolgozik, hogy megakad\u00e1lyozza a por felhalmoz\u00f3d\u00e1s\u00e1t az \u00e1raml\u00e1si \u00fatvonalban, de ez id\u0151vel n\u00f6veli a k\u00f6lts\u00e9geket.<\/p>\n\n\n\n<h2 class=\"wp-block-heading\"><span class=\"ez-toc-section\" id=\"Reinigungsaufwand\"><\/span>Takar\u00edt\u00e1si er\u0151fesz\u00edt\u00e9s<span class=\"ez-toc-section-end\"><\/span><\/h2>\n\n\n\n<p class=\"wp-block-paragraph\">A legt\u00f6bb vezet\u00e9k n\u00e9lk\u00fcli porsz\u00edv\u00f3 a port a porsz\u00edv\u00f3h\u00e1zban gy\u0171jti \u00f6ssze. Porsz\u00edv\u00f3z\u00e1s ut\u00e1n a motorh\u00e1z als\u00f3 r\u00e9sz\u00e9t a felold\u00e1s\u00e1val kivessz\u00fck, ki\u00fcr\u00edtj\u00fck \u00e9s kir\u00e1zzuk a sz\u0171r\u0151t.<\/p>\n\n\n\n<p class=\"wp-block-paragraph\">A ciklon tiszt\u00edt\u00e1sa, f\u00fcggetlen\u00fcl att\u00f3l, hogy vezet\u00e9k n\u00e9lk\u00fcli vagy vezet\u00e9kes porsz\u00edv\u00f3r\u00f3l van sz\u00f3, jelent\u0151s er\u0151fesz\u00edt\u00e9ssel j\u00e1r. Nemcsak a portart\u00e1lyt kell ki\u00fcr\u00edteni, hanem a teljes leveg\u0151 \u00fatj\u00e1t is meg kell tiszt\u00edtani, ha a teljes sz\u00edv\u00f3teljes\u00edtm\u00e9nyt meg akarjuk tartani. A legt\u00f6bb esetben csak a portart\u00e1ly ki\u00fcr\u00edt\u00e9s\u00e9re szor\u00edtkozik, de hossz\u00fa t\u00e1von vesz\u00edt a sz\u00edv\u00f3er\u0151b\u0151l.<\/p>\n\n\n\n<h2 class=\"wp-block-heading\"><span class=\"ez-toc-section\" id=\"Favoriten\"><\/span>Kedvencek<span class=\"ez-toc-section-end\"><\/span><\/h2>\n\n\n\n<p class=\"wp-block-paragraph\">Az \u00e1r-teljes\u00edtm\u00e9ny ar\u00e1nyt tekintve a \"gy\u0151zelem\" pontatlan kifejez\u00e9s lenne, mivel a k\u00e9t k\u00e9sz\u00fcl\u00e9k nem ugyanabban az \u00e1rszegmensben van.<\/p>\n\n\n\n<p class=\"wp-block-paragraph\">A legkedvez\u0151bb aj\u00e1nlat 18 kPa \u00e9rt\u00e9kkel a Makita kompresszoros porsz\u00edv\u00f3. <a href=\"https:\/\/www.makita.de\/product\/dcl284f.html#tab_content_3\" target=\"_blank\" rel=\"noreferrer noopener\">DCL284F<\/a> 18 kPa \u00e9rt\u00e9kkel, k\u00f6r\u00fclbel\u00fcl 124 eur\u00f3\u00e9rt. A teljes\u00edtm\u00e9ny h\u00e1rom fokozatban szab\u00e1lyozhat\u00f3 200 ... 125 W k\u00f6z\u00f6tt h\u00e1rom fokozatban.<\/p>\n\n\n\n<p class=\"wp-block-paragraph\">A 45 kPa ellenf\u00e9l <a href=\"https:\/\/www.amazon.de\/dp\/B0D12H7B22?tag=top5-test-21&amp;linkCode=osi&amp;th=1&amp;psc=1&amp;ascsubtag=ecSEP5iosjlz6ptspz\" target=\"_blank\" rel=\"noreferrer noopener\">Anyson csillagok 5<\/a> 250 eur\u00f3 k\u00f6r\u00fcli \u00e1ron egy ciklon saj\u00e1t akkumul\u00e1toros rendszerrel \u00e9s fix 550 W-os teljes\u00edtm\u00e9ny\u0171, j\u00f3 egy\u00f3r\u00e1s haszn\u00e1latra.<\/p>","protected":false},"excerpt":{"rendered":"<p><span class=\"span-reading-time rt-reading-time\" style=\"display: block;\"><span class=\"rt-label rt-prefix\">Olvas\u00e1si id\u0151<\/span> <span class=\"rt-time\"> 2<\/span> <span class=\"rt-label rt-postfix\">percek<\/span><\/span>Hacsak nincs 230 V, a lak\u00f3kocsiban a vezet\u00e9k n\u00e9lk\u00fcli porsz\u00edv\u00f3 az egyetlen alternat\u00edva. A nagysz\u00e1m\u00fa term\u00e9kk\u00edn\u00e1lat miatt a v\u00e1laszt\u00e1s meglehet\u0151sen zavar\u00f3. Ha m\u00e1r rendelkezik egy gy\u00e1rt\u00f3 cser\u00e9lhet\u0151 akkumul\u00e1toraival, akkor term\u00e9szetesen ennek a gy\u00e1rt\u00f3nak a k\u00e9sz\u00fcl\u00e9keit fogja el\u0151nyben r\u00e9szes\u00edteni, (majdnem) f\u00fcggetlen\u00fcl att\u00f3l, hogy a sz\u00edv\u00f3teljes\u00edtm\u00e9ny viszonylag optim\u00e1lis-e. Akiknek m\u00e9g nincsenek akkumul\u00e1toros szersz\u00e1maik...&nbsp;<a href=\"https:\/\/csiag.eu\/hu\/blog\/2024\/07\/29\/akku-staubsauger-im-wohnmobil\/\" rel=\"bookmark\">Olvass tov\u00e1bb \"<span class=\"screen-reader-text\">Akkumul\u00e1toros porsz\u00edv\u00f3 a lak\u00f3aut\u00f3ban<\/span><\/a><\/p>","protected":false},"author":1,"featured_media":0,"comment_status":"open","ping_status":"open","sticky":false,"template":"","format":"standard","meta":{"_lmt_disableupdate":"","_lmt_disable":"","neve_meta_sidebar":"","neve_meta_container":"","neve_meta_enable_content_width":"","neve_meta_content_width":0,"neve_meta_title_alignment":"","neve_meta_author_avatar":"","neve_post_elements_order":"","neve_meta_disable_header":"","neve_meta_disable_footer":"","neve_meta_disable_title":"","footnotes":""},"categories":[3529,304],"tags":[3531,3555,3551,3539,3554,588,3546,3547,3538,3537,3545,447,3553,3542,3543,3540,3541,3534,3533,3532,3548,3549,3550,3530,3544,3536,3535,3552],"class_list":["post-7704","post","type-post","status-publish","format-standard","hentry","category-staubsauger","category-wohnmobil","tag-akku-staubsauger","tag-anyson-stars-5","tag-beutellos","tag-bodenstaubsauger","tag-dcl284f","tag-filter","tag-filterbeutel","tag-filterstufe","tag-kompessorsauger","tag-kompressor","tag-kompressorstaubsauger","tag-leistung","tag-makita","tag-mbar","tag-millibar","tag-pa","tag-pascal","tag-saugertechnologie","tag-saugleistung","tag-saugroboter","tag-staub","tag-staubaufkommen","tag-staubbeutel","tag-staubsauger","tag-werkstattsauger","tag-zyklon","tag-zyklonsauger","tag-zyklonstaubsauger"],"modified_by":"Achim Goerner","_links":{"self":[{"href":"https:\/\/csiag.eu\/hu\/wp-json\/wp\/v2\/posts\/7704","targetHints":{"allow":["GET"]}}],"collection":[{"href":"https:\/\/csiag.eu\/hu\/wp-json\/wp\/v2\/posts"}],"about":[{"href":"https:\/\/csiag.eu\/hu\/wp-json\/wp\/v2\/types\/post"}],"author":[{"embeddable":true,"href":"https:\/\/csiag.eu\/hu\/wp-json\/wp\/v2\/users\/1"}],"replies":[{"embeddable":true,"href":"https:\/\/csiag.eu\/hu\/wp-json\/wp\/v2\/comments?post=7704"}],"version-history":[{"count":0,"href":"https:\/\/csiag.eu\/hu\/wp-json\/wp\/v2\/posts\/7704\/revisions"}],"wp:attachment":[{"href":"https:\/\/csiag.eu\/hu\/wp-json\/wp\/v2\/media?parent=7704"}],"wp:term":[{"taxonomy":"category","embeddable":true,"href":"https:\/\/csiag.eu\/hu\/wp-json\/wp\/v2\/categories?post=7704"},{"taxonomy":"post_tag","embeddable":true,"href":"https:\/\/csiag.eu\/hu\/wp-json\/wp\/v2\/tags?post=7704"}],"curies":[{"name":"wp","href":"https:\/\/api.w.org\/{rel}","templated":true}]}}