{"id":9568,"date":"2025-03-12T15:37:39","date_gmt":"2025-03-12T15:37:39","guid":{"rendered":"https:\/\/csiag.eu\/?p=9568"},"modified":"2025-10-26T16:58:08","modified_gmt":"2025-10-26T16:58:08","slug":"illoolajok-miert-mukoednek","status":"publish","type":"post","link":"https:\/\/csiag.eu\/hu\/blog\/2025\/03\/12\/aetherische-oele-warum-wirken-sie\/","title":{"rendered":"Ill\u00f3olajok - mi\u00e9rt m\u0171k\u00f6dnek?"},"content":{"rendered":"<div id=\"ez-toc-container\" class=\"ez-toc-v2_0_86 counter-hierarchy ez-toc-counter ez-toc-grey ez-toc-container-direction\">\n<div class=\"ez-toc-title-container\">\n<p class=\"ez-toc-title\" style=\"cursor:inherit\">Tartalomjegyz\u00e9k<\/p>\n<span class=\"ez-toc-title-toggle\"><\/span><\/div>\n<nav><ul class='ez-toc-list ez-toc-list-level-1' ><li class='ez-toc-page-1 ez-toc-heading-level-2'><a class=\"ez-toc-link ez-toc-heading-1\" href=\"https:\/\/csiag.eu\/hu\/blog\/2025\/03\/12\/aetherische-oele-warum-wirken-sie\/#Riechen_und_Schmecken\" >Szagl\u00e1s \u00e9s \u00edzlel\u00e9s<\/a><\/li><li class='ez-toc-page-1 ez-toc-heading-level-2'><a class=\"ez-toc-link ez-toc-heading-2\" href=\"https:\/\/csiag.eu\/hu\/blog\/2025\/03\/12\/aetherische-oele-warum-wirken-sie\/#Wie_funktionieren_Schmerzrezeptoren\" >Hogyan m\u0171k\u00f6dnek a f\u00e1jdalomreceptorok?<\/a><\/li><li class='ez-toc-page-1 ez-toc-heading-level-2'><a class=\"ez-toc-link ez-toc-heading-3\" href=\"https:\/\/csiag.eu\/hu\/blog\/2025\/03\/12\/aetherische-oele-warum-wirken-sie\/#Welche_Rezeptoren_sind_relevant\" >Mely receptorok relev\u00e1nsak?<\/a><\/li><li class='ez-toc-page-1 ez-toc-heading-level-2'><a class=\"ez-toc-link ez-toc-heading-4\" href=\"https:\/\/csiag.eu\/hu\/blog\/2025\/03\/12\/aetherische-oele-warum-wirken-sie\/#Schmerz_bekampft_Schmerz\" >A f\u00e1jdalom k\u00fczd a f\u00e1jdalom ellen?<\/a><ul class='ez-toc-list-level-3' ><li class='ez-toc-heading-level-3'><a class=\"ez-toc-link ez-toc-heading-5\" href=\"https:\/\/csiag.eu\/hu\/blog\/2025\/03\/12\/aetherische-oele-warum-wirken-sie\/#Chemische_Wirkung_auf_Duft-Rezeptoren\" >K\u00e9miai hat\u00e1s a (szag)receptorokra<\/a><\/li><\/ul><\/li><li class='ez-toc-page-1 ez-toc-heading-level-2'><a class=\"ez-toc-link ez-toc-heading-6\" href=\"https:\/\/csiag.eu\/hu\/blog\/2025\/03\/12\/aetherische-oele-warum-wirken-sie\/#Riechrezeptoren_vs_Duftrezeptoren\" >Szagl\u00f3 receptorok vs. szagl\u00f3 receptorok<\/a><\/li><li class='ez-toc-page-1 ez-toc-heading-level-2'><a class=\"ez-toc-link ez-toc-heading-7\" href=\"https:\/\/csiag.eu\/hu\/blog\/2025\/03\/12\/aetherische-oele-warum-wirken-sie\/#Die_Zelle\" >A sejt<\/a><ul class='ez-toc-list-level-3' ><li class='ez-toc-heading-level-3'><a class=\"ez-toc-link ez-toc-heading-8\" href=\"https:\/\/csiag.eu\/hu\/blog\/2025\/03\/12\/aetherische-oele-warum-wirken-sie\/#DNA_DNS\" >DNS (DNS)<\/a><\/li><li class='ez-toc-page-1 ez-toc-heading-level-3'><a class=\"ez-toc-link ez-toc-heading-9\" href=\"https:\/\/csiag.eu\/hu\/blog\/2025\/03\/12\/aetherische-oele-warum-wirken-sie\/#mRNA\" >mRNS<\/a><ul class='ez-toc-list-level-4' ><li class='ez-toc-heading-level-4'><a class=\"ez-toc-link ez-toc-heading-10\" href=\"https:\/\/csiag.eu\/hu\/blog\/2025\/03\/12\/aetherische-oele-warum-wirken-sie\/#Transkription\" >\u00c1t\u00edr\u00e1s<\/a><\/li><li class='ez-toc-page-1 ez-toc-heading-level-4'><a class=\"ez-toc-link ez-toc-heading-11\" href=\"https:\/\/csiag.eu\/hu\/blog\/2025\/03\/12\/aetherische-oele-warum-wirken-sie\/#Translation\" >Ford\u00edt\u00e1s<\/a><\/li><li class='ez-toc-page-1 ez-toc-heading-level-4'><a class=\"ez-toc-link ez-toc-heading-12\" href=\"https:\/\/csiag.eu\/hu\/blog\/2025\/03\/12\/aetherische-oele-warum-wirken-sie\/#Exozytose_nur_fur_sekretierte_Proteine\" >Exocit\u00f3zis (csak szekret\u00e1lt feh\u00e9rj\u00e9k eset\u00e9ben)<\/a><\/li><\/ul><\/li><\/ul><\/li><li class='ez-toc-page-1 ez-toc-heading-level-2'><a class=\"ez-toc-link ez-toc-heading-13\" href=\"https:\/\/csiag.eu\/hu\/blog\/2025\/03\/12\/aetherische-oele-warum-wirken-sie\/#Der_GABA-Rezeptor\" >A GABA receptor<\/a><\/li><li class='ez-toc-page-1 ez-toc-heading-level-2'><a class=\"ez-toc-link ez-toc-heading-14\" href=\"https:\/\/csiag.eu\/hu\/blog\/2025\/03\/12\/aetherische-oele-warum-wirken-sie\/#Das_Protein_%E2%80%93_der_Duftrezeptor\" >A feh\u00e9rje - a szagreceptor<\/a><\/li><li class='ez-toc-page-1 ez-toc-heading-level-2'><a class=\"ez-toc-link ez-toc-heading-15\" href=\"https:\/\/csiag.eu\/hu\/blog\/2025\/03\/12\/aetherische-oele-warum-wirken-sie\/#EIN_Tropfen\" >EGY csepp<\/a><\/li><li class='ez-toc-page-1 ez-toc-heading-level-2'><a class=\"ez-toc-link ez-toc-heading-16\" href=\"https:\/\/csiag.eu\/hu\/blog\/2025\/03\/12\/aetherische-oele-warum-wirken-sie\/#Gen_%E2%80%93_ein-_oder_ausgeschaltet\" >Gene - be- vagy kikapcsolva<\/a><\/li><li class='ez-toc-page-1 ez-toc-heading-level-2'><a class=\"ez-toc-link ez-toc-heading-17\" href=\"https:\/\/csiag.eu\/hu\/blog\/2025\/03\/12\/aetherische-oele-warum-wirken-sie\/#Diagnostik_%E2%80%A6\" >Diagnosztika ...<\/a><\/li><li class='ez-toc-page-1 ez-toc-heading-level-2'><a class=\"ez-toc-link ez-toc-heading-18\" href=\"https:\/\/csiag.eu\/hu\/blog\/2025\/03\/12\/aetherische-oele-warum-wirken-sie\/#%E2%80%A6_Therapie\" >.... ter\u00e1pia<\/a><\/li><li class='ez-toc-page-1 ez-toc-heading-level-2'><a class=\"ez-toc-link ez-toc-heading-19\" href=\"https:\/\/csiag.eu\/hu\/blog\/2025\/03\/12\/aetherische-oele-warum-wirken-sie\/#Unterschied_%E2%80%93_Atherische_Ole_und_Hydrolate\" >K\u00fcl\u00f6nbs\u00e9g - ill\u00f3olajok \u00e9s hidrol\u00e1tok<\/a><\/li><li class='ez-toc-page-1 ez-toc-heading-level-2'><a class=\"ez-toc-link ez-toc-heading-20\" href=\"https:\/\/csiag.eu\/hu\/blog\/2025\/03\/12\/aetherische-oele-warum-wirken-sie\/#Praxis-Beispiele\" >Gyakorlati p\u00e9ld\u00e1k<\/a><ul class='ez-toc-list-level-3' ><li class='ez-toc-heading-level-3'><a class=\"ez-toc-link ez-toc-heading-21\" href=\"https:\/\/csiag.eu\/hu\/blog\/2025\/03\/12\/aetherische-oele-warum-wirken-sie\/#Wie_finden_Spermien_den_kurzesten_Weg_zur_Samenzelle\" >Hogyan tal\u00e1lj\u00e1k meg a spermiumok a legr\u00f6videbb utat az ond\u00f3sejthez?<\/a><\/li><li class='ez-toc-page-1 ez-toc-heading-level-3'><a class=\"ez-toc-link ez-toc-heading-22\" href=\"https:\/\/csiag.eu\/hu\/blog\/2025\/03\/12\/aetherische-oele-warum-wirken-sie\/#Magen-Darm-Trakt\" >Gyomor-b\u00e9lrendszeri traktus<\/a><\/li><li class='ez-toc-page-1 ez-toc-heading-level-3'><a class=\"ez-toc-link ez-toc-heading-23\" href=\"https:\/\/csiag.eu\/hu\/blog\/2025\/03\/12\/aetherische-oele-warum-wirken-sie\/#Haut_und_Haare\" >B\u0151r \u00e9s haj<\/a><\/li><li class='ez-toc-page-1 ez-toc-heading-level-3'><a class=\"ez-toc-link ez-toc-heading-24\" href=\"https:\/\/csiag.eu\/hu\/blog\/2025\/03\/12\/aetherische-oele-warum-wirken-sie\/#Herz\" >Sz\u00edv<\/a><\/li><li class='ez-toc-page-1 ez-toc-heading-level-3'><a class=\"ez-toc-link ez-toc-heading-25\" href=\"https:\/\/csiag.eu\/hu\/blog\/2025\/03\/12\/aetherische-oele-warum-wirken-sie\/#Lunge\" >T\u00fcd\u0151<\/a><\/li><li class='ez-toc-page-1 ez-toc-heading-level-3'><a class=\"ez-toc-link ez-toc-heading-26\" href=\"https:\/\/csiag.eu\/hu\/blog\/2025\/03\/12\/aetherische-oele-warum-wirken-sie\/#Prostata\" >Prosztata<\/a><\/li><li class='ez-toc-page-1 ez-toc-heading-level-3'><a class=\"ez-toc-link ez-toc-heading-27\" href=\"https:\/\/csiag.eu\/hu\/blog\/2025\/03\/12\/aetherische-oele-warum-wirken-sie\/#Blase\" >Bubor\u00e9k<\/a><\/li><li class='ez-toc-page-1 ez-toc-heading-level-3'><a class=\"ez-toc-link ez-toc-heading-28\" href=\"https:\/\/csiag.eu\/hu\/blog\/2025\/03\/12\/aetherische-oele-warum-wirken-sie\/#Kolon\" >Vastagb\u00e9l<\/a><\/li><\/ul><\/li><li class='ez-toc-page-1 ez-toc-heading-level-2'><a class=\"ez-toc-link ez-toc-heading-29\" href=\"https:\/\/csiag.eu\/hu\/blog\/2025\/03\/12\/aetherische-oele-warum-wirken-sie\/#Liste_aller_Olfaktorischen_Rezeptoren\" >Az \u00f6sszes szagl\u00f3receptor list\u00e1ja<\/a><\/li><li class='ez-toc-page-1 ez-toc-heading-level-2'><a class=\"ez-toc-link ez-toc-heading-30\" href=\"https:\/\/csiag.eu\/hu\/blog\/2025\/03\/12\/aetherische-oele-warum-wirken-sie\/#Worauf_basiert_die_antibakterielle_antivirale_Wirkung\" >Min alapul az antibakteri\u00e1lis\/antivir\u00e1lis hat\u00e1s?<\/a><ul class='ez-toc-list-level-3' ><li class='ez-toc-heading-level-3'><a class=\"ez-toc-link ez-toc-heading-31\" href=\"https:\/\/csiag.eu\/hu\/blog\/2025\/03\/12\/aetherische-oele-warum-wirken-sie\/#Bakterien\" >Bakt\u00e9riumok<\/a><\/li><li class='ez-toc-page-1 ez-toc-heading-level-3'><a class=\"ez-toc-link ez-toc-heading-32\" href=\"https:\/\/csiag.eu\/hu\/blog\/2025\/03\/12\/aetherische-oele-warum-wirken-sie\/#Viren\" >V\u00edrusok<\/a><\/li><li class='ez-toc-page-1 ez-toc-heading-level-3'><a class=\"ez-toc-link ez-toc-heading-33\" href=\"https:\/\/csiag.eu\/hu\/blog\/2025\/03\/12\/aetherische-oele-warum-wirken-sie\/#Wie_verstecken_sich_Viren\" >Hogyan b\u00fajnak el a v\u00edrusok?<\/a><\/li><li class='ez-toc-page-1 ez-toc-heading-level-3'><a class=\"ez-toc-link ez-toc-heading-34\" href=\"https:\/\/csiag.eu\/hu\/blog\/2025\/03\/12\/aetherische-oele-warum-wirken-sie\/#Signalwege\" >Jel\u00e1tviteli \u00fatvonalak<\/a><\/li><\/ul><\/li><li class='ez-toc-page-1 ez-toc-heading-level-2'><a class=\"ez-toc-link ez-toc-heading-35\" href=\"https:\/\/csiag.eu\/hu\/blog\/2025\/03\/12\/aetherische-oele-warum-wirken-sie\/#Quellenangaben\" >Hivatkoz\u00e1sok<\/a><\/li><\/ul><\/nav><\/div>\n<span class=\"span-reading-time rt-reading-time\" style=\"display: block;\"><span class=\"rt-label rt-prefix\">Olvas\u00e1si id\u0151<\/span> <span class=\"rt-time\"> 12<\/span> <span class=\"rt-label rt-postfix\">percek<\/span><\/span>\n<p class=\"wp-block-paragraph\">Ill\u00f3olajok, mi\u00e9rt m\u0171k\u00f6dnek? Ez a k\u00e9rd\u00e9s jogos, a v\u00e1lasz pedig rendk\u00edv\u00fcl m\u00e9lyrehat\u00f3 \u00e9s v\u00e1ratlanul izgalmas.<\/p>\n\n\n\n<p class=\"wp-block-paragraph\">Illat - val\u00f3sz\u00edn\u0171leg mindenki ismeri az illatl\u00e1mp\u00e1kat, p\u00e9ld\u00e1ul az illatgyerty\u00e1kat, amelyek illat\u00e1t nem mindig \u00e9rezz\u00fck kellemesnek, hanem gyakran okoz fejf\u00e1j\u00e1st, kellemetlen \u00e9rz\u00e9st, s\u0151t, ak\u00e1r h\u00e1nyingert is, k\u00fcl\u00f6n\u00f6sen a szintetikus illatolajok eset\u00e9ben.<\/p>\n\n\n\n<p class=\"wp-block-paragraph\">Az illatok nemcsak n\u0151i parf\u00fcm\u00f6k form\u00e1j\u00e1ban cs\u00e1b\u00edtanak, hanem a vonaton, sz\u00e1llod\u00e1kban, \u00e1ruh\u00e1zakban stb. is, hogy kellemes lelki\u00e1llapotba hozz\u00e1k a v\u00e1s\u00e1rl\u00f3kat, \u00edgy jobb \u00e9rt\u00e9kel\u00e9sre vagy term\u00e9kv\u00e1s\u00e1rl\u00e1sra cs\u00e1b\u00edtj\u00e1k \u0151ket a helyis\u00e9gek l\u00e9gkondicion\u00e1l\u00f3 rendszerein kereszt\u00fcl t\u00f6rt\u00e9n\u0151 diff\u00fazi\u00f3val.<\/p>\n\n\n\n<p class=\"wp-block-paragraph\">Az illatanyagokat a k\u00f3rh\u00e1zakban a f\u00e1jdalomcsillap\u00edt\u00f3k (f\u00e1jdalomcsillap\u00edt\u00f3k) vagy a hipnotikumok (altat\u00f3k) haszn\u00e1lat\u00e1nak cs\u00f6kkent\u00e9s\u00e9re haszn\u00e1lj\u00e1k, valamint a palliat\u00edv ell\u00e1t\u00e1sban a betegek sz\u00e1m\u00e1ra megk\u00f6nnyebb\u00fcl\u00e9s biztos\u00edt\u00e1s\u00e1ra.<\/p>\n\n\n\n<p class=\"wp-block-paragraph\">Az ill\u00f3olajok eredete a n\u00f6v\u00e9nyek immunrendszer\u00e9ben rejlik, amelyek a ragadoz\u00f3k, gomb\u00e1k, bakt\u00e9riumok \u00e9s v\u00edrusok ellen v\u00e9dekeznek vel\u00fck, azaz gomba\u00f6l\u0151, antibakteri\u00e1lis \u00e9s v\u00edrusellenes hat\u00e1s\u00faak. A borsmenta ill\u00f3olaja p\u00e9ld\u00e1ul olyan er\u0151s, hogy mag\u00e1t a n\u00f6v\u00e9nyt is k\u00e1ros\u00edtan\u00e1, ha nem lenne a leveleken l\u00e9v\u0151 kis kapszul\u00e1kba csomagolva, amelyek csak \u00e9rint\u00e9sre szabad\u00edtj\u00e1k fel hat\u00f3anyagukat.<\/p>\n\n\n\n<p class=\"wp-block-paragraph\">B\u00e1r az ilyen alkalmaz\u00e1sok ma m\u00e1r j\u00f3l ismertek, \u00e9s k\u00fcl\u00f6n\u00f6sen a kereskedelmi v\u00e1llalkoz\u00e1sok nem gyakoroln\u00e1k \u0151ket, ha nem lenne bizony\u00edtottan hat\u00e9konyak ezek a gazdas\u00e1gilag orient\u00e1lt int\u00e9zked\u00e9sek, a k\u00e9rd\u00e9s tov\u00e1bbra is fenn\u00e1ll: hogyan lehets\u00e9ges ez - mi az alapja ennek a hat\u00e1snak az emberekn\u00e9l?<\/p>\n\n\n\n<h2 class=\"wp-block-heading\"><span class=\"ez-toc-section\" id=\"Riechen_und_Schmecken\"><\/span>Szagl\u00e1s \u00e9s \u00edzlel\u00e9s<span class=\"ez-toc-section-end\"><\/span><\/h2>\n\n\n\n<p class=\"wp-block-paragraph\">Tudunk \"\u00e9rezni\" valakit, vagy ink\u00e1bb nem..., eml\u00e9ksz\u00fcnk a nagymam\u00e1val kapcsolatos \u00e9lm\u00e9nyekre, ha bar\u00e1ts\u00e1gos volt vel\u00fcnk, pozit\u00edvan, amint \u00e9rz\u00e9kelj\u00fck pl. a levendula illat\u00e1t, amit a szekr\u00e9nyben l\u00e9v\u0151 zacsk\u00f3kban haszn\u00e1lt a molyok elleni v\u00e9delemre. Ha viszont a nagymama ink\u00e1bb kellemetlen ember volt, akkor gyorsan t\u00e1vozunk, amint \u00e9szrevessz\u00fck ezt az illatot, amit most m\u00e1r kellemetlennek \u00e9rz\u00e9kel\u00fcnk.<\/p>\n\n\n\n<p class=\"wp-block-paragraph\">Az orrunk nem mindig objekt\u00edv szagl\u00f3szervk\u00e9nt m\u0171k\u00f6dik, \u00e9s egy\u00e9ni tapasztalataink befoly\u00e1solj\u00e1k az illatok \u00e9rz\u00e9kel\u00e9s\u00e9t.<br><br>A szagl\u00f3receptorok t\u00e1mogatj\u00e1k az \u00edzlel\u0151bimb\u00f3kat az \u00e9des, savany\u00fa, s\u00f3s, keser\u0171 \u00e9s s\u00f3s \u00edzek \u00e9rz\u00e9kel\u00e9s\u00e9ben. A cs\u00edp\u0151s viszont nem \u00edz a sz\u00f3 szoros \u00e9rtelm\u00e9ben, hanem egy f\u00e1jdalominger, amelyet p\u00e9ld\u00e1ul a chili \u00e9s a fekete bors v\u00e1lt ki k\u00e9miai \u00f6sszetev\u0151ik r\u00e9v\u00e9n. <em>Kapszaicin<\/em> vagy <em>Piperine<\/em> \u00e9s a <em>Trigeminalis ideg<\/em>-A f\u00e1jdalom az arcidegb\u0151l az agyba jut, ahol f\u00e1jdalomk\u00e9nt defini\u00e1l\u00f3dik.<\/p>\n\n\n\n<p class=\"wp-block-paragraph\">A f\u00e1jdalom-, h\u0151m\u00e9rs\u00e9klet- vagy kemoreceptorok \u00e1ltal aktiv\u00e1lt trigemin\u00e1lis ideg tov\u00e1bb\u00edtja a f\u00e1jdalomjeleket a talamuszba, amely tov\u00e1bb\u00edtja azokat az agy k\u00fcl\u00f6nb\u00f6z\u0151 ter\u00fcleteire, t\u00f6bbek k\u00f6z\u00f6tt a szomatoszenzoros k\u00e9regbe a fali lebenyben (a koponya fels\u0151 r\u00e9sze, a nyakszirti lebeny felett \u00e9s a homloklebeny m\u00f6g\u00f6tt helyezkedik el; felel\u0151s a f\u00e1jdalom lokaliz\u00e1l\u00e1s\u00e1\u00e9rt \u00e9s min\u0151s\u00e9gi \u00e9rt\u00e9kel\u00e9s\u00e9\u00e9rt, valamint a szomatoszenzoros \u00e9rz\u00e9kel\u00e9s\u00e9rt \u00e9s a k\u00e9z-szem koordin\u00e1ci\u00f3\u00e9rt).<\/p>\n\n\n\n<p class=\"wp-block-paragraph\">Ha teh\u00e1t a f\u00e1jdalmat le akarjuk k\u00fczdeni, akkor el\u0151\u00e1llhatn\u00e1nk a trigemin\u00e1lis ideg kikapcsol\u00e1s\u00e1nak \u00f6tlet\u00e9vel. Mivel azonban az ideg nemcsak a f\u00e1jdalom\u00e9rzetet dolgozza fel, hanem a h\u0151-, hideg- \u00e9s k\u00e9miai ingereket is, ezek a funkci\u00f3k megsz\u0171nn\u00e9nek. Egy \u00e9g\u00e9si s\u00e9r\u00fcl\u00e9st vagy fagy\u00e1st ugyan\u00fagy nem \u00e9rz\u00e9keln\u00e9nk, mint egy k\u00e9miai \u00e9g\u00e9st. Tal\u00e1n praktikus, de nem \u00e9sszer\u0171.<\/p>\n\n\n\n<h2 class=\"wp-block-heading\"><span class=\"ez-toc-section\" id=\"Wie_funktionieren_Schmerzrezeptoren\"><\/span>Hogyan m\u0171k\u00f6dnek a f\u00e1jdalomreceptorok?<span class=\"ez-toc-section-end\"><\/span><\/h2>\n\n\n\n<p class=\"wp-block-paragraph\">A f\u00e1jdalomreceptorok az idegsejteken helyezkednek el, \u00e9s ioncsatorn\u00e1kat tartalmaznak (<em>TRP<\/em> - <em>Tranziens receptor potenci\u00e1l<\/em>), amelyek a fent eml\u00edtett ingerek hat\u00e1s\u00e1ra megny\u00edlnak \u00e9s aktiv\u00e1l\u00f3dnak.<\/p>\n\n\n\n<p class=\"wp-block-paragraph\">A sejtet, amely a k\u00f6rnyezet\u00e9hez k\u00e9pest norm\u00e1lis esetben negat\u00edv t\u00f6lt\u00e9s\u0171 \u00e9s ez\u00e9rt nyugalmi potenci\u00e1lon van, a pozit\u00edv t\u00f6lt\u00e9s\u0171 ionok be\u00e1raml\u00e1sa depolariz\u00e1lja, \u00e9s akci\u00f3s potenci\u00e1lra emeli.<\/p>\n\n\n\n<p class=\"wp-block-paragraph\">Egy meghat\u00e1rozott k\u00fcsz\u00f6b\u00e9rt\u00e9k t\u00fall\u00e9p\u00e9se egy jelet ind\u00edt el, amely az idegrostok ment\u00e9n f\u00e1jdalominger form\u00e1j\u00e1ban tov\u00e1bb\u00edt\u00f3dik az agyba.<\/p>\n\n\n\n<h2 class=\"wp-block-heading\"><span class=\"ez-toc-section\" id=\"Welche_Rezeptoren_sind_relevant\"><\/span>Mely receptorok relev\u00e1nsak?<span class=\"ez-toc-section-end\"><\/span><\/h2>\n\n\n\n<p class=\"wp-block-paragraph\"><em>Trpa1<\/em>-receptorok reag\u00e1lnak a hidegre \u00e9s a k\u00e9miai anyagokra (<em>Eukaliptol, fah\u00e9jolaj, gy\u00f6mb\u00e9rolaj, szegf\u0171szegolaj<\/em> (<em>Eugenol<\/em>)), de gyullad\u00e1sos ingerek vagy sz\u00f6vetk\u00e1rosod\u00e1s hat\u00e1s\u00e1ra is aktiv\u00e1l\u00f3dnak, \u00e9s az agyban f\u00e1jdalomjelz\u00e9st v\u00e1ltanak ki.<\/p>\n\n\n\n<p class=\"wp-block-paragraph\"><em>Trpv1<\/em>-receptorok reag\u00e1lnak a magas h\u0151m\u00e9rs\u00e9kletre (\u00e9g\u00e9s) vagy k\u00e9miai ingerekre (<em>Thymol<\/em>, <em>Kapszaicin<\/em> - ABC vakolat), ugyanazzal az eredm\u00e9nnyel.<\/p>\n\n\n\n<p class=\"wp-block-paragraph\">A <em>Trpm8<\/em>-receptort viszont hideg ingerek (&lt; 28 \u00b0C), de olyan k\u00e9miai anyagok is kiv\u00e1ltj\u00e1k, mint a <em>Mentol<\/em>amely szint\u00e9n f\u00e1jdalomkelt\u0151 ingerk\u00e9nt jelenik meg.<\/p>\n\n\n\n<p class=\"wp-block-paragraph\">A <em>Trpv4-<\/em>a receptor 25 ... 35 \u00b0C-ra, m\u00edg <em>Trpv3<\/em> a 30 ... 40 \u00b0C, <em>Trpv1<\/em> a 43 \u00b0C feletti h\u0151m\u00e9rs\u00e9kletet \u00e9s <em>Trpv2<\/em> &gt; 52 \u00b0C.<\/p>\n\n\n\n<h2 class=\"wp-block-heading\"><span class=\"ez-toc-section\" id=\"Schmerz_bekampft_Schmerz\"><\/span>A f\u00e1jdalom k\u00fczd a f\u00e1jdalom ellen?<span class=\"ez-toc-section-end\"><\/span><\/h2>\n\n\n\n<p class=\"wp-block-paragraph\">Ami els\u0151re abszurdnak hangzik, a gyakorlatban t\u00e9nynek bizonyul. De hogyan lehets\u00e9ges ez?<\/p>\n\n\n\n<p class=\"wp-block-paragraph\">Egyr\u00e9szt a fent eml\u00edtett f\u00e1jdalomreceptorok figyelmeztet\u0151 funkci\u00f3t t\u00f6ltenek be az\u00e1ltal, hogy figyelmeztetik a szervezetet a vesz\u00e9lyes h\u0151m\u00e9rs\u00e9kletre, \u00e9s megfelel\u0151 \u00e9rz\u00e9seket k\u00f6zvet\u00edtenek, amelyek lehet\u0151v\u00e9 teszik az ember sz\u00e1m\u00e1ra az ellenint\u00e9zked\u00e9sek megt\u00e9tel\u00e9t.<br>\u00cdgy gyorsan leh\u00fazod a kezed a forr\u00f3 f\u0151z\u0151lapr\u00f3l vagy a mar\u00f3 folyad\u00e9kb\u00f3l, felveszel valamit, ha t\u00fal hideg van, spont\u00e1n visszatartod a l\u00e9legzeted sz\u00far\u00f3s szag\u00fa g\u00e1zok jelenl\u00e9t\u00e9ben. A szervezet egy \"cs\u00edp\u0151s\" pepperonira vagy chilire \u00e9g\u0151, rendk\u00edv\u00fcl f\u00e1jdalmas \u00e9rz\u00e9ssel \u00e9s fokozott ny\u00e1ltermel\u00e9ssel reag\u00e1l, hogy min\u00e9l gyorsabban megszabaduljon az irrit\u00e1l\u00f3 anyagt\u00f3l, \u00e9s \u00edgy tov\u00e1bb.<\/p>\n\n\n\n<p class=\"wp-block-paragraph\">M\u00e1sr\u00e9szt az intenz\u00edv f\u00e1jdalomingerek olyan endog\u00e9n anyagok felszabadul\u00e1s\u00e1t okozz\u00e1k, mint a <em>Endorfinok, enkefalinok, szerotonin <\/em>\u00e9s<em> Prosztaglandinok<\/em>az \u00f3pi\u00e1tokig. Ha ezt a felszabadul\u00e1st nem \u00e1ll\u00edtj\u00e1k le, mert a f\u00e1jdalominger m\u00e9g mindig jelen van, akkor t\u00falzott \u00e9s k\u00e1ros reakci\u00f3k l\u00e9pnek fel.<\/p>\n\n\n\n<p class=\"wp-block-paragraph\">Ez az oka annak, hogy a f\u00e1jdalomreceptorok n\u00e9h\u00e1ny perc ut\u00e1n kikapcsolnak, \u00e9s egy ideig m\u00e1r nem ingerelhet\u0151k. Ez\u00e1ltal a megfelel\u0151 anyagok felszabadul\u00e1sa is le\u00e1ll.<\/p>\n\n\n\n<h3 class=\"wp-block-heading\"><span class=\"ez-toc-section\" id=\"Chemische_Wirkung_auf_Duft-Rezeptoren\"><\/span>K\u00e9miai hat\u00e1s a (szag)receptorokra<span class=\"ez-toc-section-end\"><\/span><\/h3>\n\n\n\n<p class=\"wp-block-paragraph\">A j\u00f3l ismert <em>ABC tapaszok<\/em> az \u00e9get\u0151 \u00e9rz\u00e9s\u00e9r\u0151l ismert. <em>Kapszaicin<\/em> aktiv\u00e1lja a <em>Trpv1 receptor<\/em>. Ez tov\u00e1bb\u00edtja a h\u0151 \u00e1ltal kiv\u00e1ltott f\u00e1jdalomjelet az agyba. Ez pedig lokaliz\u00e1lja a \"f\u00e1jdalmas h\u00e1t\" ter\u00fclet\u00e9t, \u00e9s az ott l\u00e9v\u0151 ereket kit\u00e1g\u00edtja, hogy n\u00f6velje a v\u00e9rell\u00e1t\u00e1st, \u00e9s \u00edgy elvezesse a h\u0151t, mivel ott - \u00e1ll\u00edt\u00f3lag - \"meleg\" van.<\/p>\n\n\n\n<p class=\"wp-block-paragraph\">A megn\u00f6vekedett v\u00e9rkering\u00e9s ter\u00e1pi\u00e1s c\u00e9l\u00fa hat\u00e1sa lehet\u0151v\u00e9 teszi, hogy a megkem\u00e9nyedett \u00e9s ez\u00e9rt f\u00e1jdalmas izomban l\u00e9v\u0151 salakanyagok hat\u00e9konyabban t\u00e1vozzanak, \u00e9s az izom \u00fajra ellazuljon. A hat\u00e1s \u00e1ltal okozott <em>Kapszaicin<\/em> Az induk\u00e1lt f\u00e1jdalom egy id\u0151 ut\u00e1n elm\u00falik, de a melegs\u00e9g\u00e9rzet t\u00f6bb \u00f3r\u00e1n \u00e1t tart.<\/p>\n\n\n\n<p class=\"wp-block-paragraph\">Az agy \u00e1ltal \u00e9rz\u00e9kelt \"h\u0151\" kiz\u00e1r\u00f3lag az agyban l\u00e9v\u0151 <em>Kapszaicin<\/em>-induk\u00e1lt k\u00e9miai <em>Receptor stimulus<\/em>de nem a t\u00e9nyleges fizikai felmeleged\u00e9sb\u0151l.<br>Az \u00e9rz\u00e9kelt \"megn\u00f6vekedett\" melegs\u00e9g alatt a <em>ABC tapaszok<\/em> csak valamivel magasabb, mint maga a testh\u0151m\u00e9rs\u00e9klet. Ez az\u00e9rt van, mert az \u00e9rt\u00e1gulat n\u00f6veli a v\u00e9r\u00e1raml\u00e1st, \u00e9s ez\u00e9rt a b\u0151rfel\u00fclet kiss\u00e9 melegebb, mint a k\u00f6rnyez\u0151, kev\u00e9sb\u00e9 intenz\u00edven perfund\u00e1lt sz\u00f6vetek.<\/p>\n\n\n\n<p class=\"wp-block-paragraph\">Egy m\u00e1sik hat\u00f3anyag, nevezetesen <em>Eugenol<\/em> a szegf\u0171szegolajb\u00f3l egyes kort\u00e1rsak a fogorvosn\u00e1l tett l\u00e1togat\u00e1sokb\u00f3l ismerik az elviselhetetlen fogf\u00e1j\u00e1s alkalm\u00e1val - a trigemin\u00e1lis ideg bar\u00e1ts\u00e1gos \u00fcdv\u00f6zlet\u00e9t k\u00fcldi ...<br><em>Eugenol<\/em> k\u00f6t\u0151dik <em>Trpm8<\/em>-receptort, \u00e9s \u00edgy blokkolja a f\u00e1jdalomingerek tov\u00e1bb\u00edt\u00e1s\u00e1t.<\/p>\n\n\n\n<p class=\"wp-block-paragraph\">Hasonl\u00f3k\u00e9ppen <em>Mentol<\/em> \u00e9s <em>Borsmentaolaj<\/em> a  oldalon <em>Trpm8 receptor<\/em>k\u00fcl\u00f6n\u00f6sen kr\u00f3nikus f\u00e1jdalom eset\u00e9n, mivel <em>Trpm8<\/em> k\u00f6r\u00fclbel\u00fcl 5 perc eltelt\u00e9vel kikapcsol, \u00e9s m\u00e1r nem fog\u00e9kony a tov\u00e1bbi f\u00e1jdalomingerekre.<\/p>\n\n\n\n<p class=\"wp-block-paragraph\"><em>Linalool<\/em> \u00e9s <em>Linalil-acet\u00e1t<\/em>a levendulaolaj mindk\u00e9t f\u0151 hat\u00f3anyaga kimutathat\u00f3 a v\u00e9rben a levendulaolajjal v\u00e9gzett gyeng\u00e9d massz\u00e1zs ut\u00e1n m\u00e1r 5 perc eltelt\u00e9vel (<a href=\"https:\/\/pmc.ncbi.nlm.nih.gov\/articles\/PMC7043716\/\" target=\"_blank\" rel=\"noopener\">Forr\u00e1s<\/a>), csak 20 perccel k\u00e9s\u0151bb 121 ng\/ml cs\u00facskoncentr\u00e1ci\u00f3j\u00fa <em>Linalool<\/em> \u00e9s 100 ng\/ml <em>Linalil-acet\u00e1t<\/em> m\u00e9rhet\u0151.<\/p>\n\n\n\n<p class=\"wp-block-paragraph\">Hasonl\u00f3k\u00e9ppen, a diff\u00fazorral porlasztott levendula ill\u00f3olaj bel\u00e9legz\u00e9se azonos koncentr\u00e1ci\u00f3t eredm\u00e9nyez, mint a helyi alkalmaz\u00e1s a perkut\u00e1n lenyel\u00e9s ut\u00e1n, mint a fenti esetben.<\/p>\n\n\n\n<p class=\"wp-block-paragraph\">Mindk\u00e9t hat\u00f3anyag nyugtat\u00f3, szorong\u00e1sold\u00f3, relax\u00e1l\u00f3 \u00e9s f\u00e1jdalomcsillap\u00edt\u00f3 hat\u00e1s\u00fa, <em>Linalil-acet\u00e1t<\/em> tov\u00e1bbi antimikrobi\u00e1lis hat\u00e1s.<\/p>\n\n\n\n<h2 class=\"wp-block-heading\"><span class=\"ez-toc-section\" id=\"Riechrezeptoren_vs_Duftrezeptoren\"><\/span>Szagl\u00f3 receptorok vs. szagl\u00f3 receptorok<span class=\"ez-toc-section-end\"><\/span><\/h2>\n\n\n\n<p class=\"wp-block-paragraph\">Az orr szagl\u00f3receptorain k\u00edv\u00fcl l\u00e9teznek szagl\u00f3receptorok is (egy sejt \u00e1ltal specifikusan termelt feh\u00e9rj\u00e9k). Ezek minden szervben jelen vannak, a leggyakrabban a her\u00e9kben (a rendelkez\u00e9sre \u00e1ll\u00f3 138 akt\u00edv g\u00e9nb\u0151l mintegy 55 akt\u00edv g\u00e9nnel), \u00e9s a legkev\u00e9sb\u00e9 a m\u00e1jban (a jelenlegi 19 g\u00e9nb\u0151l mind\u00f6ssze egy g\u00e9nnel).<\/p>\n\n\n\n<p class=\"wp-block-paragraph\">Mivel az ill\u00f3olajok molekul\u00e1i perkut\u00e1n, inhal\u00e1ci\u00f3s \u00faton vagy bels\u0151leg (kapszul\u00e1kban l\u00e9v\u0151 olajok) a gyomor-b\u00e9l traktuson kereszt\u00fcl felsz\u00edv\u00f3dnak, \u00e9s molekulam\u00e9ret\u00fck miatt a v\u00e9rben kimutathat\u00f3k, s\u0151t a v\u00e9r-agy g\u00e1ton is \u00e1thaladnak, nem meglep\u0151, hogy hat\u00e1suk a szervezet minden szerv\u00e9ben is megtal\u00e1lhat\u00f3.<\/p>\n\n\n\n<p class=\"wp-block-paragraph\">De hogyan is m\u0171k\u00f6dik ez pontosan?<\/p>\n\n\n\n<h2 class=\"wp-block-heading\"><span class=\"ez-toc-section\" id=\"Die_Zelle\"><\/span>A sejt<span class=\"ez-toc-section-end\"><\/span><\/h2>\n\n\n\n<p class=\"wp-block-paragraph\">Az emberi test minden sejtje a sejtmagb\u00f3l (<em>Nucleus<\/em>), amely egy teljes g\u00e9nk\u00e9szletet tartalmaz, a k\u00f6rnyez\u0151 <em>Citoplazma<\/em>amelyben az \u00f6sszes sejtfolyamat zajlik, \u00e9s a mindent \u00e1tfog\u00f3, szelekt\u00edven f\u00e9lig \u00e1tereszt\u0151 <em>Sejtmembr\u00e1n<\/em>A sejtmembr\u00e1n egy receptormembr\u00e1n, amelyen kereszt\u00fcl csatorn\u00e1t k\u00e9pz\u0151 feh\u00e9rj\u00e9k teszik lehet\u0151v\u00e9 az anyagok cser\u00e9j\u00e9t, a sejtmembr\u00e1non l\u00e9v\u0151 receptorok pedig a sejtek k\u00f6z\u00f6tti kommunik\u00e1ci\u00f3t szolg\u00e1lj\u00e1k.<\/p>\n\n\n\n<h3 class=\"wp-block-heading\"><span class=\"ez-toc-section\" id=\"DNA_DNS\"><\/span>DNS (DNS)<span class=\"ez-toc-section-end\"><\/span><\/h3>\n\n\n\n<p class=\"wp-block-paragraph\">A DNS (dezoxiribonukleinsav -&gt;) <em>Deoxiribonukleinsav<\/em>) tartalmazza az \u00f6sszes sejt \u00e9s szervezet szerkezet\u00e9hez, m\u0171k\u00f6d\u00e9s\u00e9hez \u00e9s szaporod\u00e1s\u00e1hoz sz\u00fcks\u00e9ges inform\u00e1ci\u00f3kat.<\/p>\n\n\n<div class=\"wp-block-image\">\n<figure class=\"aligncenter size-full is-resized\"><img decoding=\"async\" width=\"855\" height=\"215\" src=\"https:\/\/csiag.eu\/wp-content\/uploads\/2025\/03\/image-2.png\" alt=\"\" class=\"wp-image-9608\" style=\"width:327px;height:auto\" srcset=\"https:\/\/csiag.eu\/wp-content\/uploads\/2025\/03\/image-2.png 855w, https:\/\/csiag.eu\/wp-content\/uploads\/2025\/03\/image-2-300x75.png 300w, https:\/\/csiag.eu\/wp-content\/uploads\/2025\/03\/image-2-768x193.png 768w, https:\/\/csiag.eu\/wp-content\/uploads\/2025\/03\/image-2-18x5.png 18w\" sizes=\"(max-width: 855px) 100vw, 855px\" \/><\/figure>\n<\/div>\n\n\n<p class=\"wp-block-paragraph\">A g\u00e9nek k\u00f6z\u00fcl mintegy 98% deaktiv\u00e1l\u00f3dik, csak 20 000 ... 25 000 g\u00e9n akt\u00edv \u00e9s a feh\u00e9rj\u00e9k szint\u00e9zis\u00e9re szolg\u00e1l.<\/p>\n\n\n\n<h3 class=\"wp-block-heading\"><span class=\"ez-toc-section\" id=\"mRNA\"><\/span>mRNS<span class=\"ez-toc-section-end\"><\/span><\/h3>\n\n\n\n<p class=\"wp-block-paragraph\">mRNS (<em>messenger RNS<\/em>) a DNS-ben tal\u00e1lhat\u00f3 inform\u00e1ci\u00f3s sz\u00e1l m\u00e1solata a feh\u00e9rj\u00e9k el\u0151\u00e1ll\u00edt\u00e1s\u00e1hoz, amelyek viszont a szervezet funkci\u00f3it ir\u00e1ny\u00edtj\u00e1k.<\/p>\n\n\n\n<h4 class=\"wp-block-heading\"><span class=\"ez-toc-section\" id=\"Transkription\"><\/span>\u00c1t\u00edr\u00e1s<span class=\"ez-toc-section-end\"><\/span><\/h4>\n\n\n\n<p class=\"wp-block-paragraph\">A bambuszhoz hasonl\u00f3an, amelynek t\u00f6rzs\u00e9n visszat\u00e9r\u0151 megvastagod\u00e1sok vannak, van egy kezdet (<em>Promoter<\/em>) \u00e9s egy v\u00e9gpont (<em>Termin\u00e1tor szekvencia<\/em> - Ez egyfajta kapcsol\u00f3k\u00e9nt is m\u0171k\u00f6dik, amely be- vagy kikapcsolja a g\u00e9nt) a leolvasand\u00f3 \u00e9s m\u00e1soland\u00f3 g\u00e9nszekvencia.<\/p>\n\n\n\n<p class=\"wp-block-paragraph\">A m\u00e1soland\u00f3 szakaszhoz val\u00f3 hozz\u00e1f\u00e9r\u00e9shez a \"l\u00e9tr\u00e1t\" a m\u00e1soland\u00f3 szakaszhoz kell csatlakoztatni a <em>Promoter<\/em> megjel\u00f6lt poz\u00edci\u00f3. Ez az enzim seg\u00edts\u00e9g\u00e9vel t\u00f6rt\u00e9nik <em>RNS-polimer\u00e1z<\/em>amely a m\u00e1solatot is l\u00e9trehozza. Ha az enzim el\u00e9ri a <em>Termin\u00e1tor szekvencia<\/em>le\u00e1ll\u00edtja a m\u00e1sol\u00e1st.<\/p>\n\n\n<div class=\"wp-block-image\">\n<figure class=\"aligncenter size-full is-resized\"><img decoding=\"async\" width=\"855\" height=\"216\" src=\"https:\/\/csiag.eu\/wp-content\/uploads\/2025\/03\/image-3.png\" alt=\"\" class=\"wp-image-9609\" style=\"width:329px;height:auto\" srcset=\"https:\/\/csiag.eu\/wp-content\/uploads\/2025\/03\/image-3.png 855w, https:\/\/csiag.eu\/wp-content\/uploads\/2025\/03\/image-3-300x76.png 300w, https:\/\/csiag.eu\/wp-content\/uploads\/2025\/03\/image-3-768x194.png 768w, https:\/\/csiag.eu\/wp-content\/uploads\/2025\/03\/image-3-18x5.png 18w\" sizes=\"(max-width: 855px) 100vw, 855px\" \/><\/figure>\n<\/div>\n\n\n<p class=\"wp-block-paragraph\">A keletkez\u0151 mRNS-molekula elv\u00e1lik a DNS-t\u0151l, az elv\u00e1lasztott sz\u00e1l ism\u00e9t bez\u00e1r\u00f3dik, \u00e9s az mRNS a sejtmagb\u00f3l a sejtk\u00f6rnyezetbe ker\u00fcl. <em>Citoplazma<\/em> csatorn\u00e1zott ki.<\/p>\n\n\n\n<h4 class=\"wp-block-heading\"><span class=\"ez-toc-section\" id=\"Translation\"><\/span>Ford\u00edt\u00e1s<span class=\"ez-toc-section-end\"><\/span><\/h4>\n\n\n\n<p class=\"wp-block-paragraph\">A mostani <em>Citoplazma<\/em> Az mRNS most m\u00e1r sablonk\u00e9nt haszn\u00e1lhat\u00f3 a feh\u00e9rje bioszint\u00e9zishez a feh\u00e9rje bioszint\u00e9zis sor\u00e1n <em>Ford\u00edt\u00e1s<\/em> t\u00e1lalni. A ford\u00edt\u00e1s \"leford\u00edtja\" a <em>Ribosz\u00f3m\u00e1k<\/em> az mRNS genetikai inform\u00e1ci\u00f3j\u00e1nak kor\u00e1bban el\u0151\u00e1ll\u00edtott m\u00e1solat\u00e1t funkcion\u00e1lis aminosav-szekvenci\u00e1v\u00e1 alak\u00edtja, amely feh\u00e9rjek\u00e9nt fejti ki a k\u00edv\u00e1nt hat\u00e1st a szervezetben.<\/p>\n\n\n<div class=\"wp-block-image\">\n<figure class=\"aligncenter size-large is-resized\"><img decoding=\"async\" width=\"803\" height=\"1024\" src=\"https:\/\/csiag.eu\/wp-content\/uploads\/2025\/03\/image-5-803x1024.png\" alt=\"\" class=\"wp-image-9611\" style=\"width:333px;height:auto\" srcset=\"https:\/\/csiag.eu\/wp-content\/uploads\/2025\/03\/image-5-803x1024.png 803w, https:\/\/csiag.eu\/wp-content\/uploads\/2025\/03\/image-5-235x300.png 235w, https:\/\/csiag.eu\/wp-content\/uploads\/2025\/03\/image-5-768x979.png 768w, https:\/\/csiag.eu\/wp-content\/uploads\/2025\/03\/image-5-9x12.png 9w, https:\/\/csiag.eu\/wp-content\/uploads\/2025\/03\/image-5.png 865w\" sizes=\"(max-width: 803px) 100vw, 803px\" \/><\/figure>\n<\/div>\n\n\n<h4 class=\"wp-block-heading\"><span class=\"ez-toc-section\" id=\"Exozytose_nur_fur_sekretierte_Proteine\"><\/span>Exocit\u00f3zis (csak szekret\u00e1lt feh\u00e9rj\u00e9k eset\u00e9ben)<span class=\"ez-toc-section-end\"><\/span><\/h4>\n\n\n\n<p class=\"wp-block-paragraph\">Teh\u00e1t egy olyan feh\u00e9rje, amelynek a sejten k\u00edv\u00fcl kellene m\u0171k\u00f6dnie, mint p\u00e9ld\u00e1ul a <em>Hormonok<\/em>, <em>Enzimek<\/em> vagy <em>Antitest<\/em>ki kell sz\u00e1ll\u00edtani a sejtb\u0151l. Ezt a folyamatot nevezz\u00fck <em>Exocit\u00f3zis<\/em>.<br>A sz\u00e1ll\u00edt\u00e1si feladatot az \u00fan. (szakosodott) <em>Vezikul\u00e1k<\/em>. A <em>Vezikul\u00e1k<\/em> \u00f6sszeolvad a sejtmembr\u00e1nnal, \u00e9s tartalm\u00e1t a sejtmembr\u00e1nba engedi. <em>Extracellul\u00e1ris t\u00e9r<\/em>.<\/p>\n\n\n\n<h2 class=\"wp-block-heading\"><span class=\"ez-toc-section\" id=\"Der_GABA-Rezeptor\"><\/span>A GABA receptor<span class=\"ez-toc-section-end\"><\/span><\/h2>\n\n\n\n<p class=\"wp-block-paragraph\">A GABA (GAmma-AminoButirsav) receptor a legfontosabb funkcion\u00e1lis g\u00e1tl\u00f3 neurotranszmitter. K\u00e9t v\u00e1ltozatban l\u00e9tezik: A GABA_A mint tiszta ioncsatorna-receptor, gyors hat\u00e1s\u00fa, \u00e9s a GABA_B mint <em>metabotr\u00f3p<\/em> Receptor, lassabb, de hosszabb hat\u00e1s\u00fa.<br>A metabotr\u00f3p receptorok \u00e1ltal\u00e1ban a G-feh\u00e9rje kapcsolt receptorok (GPCR) csal\u00e1dj\u00e1ba tartoznak, \u00e9s m\u00e1sodlagos h\u00edrviv\u0151k\u00f6n vagy intracellul\u00e1ris jel\u00e1tviteli utakon kereszt\u00fcl ind\u00edtanak el folyamatokat.<br>Amikor egy neurotranszmitter vagy m\u00e1s jel k\u00f6t\u0151dik egy ilyen receptorhoz, egy G-feh\u00e9rje aktiv\u00e1l\u00f3dik. Ez tov\u00e1bbi biok\u00e9miai reakci\u00f3k kaszk\u00e1dj\u00e1t ind\u00edtja el, amelyek befoly\u00e1solhatj\u00e1k a k\u00fcl\u00f6nb\u00f6z\u0151 sejtfolyamatokat, p\u00e9ld\u00e1ul az enzimek aktiv\u00e1l\u00f3d\u00e1s\u00e1t vagy m\u00e1sodlagos h\u00edrviv\u0151 anyagok, p\u00e9ld\u00e1ul cAMP vagy IP3 felszabadul\u00e1s\u00e1t.<\/p>\n\n\n\n<p class=\"wp-block-paragraph\">Sz\u00e1mos gy\u00f3gyszer, de az ill\u00f3olajok c\u00e9lpontja is, amikor g\u00f6rcsold\u00f3, szorong\u00e1sold\u00f3 vagy alapvet\u0151en az idegsejtek ingerl\u00e9kenys\u00e9g\u00e9nek szab\u00e1lyoz\u00e1s\u00e1ra t\u00f6rekszik.<\/p>\n\n\n\n<p class=\"wp-block-paragraph\">A hat\u00e1s a negat\u00edv t\u00f6lt\u00e9s\u0171 kloridionok be\u00e1raml\u00e1s\u00e1nak k\u00f6sz\u00f6nhet\u0151. Mint fentebb eml\u00edtett\u00fck, az egyre negat\u00edvabb sejtpotenci\u00e1l az akci\u00f3s potenci\u00e1l cs\u00f6kken\u00e9s\u00e9t eredm\u00e9nyezi. Ezt er\u0151s\u00edtik a GABA-receptorhoz k\u00f6t\u0151d\u0151 anyagok, ami nyugtat\u00f3, relax\u00e1l\u00f3 \u00e9s szorong\u00e1sold\u00f3 hat\u00e1st eredm\u00e9nyez.<\/p>\n\n\n\n<h2 class=\"wp-block-heading\"><span class=\"ez-toc-section\" id=\"Das_Protein_%E2%80%93_der_Duftrezeptor\"><\/span>A feh\u00e9rje - a szagreceptor<span class=\"ez-toc-section-end\"><\/span><\/h2>\n\n\n\n<p class=\"wp-block-paragraph\">A transzl\u00e1ci\u00f3 \u00e1ltal termelt feh\u00e9rje illatfelvev\u0151nek szolg\u00e1l. Amint egy szagmolekula k\u00f6t\u0151dik a receptorhoz, a megfelel\u0151 jel seg\u00edts\u00e9g\u00e9vel kiv\u00e1ltja a specifikus hat\u00e1st.<\/p>\n\n\n\n<p class=\"wp-block-paragraph\">Itt l\u00e1that\u00f3 a fent le\u00edrt folyamat teljes eg\u00e9sz\u00e9ben grafikusan:<\/p>\n\n\n\n<figure class=\"wp-block-image size-large\"><img decoding=\"async\" width=\"1024\" height=\"979\" src=\"https:\/\/csiag.eu\/wp-content\/uploads\/2025\/03\/image-1-1024x979.png\" alt=\"\" class=\"wp-image-9606\" srcset=\"https:\/\/csiag.eu\/wp-content\/uploads\/2025\/03\/image-1-1024x979.png 1024w, https:\/\/csiag.eu\/wp-content\/uploads\/2025\/03\/image-1-300x287.png 300w, https:\/\/csiag.eu\/wp-content\/uploads\/2025\/03\/image-1-768x734.png 768w, https:\/\/csiag.eu\/wp-content\/uploads\/2025\/03\/image-1-1536x1468.png 1536w, https:\/\/csiag.eu\/wp-content\/uploads\/2025\/03\/image-1-2048x1958.png 2048w, https:\/\/csiag.eu\/wp-content\/uploads\/2025\/03\/image-1-13x12.png 13w\" sizes=\"(max-width: 1024px) 100vw, 1024px\" \/><\/figure>\n\n\n\n<p class=\"wp-block-paragraph\">\u00c9s hogyan tal\u00e1lja meg az illatmolekula az illatreceptort, amikor az emberi test k\u00f6r\u00fclbel\u00fcl 37,2 trilli\u00f3(!) sejtb\u0151l \u00e1ll - tizedes sz\u00e1mk\u00e9nt 37 200 000 000 000 000 000 sejtb\u0151l? Mennyi ill\u00f3olajra van val\u00f3j\u00e1ban sz\u00fcks\u00e9g ahhoz, hogy minden sejtnek csak egyetlen ill\u00f3olajmolekula \u00e1lljon rendelkez\u00e9s\u00e9re?<\/p>\n\n\n\n<h2 class=\"wp-block-heading\"><span class=\"ez-toc-section\" id=\"EIN_Tropfen\"><\/span>EGY csepp<span class=\"ez-toc-section-end\"><\/span><\/h2>\n\n\n\n<p class=\"wp-block-paragraph\">Egyetlen csepp grapefruitolaj 226,92 trilli\u00f3 olajmolekul\u00e1t tartalmaz. A k\u00f6r\u00fclbel\u00fcl 37,2 trilli\u00f3 testsejt k\u00f6z\u00f6tt elosztva (s\u00falyt\u00f3l \u00e9s m\u00e9rett\u0151l f\u00fcgg\u0151en), egy sejtre 6,1 milli\u00f3 olajmolekula jut!<br>Ez azt jelenti, hogy egyetlen testsejtnek sem kell att\u00f3l tartania, hogy egyetlen csepp ill\u00f3olaj molekul\u00e1i figyelmen k\u00edv\u00fcl hagyj\u00e1k.<\/p>\n\n\n\n<p class=\"wp-block-paragraph\">Most m\u00e1r vil\u00e1gosnak kell lennie, hogy az ill\u00f3olajok a test minden szerv\u00e9t el\u00e9rhetik, \u00e9s \u00edgy befoly\u00e1solhatj\u00e1k annak m\u0171k\u00f6d\u00e9s\u00e9t.<\/p>\n\n\n\n<h2 class=\"wp-block-heading\"><span class=\"ez-toc-section\" id=\"Gen_%E2%80%93_ein-_oder_ausgeschaltet\"><\/span>Gene - be- vagy kikapcsolva<span class=\"ez-toc-section-end\"><\/span><\/h2>\n\n\n\n<p class=\"wp-block-paragraph\">Ha az emberi szervekb\u0151l vett sz\u00f6vetmint\u00e1kat elemzik, a szagreceptor g\u00e9nek be- \u00e9s kikapcsol\u00e1s\u00e1t tal\u00e1lj\u00e1k a szagreceptorokban. Att\u00f3l f\u00fcgg\u0151en, hogy mely g\u00e9nek vannak be- vagy kikapcsolva, meg lehet hat\u00e1rozni, hogy melyik szerv \u00e9rintett. Ez azt jelenti, hogy ugyanazon szerv minden egyes sejtj\u00e9ben ugyanazok a g\u00e9nek aktiv\u00e1l\u00f3dnak vagy deaktiv\u00e1l\u00f3dnak.<\/p>\n\n\n\n<p class=\"wp-block-paragraph\">A sz\u00f6vetben bekapcsolt g\u00e9nek sz\u00e1ma lehet\u0151v\u00e9 teszi a sz\u00f6vet eg\u00e9szs\u00e9gi \u00e1llapot\u00e1ra vonatkoz\u00f3 k\u00f6vetkeztet\u00e9sek levon\u00e1s\u00e1t. A beteg sz\u00f6vethez k\u00e9pest az eg\u00e9szs\u00e9ges sz\u00f6vetben viszonylag kev\u00e9s g\u00e9n van bekapcsolva, \u00e9s csak nagyon r\u00f6vid id\u0151intervallumokra (halv\u00e1nyabb sz\u00ednjel\u00f6l\u00e9s, l\u00e1sd az al\u00e1bbi \u00e1br\u00e1t).<\/p>\n\n\n\n<p class=\"wp-block-paragraph\">A bekapcsolt szagreceptorg\u00e9n a feh\u00e9rj\u00e9k folyamatos termel\u00e9s\u00e9t jelenti. Min\u00e9l tov\u00e1bb van bekapcsolva, ann\u00e1l t\u00f6bb feh\u00e9rje fejez\u0151dik ki.<\/p>\n\n\n\n<h2 class=\"wp-block-heading\"><span class=\"ez-toc-section\" id=\"Diagnostik_%E2%80%A6\"><\/span>Diagnosztika ...<span class=\"ez-toc-section-end\"><\/span><\/h2>\n\n\n\n<p class=\"wp-block-paragraph\">Ha a szok\u00e1sosn\u00e1l l\u00e9nyegesen t\u00f6bb illatanyag-receptor kapcsol be, \u00e9s esetleg hosszabb ideig (s\u00f6t\u00e9tebb sz\u00ednjel\u00f6l\u00e9s), az sz\u00f6veti betegs\u00e9gekre vagy tumoraktivit\u00e1sra utal, mint ahogyan az itt l\u00e1that\u00f3 p\u00e9lda 21 sz\u00f6vetmint\u00e1b\u00f3l sz\u00e1rmaz\u00f3 <a href=\"https:\/\/pmc.ncbi.nlm.nih.gov\/articles\/PMC5818398\/\" target=\"_blank\" rel=\"noreferrer noopener\">eml\u0151r\u00e1k<\/a> 7 eg\u00e9szs\u00e9ges mint\u00e1hoz k\u00e9pest.<\/p>\n\n\n<div class=\"wp-block-image\">\n<figure class=\"aligncenter size-large\"><img decoding=\"async\" width=\"1024\" height=\"654\" src=\"https:\/\/csiag.eu\/wp-content\/uploads\/2025\/03\/image-6-1024x654.png\" alt=\"\" class=\"wp-image-9621\" srcset=\"https:\/\/csiag.eu\/wp-content\/uploads\/2025\/03\/image-6-1024x654.png 1024w, https:\/\/csiag.eu\/wp-content\/uploads\/2025\/03\/image-6-300x192.png 300w, https:\/\/csiag.eu\/wp-content\/uploads\/2025\/03\/image-6-768x491.png 768w, https:\/\/csiag.eu\/wp-content\/uploads\/2025\/03\/image-6-1536x981.png 1536w, https:\/\/csiag.eu\/wp-content\/uploads\/2025\/03\/image-6-2048x1308.png 2048w, https:\/\/csiag.eu\/wp-content\/uploads\/2025\/03\/image-6-18x12.png 18w\" sizes=\"(max-width: 1024px) 100vw, 1024px\" \/><figcaption class=\"wp-element-caption\">26 szagreceptor gyakoris\u00e1gi eloszl\u00e1sa 21 eml\u0151r\u00e1kos sz\u00f6vetben az eg\u00e9szs\u00e9ges sz\u00f6vetekkel \u00f6sszehasonl\u00edtva<\/figcaption><\/figure>\n<\/div>\n\n<div class=\"wp-block-image\">\n<figure class=\"aligncenter size-large\"><img decoding=\"async\" width=\"1024\" height=\"77\" src=\"https:\/\/csiag.eu\/wp-content\/uploads\/2025\/03\/image-7-1024x77.png\" alt=\"\" class=\"wp-image-9622\" srcset=\"https:\/\/csiag.eu\/wp-content\/uploads\/2025\/03\/image-7-1024x77.png 1024w, https:\/\/csiag.eu\/wp-content\/uploads\/2025\/03\/image-7-300x23.png 300w, https:\/\/csiag.eu\/wp-content\/uploads\/2025\/03\/image-7-768x58.png 768w, https:\/\/csiag.eu\/wp-content\/uploads\/2025\/03\/image-7-1536x116.png 1536w, https:\/\/csiag.eu\/wp-content\/uploads\/2025\/03\/image-7-18x1.png 18w, https:\/\/csiag.eu\/wp-content\/uploads\/2025\/03\/image-7.png 1622w\" sizes=\"(max-width: 1024px) 100vw, 1024px\" \/><figcaption class=\"wp-element-caption\">FPKM (a transzkript kilob\u00e1zisonk\u00e9nti fragmentumai egymilli\u00f3 lek\u00e9pezett olvas\u00e1sonk\u00e9nt) <\/figcaption><\/figure>\n<\/div>\n\n\n<p class=\"wp-block-paragraph\"><em><a href=\"https:\/\/docs.gdc.cancer.gov\/Encyclopedia\/pages\/FPKM\/\" target=\"_blank\" rel=\"noreferrer noopener\">FPKM<\/a><\/em> a g\u00e9nek kifejez\u0151d\u00e9s\u00e9nek sz\u00e1mszer\u0171s\u00edt\u00e9s\u00e9re szolg\u00e1l\u00f3 m\u00e9r\u0151sz\u00e1m. Ez egy normaliz\u00e1lt m\u00e9r\u0151sz\u00e1m, amely lehet\u0151v\u00e9 teszi a g\u00e9nexpresszi\u00f3 \u00f6sszehasonl\u00edt\u00e1s\u00e1t k\u00fcl\u00f6nb\u00f6z\u0151 mint\u00e1k vagy k\u00f6r\u00fclm\u00e9nyek k\u00f6z\u00f6tt.<\/p>\n\n\n\n<p class=\"wp-block-paragraph\">A marker olyan anyag, amely csak megemelkedett koncentr\u00e1ci\u00f3ban fordul el\u0151, vagy egy\u00e1ltal\u00e1n csak akkor van jelen, ha a sz\u00f6vet beteg vagy daganat \u00e1ltal \u00e9rintett.<\/p>\n\n\n\n<h2 class=\"wp-block-heading\"><span class=\"ez-toc-section\" id=\"%E2%80%A6_Therapie\"><\/span>.... ter\u00e1pia<span class=\"ez-toc-section-end\"><\/span><\/h2>\n\n\n\n<p class=\"wp-block-paragraph\">Prof. Dr Dr Dr Dr Dr Dr med. habil. Hanns Hatt (Ruhr University Bochum (RUB)) \u00e9vtizedek \u00f3ta dolgozik a molekul\u00e1ris \u00e9s sejtes \u00e9rz\u00e9kszervi fiziol\u00f3gia, a szag- \u00e9s \u00edzlel\u00e9skutat\u00e1s ter\u00fclet\u00e9n, szerz\u0151k\u00e9nt, el\u0151ad\u00e1sokat tart \u00e9s publik\u00e1lja kutat\u00e1si eredm\u00e9nyeit, mint p\u00e9ld\u00e1ul \"<a href=\"https:\/\/journals.physiology.org\/doi\/full\/10.1152\/physrev.00013.2017?rfr_dat=cr_pub++0pubmed&amp;url_ver=Z39.88-2003&amp;rfr_id=ori%3Arid%3Acrossref.org\" target=\"_blank\" rel=\"noreferrer noopener\">Emberi szagreceptorok: \u00daj sejtfunkci\u00f3k az orron k\u00edv\u00fcl<\/a>\u201e.<\/p>\n\n\n<div class=\"wp-block-image\">\n<figure class=\"aligncenter size-large is-resized\"><img decoding=\"async\" width=\"595\" height=\"1024\" src=\"https:\/\/csiag.eu\/wp-content\/uploads\/2025\/03\/Mensch_Hatt-595x1024.png\" alt=\"\" class=\"wp-image-9638\" style=\"width:415px;height:auto\" srcset=\"https:\/\/csiag.eu\/wp-content\/uploads\/2025\/03\/Mensch_Hatt-595x1024.png 595w, https:\/\/csiag.eu\/wp-content\/uploads\/2025\/03\/Mensch_Hatt-174x300.png 174w, https:\/\/csiag.eu\/wp-content\/uploads\/2025\/03\/Mensch_Hatt-768x1321.png 768w, https:\/\/csiag.eu\/wp-content\/uploads\/2025\/03\/Mensch_Hatt-7x12.png 7w, https:\/\/csiag.eu\/wp-content\/uploads\/2025\/03\/Mensch_Hatt.png 800w\" sizes=\"(max-width: 595px) 100vw, 595px\" \/><figcaption class=\"wp-element-caption\">Emberi sz\u00f6vetek \u00e9s megfelel\u0151 sejtvonalak, amelyekben az illatanyag-receptorok m\u0171k\u00f6d\u00e9s\u00e9t kimutatt\u00e1k.<\/figcaption><\/figure>\n<\/div>\n\n\n<p class=\"wp-block-paragraph\">A fenti illusztr\u00e1ci\u00f3 a fent hivatkozott dokumentumb\u00f3l sz\u00e1rmazik, \u00e9s sz\u00e1mos m\u00e1s kutat\u00e1si eredm\u00e9ny \u00e9s publik\u00e1ci\u00f3 mellett (l\u00e1sd a hivatkoz\u00e1sokat) azt mutatja, hogy az ill\u00f3olajok hat\u00e9konyan haszn\u00e1lhat\u00f3k a diagnosztik\u00e1ban \u00e9s a ter\u00e1pi\u00e1ban, k\u00f6sz\u00f6nhet\u0151en az ezekben a sz\u00f6vetekben tal\u00e1lhat\u00f3 szagl\u00f3receptorok (OR) bizony\u00edtott l\u00e9tez\u00e9s\u00e9nek \u00e9s aktivit\u00e1s\u00e1nak.<\/p>\n\n\n\n<h2 class=\"wp-block-heading\"><span class=\"ez-toc-section\" id=\"Unterschied_%E2%80%93_Atherische_Ole_und_Hydrolate\"><\/span>K\u00fcl\u00f6nbs\u00e9g - ill\u00f3olajok \u00e9s hidrol\u00e1tok<span class=\"ez-toc-section-end\"><\/span><\/h2>\n\n\n\n<p class=\"wp-block-paragraph\">A hidrol\u00e1tok az ill\u00f3olajok el\u0151\u00e1ll\u00edt\u00e1sa c\u00e9lj\u00e1b\u00f3l v\u00e9gzett v\u00edzg\u0151z-desztill\u00e1ci\u00f3 mell\u00e9kterm\u00e9kei. M\u00edg az ill\u00f3olajok NEM v\u00edzben, hanem zs\u00edrban old\u00f3dnak (<em>lipofil<\/em>) anyagok, a hidrol\u00e1tok v\u00edzben old\u00f3d\u00f3 (<em>hidrofil<\/em>) \u00d6sszetev\u0151k.<\/p>\n\n\n\n<p class=\"wp-block-paragraph\">A hidrol\u00e1tok h\u00edg\u00edtatlanul alkalmazhat\u00f3k a b\u0151r\u00f6n, \u00e9s gyeng\u00e9d, de ugyanilyen ill\u00e9kony illat\u00faak.<\/p>\n\n\n\n<p class=\"wp-block-paragraph\">Hat\u00e1suk alapvet\u0151en hasonl\u00f3 az ill\u00f3olajok\u00e9hoz (kisebb m\u00e9rt\u00e9kben), pl. gyullad\u00e1scs\u00f6kkent\u0151, fert\u0151tlen\u00edt\u0151, h\u0171s\u00edt\u0151, izzad\u00e1sg\u00e1tl\u00f3, k\u00f6ptet\u0151, nyugtat\u00f3.<\/p>\n\n\n\n<h2 class=\"wp-block-heading\"><span class=\"ez-toc-section\" id=\"Praxis-Beispiele\"><\/span>Gyakorlati p\u00e9ld\u00e1k<span class=\"ez-toc-section-end\"><\/span><\/h2>\n\n\n\n<p class=\"wp-block-paragraph\">Minden elm\u00e9let sz\u00fcrke, itt ink\u00e1bb sz\u00ednes, de n\u00e9h\u00e1ny p\u00e9lda az emberi gyakorlatb\u00f3l, mag\u00e1b\u00f3l az \u00e9letb\u0151l sokkal hat\u00e1sosabban k\u00f6zvet\u00edti azt, amit az elm\u00e9let csak t\u00f6bb\u00e9-kev\u00e9sb\u00e9 sz\u00e1razon mutat be.<\/p>\n\n\n\n<p class=\"wp-block-paragraph\">Minden p\u00e9lda megtal\u00e1lhat\u00f3 a \"<a href=\"https:\/\/www.youtube.com\/watch?v=DmHgZKiU1LE\" target=\"_blank\" rel=\"noreferrer noopener\">Gy\u00f3gy\u00edt\u00e1s illatokkal<\/a>\" 2019.06.04-t\u0151l, Johannes Gutenberg Alap\u00edtv\u00e1ny, adom\u00e1nyozott professzor Dr. Dr. Dr. med. habil. Hanns Hatt a Ruhr Egyetem Bochumban.<\/p>\n\n\n\n<h3 class=\"wp-block-heading\"><span class=\"ez-toc-section\" id=\"Wie_finden_Spermien_den_kurzesten_Weg_zur_Samenzelle\"><\/span>Hogyan tal\u00e1lj\u00e1k meg a spermiumok a legr\u00f6videbb utat az ond\u00f3sejthez?<span class=\"ez-toc-section-end\"><\/span><\/h3>\n\n\n\n<p class=\"wp-block-paragraph\">Az 53 szagreceptorb\u00f3l ak\u00e1r 20 is megtal\u00e1lhat\u00f3 a sperm\u00e1ban. A h\u00fcvelyv\u00e1lad\u00e9kban 15 ismert szaganyag van, amely a spermiumot ir\u00e1ny\u00edtja (t\u00f6bbek k\u00f6z\u00f6tt <em>Bourgeonal<\/em>; Antagonista: <em>Undecanal<\/em>)), \u00e9s a mozg\u00e1suk sebess\u00e9g\u00e9nek megdupl\u00e1z\u00f3d\u00e1s\u00e1hoz vezet. Ha a spermiumok az antagonist\u00e1nak kitett <em>Undecanal<\/em> kit\u00e9ve, elvesz\u00edtik a t\u00e1j\u00e9koz\u00f3d\u00e1si k\u00e9pess\u00e9g\u00fcket, \u00e9s ism\u00e9t cs\u00f6kkentik a sebess\u00e9g\u00fcket.<br>A m\u00e9hnyakon t\u00edzszer t\u00f6bb szagl\u00f3receptor tal\u00e1lhat\u00f3, mint mag\u00e1ban a szagl\u00f3h\u00e1mban (10 ... 20 milli\u00f3), \u00edgy ez az emberi test legjobban \u0151rz\u00f6tt helye.<\/p>\n\n\n\n<h3 class=\"wp-block-heading\"><span class=\"ez-toc-section\" id=\"Magen-Darm-Trakt\"><\/span>Gyomor-b\u00e9lrendszeri traktus<span class=\"ez-toc-section-end\"><\/span><\/h3>\n\n\n\n<p class=\"wp-block-paragraph\">A gyomor-b\u00e9lrendszerben k\u00f6r\u00fclbel\u00fcl 15 ... 20 k\u00fcl\u00f6nb\u00f6z\u0151 szagreceptor. Lenyel\u00e9ssel pl. <em>Eugenol<\/em> (a szegf\u0171szeg mint f\u0171szer vagy ill\u00f3olaj), az illat receptora <em>hOR1D2<\/em> stimul\u00e1lt, mire <em>Szerotonin<\/em> \u00e9s a perisztaltika fokoz\u00f3dik.<\/p>\n\n\n\n<h3 class=\"wp-block-heading\"><span class=\"ez-toc-section\" id=\"Haut_und_Haare\"><\/span>B\u0151r \u00e9s haj<span class=\"ez-toc-section-end\"><\/span><\/h3>\n\n\n\n<p class=\"wp-block-paragraph\">A b\u0151rt keratint tartalmaz\u00f3 sejtek jellemzik (<em>Keratinocit\u00e1k<\/em>) rugalmasan \u00e9s rugalmasan tartja az epidermisz (<em>Epidermisz<\/em>) keratiniz\u00e1l\u00f3dik, b\u0151rpikkelyeket k\u00e9pez, \u00e9s alulr\u00f3l n\u00f6vekv\u0151 friss sejtek v\u00e1ltj\u00e1k fel. A keratinocit\u00e1kban t\u00f6bb mint 30 illatreceptor tal\u00e1lhat\u00f3. <em>Sandalore<\/em> egy szintetikus szant\u00e1lfa illatanyag (szintetikus, mert a val\u00f3di szant\u00e1lfa nagyon dr\u00e1ga), amely jelent\u0151sen n\u00f6veli a b\u0151rsejtek n\u00f6veked\u00e9s\u00e9t \u00e9s rugalmass\u00e1g\u00e1t a kalciumkoncentr\u00e1ci\u00f3 n\u00f6vel\u00e9s\u00e9vel, valamint lehet\u0151v\u00e9 teszi a sebek kb. 40 '% gyorsabb gy\u00f3gyul\u00e1s\u00e1t.<\/p>\n\n\n\n<p class=\"wp-block-paragraph\">Biztos\u00edtja tov\u00e1bb\u00e1, hogy <em>Sandalore<\/em> a hajgy\u00f6k\u00e9rsejtekben l\u00e9v\u0151 receptorokon kereszt\u00fcl a haj 20 % hosszabb \u00e9lettartam\u00e1\u00e9rt.<\/p>\n\n\n\n<h3 class=\"wp-block-heading\"><span class=\"ez-toc-section\" id=\"Herz\"><\/span>Sz\u00edv<span class=\"ez-toc-section-end\"><\/span><\/h3>\n\n\n\n<p class=\"wp-block-paragraph\">Az illat receptor <em>OR51E1<\/em> felel\u0151s a sz\u00edvben p\u00e9ld\u00e1ul a sz\u00edvfrekvencia \u00e9s a sz\u00edvteljes\u00edtm\u00e9ny cs\u00f6kkent\u00e9s\u00e9\u00e9rt.<\/p>\n\n\n\n<h3 class=\"wp-block-heading\"><span class=\"ez-toc-section\" id=\"Lunge\"><\/span>T\u00fcd\u0151<span class=\"ez-toc-section-end\"><\/span><\/h3>\n\n\n\n<p class=\"wp-block-paragraph\">A t\u00fcd\u0151ben, a szagreceptor <em>OR2AG1<\/em> a k\u00f6vetkez\u0151 stimul\u00e1ci\u00f3val <em>Amil-butir\u00e1t<\/em> (r\u00f3mai kamilla) ellaz\u00edtja a k\u00f3rosan \u00f6sszeh\u00faz\u00f3dott simaizomsejteket, ami fontos az asztm\u00e1sok, allergi\u00e1sok \u00e9s COPD-s betegek sz\u00e1m\u00e1ra.<\/p>\n\n\n\n<h3 class=\"wp-block-heading\"><span class=\"ez-toc-section\" id=\"Prostata\"><\/span>Prosztata<span class=\"ez-toc-section-end\"><\/span><\/h3>\n\n\n\n<p class=\"wp-block-paragraph\">Az illat receptor <em>hOR51E2<\/em> nagy mennyis\u00e9gben fejez\u0151dik ki a prosztatar\u00e1kos sejtekben, \u00e9s tumormarkerk\u00e9nt szolg\u00e1l. <em>\u03b2-ionon<\/em> (lila illat) cs\u00f6kkenti a prolifer\u00e1ci\u00f3s r\u00e1t\u00e1t (n\u00f6veked\u00e9si \u00fctemet). Jelenleg azonban nem ismert, hogy az illatmolekul\u00e1kat hogyan lehetne eljuttatni a hat\u00e1s hely\u00e9re, m\u00e9g a v\u00e9ren kereszt\u00fcl sem. (<a href=\"https:\/\/www.jbc.org\/article\/S0021-9258(18)93050-4\/fulltext\" target=\"_blank\" rel=\"noreferrer noopener\">Forr\u00e1s<\/a>)<\/p>\n\n\n\n<h3 class=\"wp-block-heading\"><span class=\"ez-toc-section\" id=\"Blase\"><\/span>Bubor\u00e9k<span class=\"ez-toc-section-end\"><\/span><\/h3>\n\n\n\n<p class=\"wp-block-paragraph\">A h\u00f3lyagr\u00e1kban a szagl\u00f3receptor <em>OR10H1<\/em> kifejezett. Stimul\u00e1ci\u00f3 <em>Sandranol<\/em> (<em>Santalol<\/em>), a term\u00e9szetes szant\u00e1lfaolaj g\u00e1tolja \u00e9s cs\u00f6kkenti a daganatok n\u00f6veked\u00e9s\u00e9t. A vizeletvizsg\u00e1lat lehet\u0151v\u00e9 teszi a k\u00f6vetkeztet\u00e9sek levon\u00e1s\u00e1t arra vonatkoz\u00f3an, hogy fenn\u00e1ll-e h\u00f3lyagr\u00e1k vagy sem, mivel a vizelettel a h\u00f3lyag bels\u0151 fal\u00e1nak elhalt sejtjei ki\u00fcr\u00fclnek. (<a href=\"https:\/\/www.frontiersin.org\/journals\/physiology\/articles\/10.3389\/fphys.2018.00456\/full\" target=\"_blank\" rel=\"noreferrer noopener\">Forr\u00e1s<\/a>)<\/p>\n\n\n\n<h3 class=\"wp-block-heading\"><span class=\"ez-toc-section\" id=\"Kolon\"><\/span>Vastagb\u00e9l<span class=\"ez-toc-section-end\"><\/span><\/h3>\n\n\n\n<p class=\"wp-block-paragraph\">Az illat receptor <em>OR51B4<\/em> a vastagb\u00e9lr\u00e1k jelenl\u00e9t\u00e9ben szabadul fel. A vastagb\u00e9lr\u00e1kos sejtek (<em>HCT116<\/em>) reag\u00e1lnak az illatra <em>Troenan<\/em> (privet), amely a vastagb\u00e9lr\u00e1kos sejtek sejtmorfol\u00f3gi\u00e1j\u00e1nak megv\u00e1ltoztat\u00e1s\u00e1val jelent\u0151sen g\u00e1tolja a tumor n\u00f6veked\u00e9s\u00e9t.<br>(<a href=\"https:\/\/pubmed.ncbi.nlm.nih.gov\/28273117\/\" target=\"_blank\" rel=\"noreferrer noopener\">Forr\u00e1s<\/a>)<\/p>\n\n\n\n<h2 class=\"wp-block-heading\"><span class=\"ez-toc-section\" id=\"Liste_aller_Olfaktorischen_Rezeptoren\"><\/span>Az \u00f6sszes szagl\u00f3receptor list\u00e1ja<span class=\"ez-toc-section-end\"><\/span><\/h2>\n\n\n\n<p class=\"wp-block-paragraph\">A k\u00f6vetkez\u0151 (kivonatos) lista az \u00f6sszes emberi szagl\u00f3receptorr\u00f3l, bele\u00e9rtve az \u00f6sszes tudom\u00e1nyos adatot is, el\u00e9rhet\u0151 <a href=\"https:\/\/csiag.eu\/wp-content\/uploads\/2025\/03\/Olfactory.xlsx\">itt<\/a> Excel-f\u00e1jlk\u00e9nt let\u00f6lthet\u0151.<br>Az adatok a k\u00f6vetkez\u0151kb\u0151l sz\u00e1rmaznak <a href=\"https:\/\/www.proteinatlas.org\/\" target=\"_blank\" rel=\"noreferrer noopener\">Az emberi feh\u00e9rjeatlasz<\/a>.<\/p>\n\n\n\n<figure class=\"wp-block-image size-large\"><a href=\"https:\/\/csiag.eu\/wp-content\/uploads\/2025\/03\/Olfactory.xlsx\"><img decoding=\"async\" width=\"1024\" height=\"337\" src=\"https:\/\/csiag.eu\/wp-content\/uploads\/2025\/03\/image-11-1024x337.png\" alt=\"\" class=\"wp-image-9713\" srcset=\"https:\/\/csiag.eu\/wp-content\/uploads\/2025\/03\/image-11-1024x337.png 1024w, https:\/\/csiag.eu\/wp-content\/uploads\/2025\/03\/image-11-300x99.png 300w, https:\/\/csiag.eu\/wp-content\/uploads\/2025\/03\/image-11-768x253.png 768w, https:\/\/csiag.eu\/wp-content\/uploads\/2025\/03\/image-11-1536x506.png 1536w, https:\/\/csiag.eu\/wp-content\/uploads\/2025\/03\/image-11-2048x674.png 2048w, https:\/\/csiag.eu\/wp-content\/uploads\/2025\/03\/image-11-18x6.png 18w\" sizes=\"(max-width: 1024px) 100vw, 1024px\" \/><\/a><\/figure>\n\n\n\n<h2 class=\"wp-block-heading\"><span class=\"ez-toc-section\" id=\"Worauf_basiert_die_antibakterielle_antivirale_Wirkung\"><\/span>Min alapul az antibakteri\u00e1lis\/antivir\u00e1lis hat\u00e1s?<span class=\"ez-toc-section-end\"><\/span><\/h2>\n\n\n\n<p class=\"wp-block-paragraph\">Az ill\u00f3olajok antibakteri\u00e1lis vagy v\u00edrusellenes hat\u00e1sa az olajmolekul\u00e1knak az adott bakt\u00e9riumra vagy v\u00edrusra gyakorolt k\u00f6zvetlen hat\u00e1s\u00e1n, valamint az immunmodul\u00e1l\u00f3 vagy hormon\u00e1lis szab\u00e1lyoz\u00f3 k\u00f6r\u00f6k\u00f6n alapul.<\/p>\n\n\n\n<h3 class=\"wp-block-heading\"><span class=\"ez-toc-section\" id=\"Bakterien\"><\/span>Bakt\u00e9riumok<span class=\"ez-toc-section-end\"><\/span><\/h3>\n\n\n\n<p class=\"wp-block-paragraph\">A bakt\u00e9riumokat k\u00e9t t\u00edpusba soroljuk: gram-pozit\u00edv \u00e9s gram-negat\u00edv. Mikroszk\u00f3pos megk\u00fcl\u00f6nb\u00f6ztet\u00e9s\u00fck az \u00fagynevezett Gram-fest\u00e9ssel t\u00f6rt\u00e9nik, amelyet a d\u00e1n bakteriol\u00f3gus \u00e9s orvos ut\u00e1n neveztek el. <em>Hans Christian Gram<\/em> (1853-1938).<\/p>\n\n\n\n<p class=\"wp-block-paragraph\">A l\u00fagos sz\u00ednez\u0151anyag <em>Krist\u00e1ly ibolya<\/em> a gram-pozit\u00edv bakt\u00e9riumokat lil\u00e1ra festi, m\u00edg az ellenfest\u00e9s sor\u00e1n a <em>Fuchsin<\/em> vagy <em>S\u00e1fr\u00e1ny<\/em> csak a Gram-negat\u00edv bakt\u00e9riumok v\u00f6r\u00f6s vagy r\u00f3zsasz\u00edn\u0171v\u00e9 v\u00e1lnak.<\/p>\n\n\n\n<p class=\"wp-block-paragraph\">Ez t\u00fckr\u00f6z\u0151dik a vastag <em>Peptidoglik\u00e1n r\u00e9teg<\/em> Gram-pozit\u00edv bakt\u00e9riumok v\u00e9kony sejtfal\u00e1t \u00e9s k\u00fcls\u0151 membr\u00e1nj\u00e1t, valamint a Gram-negat\u00edv bakt\u00e9riumok v\u00e9kony sejtfal\u00e1t \u00e9s k\u00fcls\u0151 membr\u00e1nj\u00e1t.<\/p>\n\n\n\n<p class=\"wp-block-paragraph\">Az ill\u00f3olajok molekul\u00e1i k\u00f6zvetlen\u00fcl t\u00e1madj\u00e1k a bakt\u00e9riumok ezen \u00f6sszetev\u0151it, elpuszt\u00edtj\u00e1k a burokjukat \u00e9s g\u00e1tolj\u00e1k az enzimjeiket, ami antibakteri\u00e1lis hat\u00e1st eredm\u00e9nyez.<\/p>\n\n\n\n<h3 class=\"wp-block-heading\"><span class=\"ez-toc-section\" id=\"Viren\"><\/span>V\u00edrusok<span class=\"ez-toc-section-end\"><\/span><\/h3>\n\n\n\n<p class=\"wp-block-paragraph\">A v\u00edrusokat szint\u00e9n k\u00e9t t\u00edpusra osztj\u00e1k, a burokkal rendelkez\u0151 v\u00edrusokra (pl. <em>Influenza<\/em>, <em>HIV<\/em>) \u00e9s a fedezet n\u00e9lk\u00fcliek (pl. <em>Adeno<\/em>- \u00e9s <em>Norov\u00edrusok<\/em>).<\/p>\n\n\n\n<p class=\"wp-block-paragraph\">A genetikai anyag (<em>DNS<\/em> vagy <em>RNS<\/em>) a v\u00edrusok a <em>Capsid<\/em> amely feh\u00e9rjeegys\u00e9gekb\u0151l \u00e1ll, a <em>Capsomeres<\/em> l\u00e9tezik.<br>Egyes v\u00edrusok lipidmembr\u00e1nnal is rendelkeznek, amelyet a gazdasejtr\u0151l elt\u00e1vol\u00edtanak, amint elhagyj\u00e1k azt, hogy az ebbe a membr\u00e1nba \u00e1gyazott v\u00edrusfeh\u00e9rj\u00e9ik (glikoproteinek) seg\u00edts\u00e9g\u00e9vel m\u00e1s gazdasejtekhez dokkoljanak.<\/p>\n\n\n\n<p class=\"wp-block-paragraph\">Az ill\u00f3olajok molekul\u00e1i itt is k\u00f6zvetlen\u00fcl t\u00e1madnak, hogy \u00e1rtalmatlann\u00e1 tegy\u00e9k a v\u00edrust.<\/p>\n\n\n\n<h3 class=\"wp-block-heading\"><span class=\"ez-toc-section\" id=\"Wie_verstecken_sich_Viren\"><\/span>Hogyan b\u00fajnak el a v\u00edrusok?<span class=\"ez-toc-section-end\"><\/span><\/h3>\n\n\n\n<p class=\"wp-block-paragraph\">Bizonyos \u00e9rtelemben a v\u00edrusok akkor rejt\u0151znek el a testsejtekben, ha egy bizonyos ideig nem vagy csak kev\u00e9s v\u00edrust termelnek (terhel\u00e9s), vagy gyors egym\u00e1sut\u00e1nban t\u00f6rt\u00e9n\u0151 mut\u00e1ci\u00f3val kiker\u00fclik az immunrendszer felismer\u00e9s\u00e9t.<\/p>\n\n\n\n<p class=\"wp-block-paragraph\">Egy m\u00e1sik m\u00f3dszer, hogy elrejtik \u0151ket p\u00e9ld\u00e1ul a ves\u00e9kben, a szemekben vagy az agyban, vagy egyszer\u0171en elnyomj\u00e1k \u0151ket. <em>MHC-I prezent\u00e1ci\u00f3<\/em> vagy blokkolja a <em>Interferon jel\u00e1tviteli \u00fatvonalak<\/em>.<br>Mindkett\u0151 az exog\u00e9n peptidek (r\u00f6vid l\u00e1nc\u00fa aminosavak, szemben a hossz\u00fa l\u00e1nc\u00fa feh\u00e9rj\u00e9kkel) felismer\u00e9s\u00e9re szolg\u00e1l, \u00e9s ezt k\u00f6vet\u0151en elind\u00edtja a <em>Apopt\u00f3zis<\/em> (sejthal\u00e1l),<\/p>\n\n\n\n<h3 class=\"wp-block-heading\"><span class=\"ez-toc-section\" id=\"Signalwege\"><\/span>Jel\u00e1tviteli \u00fatvonalak<span class=\"ez-toc-section-end\"><\/span><\/h3>\n\n\n\n<p class=\"wp-block-paragraph\">A k\u00f6zvetlen t\u00e1mad\u00e1s mellett az ill\u00f3olajok molekul\u00e1i jelz\u0151anyagk\u00e9nt is m\u0171k\u00f6dnek, mivel a sejtreceptorokon kereszt\u00fcl immunmodul\u00e1l\u00f3 \u00e9s\/vagy hormon\u00e1lis szab\u00e1lyoz\u00f3 mechanizmusokat mozg\u00e1sba hoz\u00f3 folyamatokat ind\u00edtanak be.<\/p>\n\n\n\n<hr class=\"wp-block-separator has-alpha-channel-opacity\"\/>\n\n\n\n<blockquote class=\"wp-block-quote is-layout-flow wp-block-quote-is-layout-flow\">\n<p class=\"wp-block-paragraph\"><strong>Megjegyz\u00e9s<\/strong><br>A kutat\u00e1s folyamatosan fejl\u0151dik. A fenti cikk nem t\u00e1masztja a teljess\u00e9g ig\u00e9ny\u00e9t. Ha az olvas\u00f3nak tudom\u00e1sa van olyan t\u00e9nyekr\u0151l e tekintetben, hivatkoz\u00e1sokkal, amelyek itt nem ker\u00fcltek eml\u00edt\u00e9sre, k\u00e9rem, \u00e9rtes\u00edtsen. <a href=\"mailto:\/\/info@csiag.de\" target=\"_blank\" rel=\"noopener\">Hint<\/a>.<\/p>\n<\/blockquote>\n\n\n\n<hr class=\"wp-block-separator has-alpha-channel-opacity\"\/>\n\n\n\n<h2 class=\"wp-block-heading\"><span class=\"ez-toc-section\" id=\"Quellenangaben\"><\/span>Hivatkoz\u00e1sok<span class=\"ez-toc-section-end\"><\/span><\/h2>\n\n\n\n<p class=\"wp-block-paragraph\">A t\u00e9m\u00e1val kapcsolatos tov\u00e1bbi tanulm\u00e1nyok t\u00f6bbek k\u00f6z\u00f6tt az al\u00e1bbi linkek alatt tal\u00e1lhat\u00f3k:<\/p>\n\n\n\n<p class=\"wp-block-paragraph\"><strong>2024-10-04<\/strong> - <a href=\"https:\/\/pubmed.ncbi.nlm.nih.gov\/39365517\/\" target=\"_blank\" rel=\"noreferrer noopener\">Szagl\u00f3receptorok \u00e9s tumorigenezis: a diagn\u00f3zis \u00e9s a c\u00e9lzott ter\u00e1pia k\u00f6vetkezm\u00e9nyei<\/a><br>(\u00d6sszefoglal\u00f3 - teljes sz\u00f6veg k\u00f6lts\u00e9gekkel - 54 hivatkoz\u00e1s)<br><a href=\"https:\/\/pubmed.ncbi.nlm.nih.gov\/?term=Tang+Y&amp;cauthor_id=39365517\" target=\"_blank\" rel=\"noopener\">Yi Tang<\/a><sup>&nbsp;<a href=\"https:\/\/pubmed.ncbi.nlm.nih.gov\/39365517\/#full-view-equal-contrib-explanation\" target=\"_blank\" rel=\"noopener\">#<\/a>&nbsp;<a href=\"https:\/\/pubmed.ncbi.nlm.nih.gov\/39365517\/#full-view-affiliation-1\" target=\"_blank\" rel=\"noopener\">1<\/a><\/sup>,&nbsp;<a href=\"https:\/\/pubmed.ncbi.nlm.nih.gov\/?term=Tian+Y&amp;cauthor_id=39365517\" target=\"_blank\" rel=\"noopener\">Ye Tian<\/a><sup>&nbsp;<a href=\"https:\/\/pubmed.ncbi.nlm.nih.gov\/39365517\/#full-view-equal-contrib-explanation\" target=\"_blank\" rel=\"noopener\">#<\/a>&nbsp;<a href=\"https:\/\/pubmed.ncbi.nlm.nih.gov\/39365517\/#full-view-affiliation-2\" target=\"_blank\" rel=\"noopener\">2<\/a><\/sup>,&nbsp;<a href=\"https:\/\/pubmed.ncbi.nlm.nih.gov\/?term=Zhang+CX&amp;cauthor_id=39365517\" target=\"_blank\" rel=\"noopener\">Chun-Xia Zhang<\/a><sup>&nbsp;<a href=\"https:\/\/pubmed.ncbi.nlm.nih.gov\/39365517\/#full-view-affiliation-1\" target=\"_blank\" rel=\"noopener\">1<\/a><\/sup>,&nbsp;<a href=\"https:\/\/pubmed.ncbi.nlm.nih.gov\/?term=Wang+GT&amp;cauthor_id=39365517\" target=\"_blank\" rel=\"noopener\">Guo-Tai Wang<\/a><sup>&nbsp;<a href=\"https:\/\/pubmed.ncbi.nlm.nih.gov\/39365517\/#full-view-affiliation-3\" target=\"_blank\" rel=\"noopener\">3<\/a><\/sup><\/p>\n\n\n\n<p class=\"wp-block-paragraph\"><strong>2021-02-05<\/strong> - <a href=\"https:\/\/bmcbiol.biomedcentral.com\/articles\/10.1186\/s12915-021-00962-0\" target=\"_blank\" rel=\"noreferrer noopener\">A hum\u00e1n szagl\u00f3szervi G-protein kapcsolt receptorok mut\u00e1ci\u00f3s t\u00e1jk\u00e9pe<\/a><br>(Teljes sz\u00f6veg - 66 hivatkoz\u00e1s)<br><a href=\"https:\/\/bmcbiol.biomedcentral.com\/articles\/10.1186\/s12915-021-00962-0#auth-Ram_n_Cierco-Jimenez-Aff1-Aff2\" target=\"_blank\" rel=\"noopener\">Ram\u00f3n Cierco Jimenez<\/a>,&nbsp;<a href=\"https:\/\/bmcbiol.biomedcentral.com\/articles\/10.1186\/s12915-021-00962-0#auth-Nil-Casajuana_Martin-Aff1\" target=\"_blank\" rel=\"noopener\">Nile Casajuana-Martin<\/a>,&nbsp;<a href=\"https:\/\/bmcbiol.biomedcentral.com\/articles\/10.1186\/s12915-021-00962-0#auth-Adri_n-Garc_a_Recio-Aff1\" target=\"_blank\" rel=\"noopener\">Adri\u00e1n Garc\u00eda-Recio<\/a>,&nbsp;<a href=\"https:\/\/bmcbiol.biomedcentral.com\/articles\/10.1186\/s12915-021-00962-0#auth-Lidia-Alc_ntara-Aff1\" target=\"_blank\" rel=\"noopener\">Lidia Alc\u00e1ntara<\/a>,&nbsp;<a href=\"https:\/\/bmcbiol.biomedcentral.com\/articles\/10.1186\/s12915-021-00962-0#auth-Leonardo-Pardo-Aff1\" target=\"_blank\" rel=\"noopener\">Leonardo Pardo<\/a>,&nbsp;<a href=\"https:\/\/bmcbiol.biomedcentral.com\/articles\/10.1186\/s12915-021-00962-0#auth-Mercedes-Campillo-Aff1\" target=\"_blank\" rel=\"noopener\">Mercedes Campillo<\/a>&nbsp;&amp;&nbsp;<a href=\"https:\/\/bmcbiol.biomedcentral.com\/articles\/10.1186\/s12915-021-00962-0#auth-Angel-Gonzalez-Aff1\" target=\"_blank\" rel=\"noopener\">Angel Gonzalez<\/a><\/p>\n\n\n\n<p class=\"wp-block-paragraph\"><strong>2018-11-30<\/strong> - <a href=\"https:\/\/www.nature.com\/articles\/s41573-018-0002-3\" target=\"_blank\" rel=\"noreferrer noopener\">Az ektopikus szagl\u00f3- \u00e9s \u00edz\u00e9rz\u00e9kel\u0151 receptorok ter\u00e1pi\u00e1s lehet\u0151s\u00e9gei<\/a><br>(\u00d6sszefoglal\u00f3 - teljes sz\u00f6veg k\u00f6lts\u00e9gekkel - 317 hivatkoz\u00e1s)<br><a href=\"https:\/\/www.nature.com\/articles\/s41573-018-0002-3#auth-Sung_Joon-Lee-Aff1\" target=\"_blank\" rel=\"noopener\">Sung-Joon Lee<\/a>,&nbsp;<a href=\"https:\/\/www.nature.com\/articles\/s41573-018-0002-3#auth-Inge-Depoortere-Aff2\" target=\"_blank\" rel=\"noopener\">Inge Depoortere<\/a>&nbsp;&amp;&nbsp;<a href=\"https:\/\/www.nature.com\/articles\/s41573-018-0002-3#auth-Hanns-Hatt-Aff3\" target=\"_blank\" rel=\"noopener\">Hanns Hatt<\/a>&nbsp;<\/p>\n\n\n\n<p class=\"wp-block-paragraph\"><strong>2018-06.13<\/strong> - <a href=\"https:\/\/journals.physiology.org\/doi\/full\/10.1152\/physrev.00013.2017?rfr_dat=cr_pub++0pubmed&amp;url_ver=Z39.88-2003&amp;rfr_id=ori%3Arid%3Acrossref.org\" target=\"_blank\" rel=\"noreferrer noopener\">Hum\u00e1n szagl\u00f3receptorok: \u00faj sejtfunkci\u00f3k az orron k\u00edv\u00fcl is<\/a><br>(Teljes sz\u00f6veg - 212 hivatkoz\u00e1s)<br><a href=\"https:\/\/pubmed.ncbi.nlm.nih.gov\/?term=Ma%C3%9Fberg+D&amp;cauthor_id=29897292\" target=\"_blank\" rel=\"noopener\">D\u00e9sir\u00e9e Ma\u00dfberg<\/a><sup>&nbsp;<a href=\"https:\/\/pubmed.ncbi.nlm.nih.gov\/29897292\/#full-view-affiliation-1\" target=\"_blank\" rel=\"noopener\">1<\/a><\/sup>,&nbsp;<a href=\"https:\/\/pubmed.ncbi.nlm.nih.gov\/?term=Hatt+H&amp;cauthor_id=29897292\" target=\"_blank\" rel=\"noopener\">Hanns Hatt<\/a><sup>&nbsp;<a href=\"https:\/\/pubmed.ncbi.nlm.nih.gov\/29897292\/#full-view-affiliation-1\" target=\"_blank\" rel=\"noopener\">1<\/a><\/sup><\/p>\n\n\n\n<p class=\"wp-block-paragraph\"><strong>2009-10-30<\/strong> - <a href=\"https:\/\/www.jbc.org\/article\/S0021-9258(20)38109-6\/fulltext\" target=\"_blank\" rel=\"noreferrer noopener\">Az illatanyagok kett\u0151s hat\u00e1sa a szagl\u00f3- \u00e9s a nukle\u00e1ris hormonreceptorokra<\/a><br>(Teljes sz\u00f6veg - 74 hivatkoz\u00e1s)<br><a href=\"https:\/\/www.jbc.org\/article\/S0021-9258(20)38109-6\/fulltext#\" target=\"_blank\" rel=\"noopener\">Horst Pick<\/a><sup><a>\u2021<\/a>,<a>1<\/a><\/sup>&nbsp;\u2219&nbsp;<a href=\"https:\/\/www.jbc.org\/article\/S0021-9258(20)38109-6\/fulltext#\" target=\"_blank\" rel=\"noopener\">Sylvain Etter<\/a><sup><a>\u2021<\/a>,<a>1<\/a><\/sup>&nbsp;\u2219&nbsp;<a href=\"https:\/\/www.jbc.org\/article\/S0021-9258(20)38109-6\/fulltext#\" target=\"_blank\" rel=\"noopener\">Olivia Baud<\/a><sup><a>\u2021<\/a><\/sup>&nbsp;\u2219&nbsp;<a href=\"https:\/\/www.jbc.org\/article\/S0021-9258(20)38109-6\/fulltext#\" target=\"_blank\" rel=\"noopener\">Ralf Schmauder<\/a><sup><a>\u2021<\/a><\/sup>&nbsp;\u2219&nbsp;<a href=\"https:\/\/www.jbc.org\/article\/S0021-9258(20)38109-6\/fulltext#\" target=\"_blank\" rel=\"noopener\">Lorenza Bordoli<\/a><sup><a>\u00a7<\/a><\/sup>&nbsp;\u2219&nbsp;<a href=\"https:\/\/www.jbc.org\/article\/S0021-9258(20)38109-6\/fulltext#\" target=\"_blank\" rel=\"noopener\">Torsten Schwede<\/a><sup><a>\u00a7<\/a><\/sup>&nbsp;\u2219&nbsp;<a href=\"https:\/\/www.jbc.org\/article\/S0021-9258(20)38109-6\/fulltext#\" target=\"_blank\" rel=\"noopener\">Horst Vogel<\/a><sup><a>\u2021<\/a><\/sup>&nbsp;<a href=\"https:\/\/www.jbc.org\/article\/S0021-9258(20)38109-6\/fulltext\" target=\"_blank\" rel=\"noreferrer noopener\"><br><\/a><\/p>","protected":false},"excerpt":{"rendered":"<p><span class=\"span-reading-time rt-reading-time\" style=\"display: block;\"><span class=\"rt-label rt-prefix\">Olvas\u00e1si id\u0151<\/span> <span class=\"rt-time\"> 12<\/span> <span class=\"rt-label rt-postfix\">percek<\/span><\/span>Ill\u00f3olajok, mi\u00e9rt m\u0171k\u00f6dnek? Ez a k\u00e9rd\u00e9s jogos, a v\u00e1lasz pedig rendk\u00edv\u00fcl m\u00e9lyrehat\u00f3 \u00e9s v\u00e1ratlanul izgalmas. Illat - val\u00f3sz\u00edn\u0171leg mindenki ismeri az illatl\u00e1mp\u00e1kat \u00e9s az illatgyerty\u00e1kat, amelyek illata nem mindig kellemesnek \u00e9rz\u00e9kelhet\u0151, hanem gyakran okoz fejf\u00e1j\u00e1st, kellemetlen \u00e9rz\u00e9st, s\u0151t h\u00e1nyingert, k\u00fcl\u00f6n\u00f6sen a szintetikus ill\u00f3olajok eset\u00e9ben. Az illatok cs\u00e1b\u00edtanak, nemcsak egy n\u0151i parf\u00fcm form\u00e1j\u00e1ban, hanem...&nbsp;<a href=\"https:\/\/csiag.eu\/hu\/blog\/2025\/03\/12\/aetherische-oele-warum-wirken-sie\/\" rel=\"bookmark\">Olvass tov\u00e1bb \"<span class=\"screen-reader-text\">Ill\u00f3olajok - mi\u00e9rt m\u0171k\u00f6dnek?<\/span><\/a><\/p>","protected":false},"author":1,"featured_media":0,"comment_status":"open","ping_status":"open","sticky":false,"template":"","format":"standard","meta":{"_lmt_disableupdate":"no","_lmt_disable":"","neve_meta_sidebar":"","neve_meta_container":"","neve_meta_enable_content_width":"","neve_meta_content_width":0,"neve_meta_title_alignment":"","neve_meta_author_avatar":"","neve_post_elements_order":"","neve_meta_disable_header":"","neve_meta_disable_footer":"","neve_meta_disable_title":"","footnotes":""},"categories":[3401,1078,354],"tags":[4614,4599,4557,3905,3923,3906,4639,3094,4623,650,4640,4590,4642,4643,1495,4625,3117,4567,4593,4587,4566,4655,4654,4671,4548,4636,3945,691,4396,4550,4551,3903,4549,3920,4633,4619,4620,4641,4615,4595,4621,4627,4610,4679,4624,2825,4685,4676,4559,4681,4584,4578,4674,4616,4682,1446,140,4582,4591,4634,4555,4556,4658,4612,4644,1427,4596,4592,4652,1751,3457,4573,4564,4565,143,3747,4628,4588,139,3932,4675,4680,4609,4677,4645,24,3446,4602,4613,3069,141,4647,4646,3897,4631,3089,3090,4630,4314,4558,2814,4572,4618,4629,4560,3732,1131,4568,4561,4601,4622,2104,3404,4649,4589,4626,4552,4632,4600,4684,4580,4579,4583,4554,4563,4575,4553,4576,4585,4367,4650,4683,4574,4653,4656,4586,4571,4547,4672,3745,3898,4598,4569,4570,4597,4603,4605,4604,4608,4607,4606,3364,4673,1101,3935,4350,4594,2108,4546,3736,3737,4617,3289,42,4686,4651,4648,4611,43],"class_list":["post-9568","post","type-post","status-publish","format-standard","hentry","category-aetherische-oele","category-medizin","category-medizin-gesundheit","tag-abc-pflaster","tag-aktionspotenzial","tag-analgetika","tag-antibakteriell","tag-antimykotisch","tag-antiviral","tag-atemwegsmuskulatur","tag-aetherische-oele","tag-ausschuettung","tag-bakterien","tag-bauspeicheldruese","tag-beurteilung","tag-blase","tag-blut","tag-blut-hirn-schranke","tag-blutgefaess","tag-blutgefaesse","tag-capsaicin","tag-chemische-reize","tag-chemorezeptor","tag-chili","tag-deoxyribonucleic-acid","tag-deoxyribonukleinsaeure","tag-diagnostik","tag-diagnostisch","tag-dickdarm","tag-diffusor","tag-dna","tag-duft","tag-duftkerze","tag-duftkerzen","tag-duftlampe","tag-duftlampen","tag-duftoele","tag-duftrezeptor","tag-endorphine","tag-enkephaline","tag-enterochromaffine-zellen","tag-entzuendungsreiz","tag-erfrierung","tag-erotonin","tag-eugenol","tag-eukalytol","tag-expression","tag-exprimieren","tag-forschung","tag-forschungsergebnisse","tag-fpkm","tag-fressfeinde","tag-genexpression","tag-geschmack","tag-geschmacksknospen","tag-gewebeprobe","tag-gewebeschaedigung","tag-hanns-hatt","tag-haut","tag-herz","tag-herzhaft","tag-hitze","tag-hoden","tag-hpnotika","tag-hypnotikum","tag-informationsstrang","tag-ingwer-oel","tag-inhalatorisch","tag-ionen","tag-ionenkanal","tag-kaelte","tag-kommunikation","tag-konzentration","tag-kopfschmerz","tag-kortex","tag-lavendel","tag-lavendel-duft","tag-leber","tag-linalool","tag-linalylacetat","tag-lokalisierung","tag-lunge","tag-magen-darm-trakt","tag-mammakarzinom","tag-marker","tag-menthol","tag-metrik","tag-molekuele","tag-mrna","tag-nase","tag-negativ","tag-neleken-oel","tag-nervenzellen","tag-niere","tag-nucleus","tag-nukleus","tag-olfaktorisch","tag-olfatorischer-rezeptor","tag-opiat","tag-opiate","tag-or","tag-palliativ","tag-palliativmedizin","tag-pankreas","tag-parietallappen","tag-pepperoni","tag-perkutan","tag-pfefferminze","tag-pflanze","tag-pflanzen","tag-piperin","tag-plize","tag-positiv","tag-prostaglandine","tag-protein","tag-proteine","tag-prozess","tag-qualitativ","tag-rezeptorreiz","tag-riechen","tag-riechrezeptor","tag-ruhepotenzial","tag-ruhr-universitaet-bochum","tag-salzig","tag-sauer","tag-scharf","tag-schlafmittel","tag-schmecken","tag-schmerz","tag-schmerzmittel","tag-schmerzreiz","tag-schmerzrezeptor","tag-schwarzer-pfeffer","tag-semi-permeable-membran","tag-sinnesphysiologie","tag-somatosensorisch","tag-stoffaustausch","tag-synthes","tag-temperaturrezeptor","tag-thalamus","tag-therapeutisch","tag-therapie","tag-thymol","tag-topisch","tag-transient-receptor-potential","tag-trigeminus","tag-trigeminus-nerv","tag-trp","tag-trpa1","tag-trpm8","tag-trpv1","tag-trpv2","tag-trpv3","tag-trpv4","tag-tumor","tag-tumoraktivitaet","tag-uebelkeit","tag-unwohlsein","tag-veraetzung","tag-verbrennung","tag-viren","tag-wirken","tag-wirkstoff","tag-wirkstoffe","tag-wrnfunktion","tag-zelle","tag-zellkern","tag-zelllinie","tag-zellmembran","tag-zellulaer","tag-zimt-oel","tag-zytoplasma"],"modified_by":"Achim Goerner","_links":{"self":[{"href":"https:\/\/csiag.eu\/hu\/wp-json\/wp\/v2\/posts\/9568","targetHints":{"allow":["GET"]}}],"collection":[{"href":"https:\/\/csiag.eu\/hu\/wp-json\/wp\/v2\/posts"}],"about":[{"href":"https:\/\/csiag.eu\/hu\/wp-json\/wp\/v2\/types\/post"}],"author":[{"embeddable":true,"href":"https:\/\/csiag.eu\/hu\/wp-json\/wp\/v2\/users\/1"}],"replies":[{"embeddable":true,"href":"https:\/\/csiag.eu\/hu\/wp-json\/wp\/v2\/comments?post=9568"}],"version-history":[{"count":0,"href":"https:\/\/csiag.eu\/hu\/wp-json\/wp\/v2\/posts\/9568\/revisions"}],"wp:attachment":[{"href":"https:\/\/csiag.eu\/hu\/wp-json\/wp\/v2\/media?parent=9568"}],"wp:term":[{"taxonomy":"category","embeddable":true,"href":"https:\/\/csiag.eu\/hu\/wp-json\/wp\/v2\/categories?post=9568"},{"taxonomy":"post_tag","embeddable":true,"href":"https:\/\/csiag.eu\/hu\/wp-json\/wp\/v2\/tags?post=9568"}],"curies":[{"name":"wp","href":"https:\/\/api.w.org\/{rel}","templated":true}]}}