{"id":3689,"date":"2023-03-27T15:57:17","date_gmt":"2023-03-27T15:57:17","guid":{"rendered":"https:\/\/csiag.eu\/?p=3689"},"modified":"2023-03-27T16:01:11","modified_gmt":"2023-03-27T16:01:11","slug":"victron-mppt-kontrolleren-kjorer-ikke","status":"publish","type":"post","link":"https:\/\/csiag.eu\/nb\/blog\/2023\/03\/27\/victron-mppt-regler-laedt-nicht\/","title":{"rendered":"Victron MPPT-kontroller lader ikke?"},"content":{"rendered":"<span class=\"span-reading-time rt-reading-time\" style=\"display: block;\"><span class=\"rt-label rt-prefix\">Lesetid<\/span> <span class=\"rt-time\"> &lt; 1<\/span> <span class=\"rt-label rt-postfix\">Minutt<\/span><\/span>\n<p>Alle som har en eller flere <em>Victron MPPT-kontroller<\/em> OG en <em>Victron Multiplus II<\/em> er installert, er det mulig at n\u00e5r <em>Victron Multiplus II<\/em> observere at til tross for full sol <em>Victron MPPT-kontroller<\/em> viser hele 0 W. Hvis <em>Victron MPPT-kontroller<\/em> gitt opp sp\u00f8kelset?<\/p>\n\n\n\n<p>Sannsynligvis ikke...<\/p>\n\n\n\n<p>Hvis <em>Victron Multiplus II<\/em> i <code>Kun butikkdrift<\/code> og <em>Absorpsjon<\/em>- eller <em>Bulk-modus<\/em> Hvis bryteren er plassert p\u00e5 bryteren, bytter den den tilkoblede <em>Victron MPPT-kontroller<\/em> av. Bare i <em>Flytemodus<\/em> overf\u00f8rer den ladeoppgaven tilbake til Victron MPPT-regulatoren(e). Effekten tilsvarer da ogs\u00e5 solstr\u00e5lingen igjen.<\/p>\n\n\n\n<p>... og <em>Victron MPPT-kontroller<\/em> masse tross alt!<\/p>","protected":false},"excerpt":{"rendered":"<p><span class=\"span-reading-time rt-reading-time\" style=\"display: block;\"><span class=\"rt-label rt-prefix\">Lesetid<\/span> <span class=\"rt-time\"> &lt; 1<\/span> <span class=\"rt-label rt-postfix\">Minutt<\/span><\/span>Hvis du har installert en eller flere Victron MPPT-regulatorer OG en Victron Multiplus II, vil du kanskje legge merke til at n\u00e5r Victron Multiplus II er sl\u00e5tt p\u00e5, viser Victron MPPT-regulatoren 0 W til tross for full sol. Har Victron MPPT-kontrolleren gitt opp? Sannsynligvis ikke ... Forutsatt at Victron Multiplus II er i kun lademodus og absorpsjons- eller bulkmodus, ...&nbsp;<a href=\"https:\/\/csiag.eu\/nb\/blog\/2023\/03\/27\/victron-mppt-regler-laedt-nicht\/\" rel=\"bookmark\">Les mer \"<span class=\"screen-reader-text\">Victron MPPT-kontroller lader ikke?<\/span><\/a><\/p>","protected":false},"author":1,"featured_media":0,"comment_status":"open","ping_status":"open","sticky":false,"template":"","format":"standard","meta":{"_lmt_disableupdate":"","_lmt_disable":"","neve_meta_sidebar":"","neve_meta_container":"","neve_meta_enable_content_width":"","neve_meta_content_width":0,"neve_meta_title_alignment":"","neve_meta_author_avatar":"","neve_post_elements_order":"","neve_meta_disable_header":"","neve_meta_disable_footer":"","neve_meta_disable_title":"","footnotes":""},"categories":[317,344],"tags":[1290,1292,1291,1293,528,1289],"class_list":["post-3689","post","type-post","status-publish","format-standard","hentry","category-autarkie-im-wohnwagen-wohnmobil","category-victron-systemloesung","tag-absorption","tag-bulk","tag-float","tag-laden","tag-mppt-regler","tag-multiplus-ii-2"],"modified_by":"Achim Goerner","_links":{"self":[{"href":"https:\/\/csiag.eu\/nb\/wp-json\/wp\/v2\/posts\/3689","targetHints":{"allow":["GET"]}}],"collection":[{"href":"https:\/\/csiag.eu\/nb\/wp-json\/wp\/v2\/posts"}],"about":[{"href":"https:\/\/csiag.eu\/nb\/wp-json\/wp\/v2\/types\/post"}],"author":[{"embeddable":true,"href":"https:\/\/csiag.eu\/nb\/wp-json\/wp\/v2\/users\/1"}],"replies":[{"embeddable":true,"href":"https:\/\/csiag.eu\/nb\/wp-json\/wp\/v2\/comments?post=3689"}],"version-history":[{"count":0,"href":"https:\/\/csiag.eu\/nb\/wp-json\/wp\/v2\/posts\/3689\/revisions"}],"wp:attachment":[{"href":"https:\/\/csiag.eu\/nb\/wp-json\/wp\/v2\/media?parent=3689"}],"wp:term":[{"taxonomy":"category","embeddable":true,"href":"https:\/\/csiag.eu\/nb\/wp-json\/wp\/v2\/categories?post=3689"},{"taxonomy":"post_tag","embeddable":true,"href":"https:\/\/csiag.eu\/nb\/wp-json\/wp\/v2\/tags?post=3689"}],"curies":[{"name":"wp","href":"https:\/\/api.w.org\/{rel}","templated":true}]}}