{"id":2000,"date":"2022-06-23T20:03:34","date_gmt":"2022-06-23T20:03:34","guid":{"rendered":"https:\/\/csiag.eu\/?p=2000"},"modified":"2023-01-21T16:34:17","modified_gmt":"2023-01-21T16:34:17","slug":"onde-arrumar-um-escadote-numa-autocaravana","status":"publish","type":"post","link":"https:\/\/csiag.eu\/pt\/blog\/2022\/06\/23\/wo-verstaut-man-im-wohnmobil-eine-trittleiter\/","title":{"rendered":"Onde voc\u00ea guarda uma escada em seu RV?"},"content":{"rendered":"<span class=\"span-reading-time rt-reading-time\" style=\"display: block;\"><span class=\"rt-label rt-prefix\">Tempo de leitura<\/span> <span class=\"rt-time\"> 2<\/span> <span class=\"rt-label rt-postfix\">minutos<\/span><\/span>\n<p class=\"wp-block-paragraph\">As pessoas altas conseguem alcan\u00e7ar o canto mais afastado dos compartimentos de arruma\u00e7\u00e3o superiores, enquanto as pessoas mais pequenas precisam de um escadote. Mas o espa\u00e7o \u00e9 escasso nas autocaravanas, por isso, onde o colocar?<\/p>\n\n\n\n<p class=\"wp-block-paragraph\">Com a Niessmann Flair, a parte de baixo da mesa \u00e9 ideal para este fim, a n\u00e3o ser que o tampo extens\u00edvel seja importante para si.<\/p>\n\n\n\n<p class=\"wp-block-paragraph\">Neste caso, estas s\u00e3o removidas juntamente com o mecanismo. Restam apenas as partes laterais de suporte de carga \u00e0 direita e \u00e0 esquerda do lado comprido.<\/p>\n\n\n\n<p class=\"wp-block-paragraph\">De seguida, cortar \u00e0 medida dois perfis angulares de alum\u00ednio de 49,5 mm de comprimento 30 x 30 x 2 mm.  Coloque-os um ao lado do outro em forma de U, me\u00e7a 30 cm a partir da parte de tr\u00e1s das duas pernas verticais em U e fa\u00e7a tr\u00eas furos de 6 mm nesta \u00e1rea a 5 cm, 15 cm e 25 cm no centro da largura interior, ou seja, a 14 mm da extremidade. A partir do interior, os furos s\u00e3o escareados com um escareador com um di\u00e2metro cerca de 1 mm maior, de modo a que os parafusos Torx de 5 x 12 mm fiquem nivelados.<\/p>\n\n\n\n<p class=\"wp-block-paragraph\">Antes de os perfis Allu serem aparafusados ao interior das sec\u00e7\u00f5es laterais, a altura traseira da escada dobrada \u00e9 determinada, s\u00e3o adicionados 5 mm e o total \u00e9 dividido por dois. Esta dimens\u00e3o \u00e9 a dimens\u00e3o para o orif\u00edcio posterior dos parafusos Torx \u00e0 esquerda e \u00e0 direita.<\/p>\n\n\n\n<p class=\"wp-block-paragraph\">A perfura\u00e7\u00e3o pr\u00e9via dos pontos de fixa\u00e7\u00e3o marcados com 3 mm \u00e9 essencial para evitar que a madeira se parta. Os dois perfis s\u00e3o fixados primeiro com o parafuso traseiro. Em seguida, a escada \u00e9 inserida como teste e as extremidades frontais dos perfis s\u00e3o ajustadas de modo a que haja uma folga de cerca de 3 mm entre o ponto mais alto da escada na frente e o tampo da mesa. Depois de retirar a escada, marque os restantes quatro orif\u00edcios. Desloque novamente a parte da frente dos perfis para baixo para efetuar os furos. Em seguida, volte a colocar os perfis na posi\u00e7\u00e3o correta e, por fim, aperte-os bem. Certifique-se de que ambos os perfis s\u00e3o paralelos em altura.<\/p>\n\n\n\n<p class=\"wp-block-paragraph\">O interior dos perfis de alum\u00ednio montados \u00e9 coberto com um feltro autocolante de 2 mm para permitir que a escada deslize facilmente e para a proteger de riscos. Para garantir que a escada se mant\u00e9m no lugar mesmo em caso de curvas, um ret\u00e2ngulo de feltro com cerca de 4 x 8 cm \u00e9 colado na parte inferior do tampo da mesa, \u00e0 direita e \u00e0 esquerda, ao n\u00edvel das extremidades dos perfis de alum\u00ednio. A espessura deve ser tal que a escada seja facilmente fixada no seu lugar, evitando que se torne involuntariamente independente durante o percurso.<\/p>\n\n\n\n<p class=\"wp-block-paragraph\">A escada de m\u00e3o correspondente pode ser encontrada, por exemplo, no modelo <a href=\"https:\/\/www.amazon.de\/Hailo-4310-100-Alu-Klapptritt-Comfort-Stufen\/dp\/B00IPYS0NC\" target=\"_blank\" rel=\"noreferrer noopener\">Hailo MK80<\/a> ComfortLine. \u00c9 muito compacto, mede 59,9 x 46 x 6,6 cm e pesa 3,9 kg.<\/p>\n\n\n\n<p class=\"wp-block-paragraph\">Deslize esta escada para dentro das guias com os degraus virados para cima e a pega a apontar para a frente - e a escada fica bem arrumada!<\/p>\n\n\n<div class=\"wp-block-image\">\n<figure class=\"aligncenter size-full\"><img decoding=\"async\" width=\"800\" height=\"601\" src=\"https:\/\/csiag.eu\/wp-content\/uploads\/2022\/06\/Leiter.jpg\" alt=\"\" class=\"wp-image-2001\" srcset=\"https:\/\/csiag.eu\/wp-content\/uploads\/2022\/06\/Leiter.jpg 800w, https:\/\/csiag.eu\/wp-content\/uploads\/2022\/06\/Leiter-300x225.jpg 300w, https:\/\/csiag.eu\/wp-content\/uploads\/2022\/06\/Leiter-768x577.jpg 768w\" sizes=\"(max-width: 800px) 100vw, 800px\" \/><figcaption class=\"wp-element-caption\">Escadote - antiderrapante arrumado debaixo da mesa<\/figcaption><\/figure>\n<\/div>","protected":false},"excerpt":{"rendered":"<p><span class=\"span-reading-time rt-reading-time\" style=\"display: block;\"><span class=\"rt-label rt-prefix\">Tempo de leitura<\/span> <span class=\"rt-time\"> 2<\/span> <span class=\"rt-label rt-postfix\">minutos<\/span><\/span>As pessoas altas conseguem alcan\u00e7ar o canto mais afastado dos compartimentos de arruma\u00e7\u00e3o superiores, enquanto as pessoas mais pequenas precisam de um escadote. Mas o espa\u00e7o \u00e9 escasso nas autocaravanas, por isso, onde coloc\u00e1-lo? Na Niessmann Flair, a parte de baixo da mesa \u00e9 um bom s\u00edtio para a colocar, a n\u00e3o ser que prefira o tampo extens\u00edvel. Neste caso, constr\u00f3i-se este...&nbsp;<a href=\"https:\/\/csiag.eu\/pt\/blog\/2022\/06\/23\/wo-verstaut-man-im-wohnmobil-eine-trittleiter\/\" rel=\"bookmark\">Ler mais \"<span class=\"screen-reader-text\">Onde voc\u00ea guarda uma escada em seu RV?<\/span><\/a><\/p>","protected":false},"author":1,"featured_media":0,"comment_status":"open","ping_status":"open","sticky":false,"template":"","format":"standard","meta":{"_lmt_disableupdate":"","_lmt_disable":"","neve_meta_sidebar":"","neve_meta_container":"","neve_meta_enable_content_width":"","neve_meta_content_width":0,"neve_meta_title_alignment":"","neve_meta_author_avatar":"","neve_post_elements_order":"","neve_meta_disable_header":"","neve_meta_disable_footer":"","neve_meta_disable_title":"","footnotes":""},"categories":[343,304,318],"tags":[1003,1004,1001,1000,1002],"class_list":["post-2000","post","type-post","status-publish","format-standard","hentry","category-wo-verstaut-man-im-wohnmobil-eine-trittleiter","category-wohnmobil","category-womo-umbau","tag-hailo","tag-mk80","tag-tisch","tag-tritttleiter","tag-unterseite"],"modified_by":"Achim Goerner","_links":{"self":[{"href":"https:\/\/csiag.eu\/pt\/wp-json\/wp\/v2\/posts\/2000","targetHints":{"allow":["GET"]}}],"collection":[{"href":"https:\/\/csiag.eu\/pt\/wp-json\/wp\/v2\/posts"}],"about":[{"href":"https:\/\/csiag.eu\/pt\/wp-json\/wp\/v2\/types\/post"}],"author":[{"embeddable":true,"href":"https:\/\/csiag.eu\/pt\/wp-json\/wp\/v2\/users\/1"}],"replies":[{"embeddable":true,"href":"https:\/\/csiag.eu\/pt\/wp-json\/wp\/v2\/comments?post=2000"}],"version-history":[{"count":0,"href":"https:\/\/csiag.eu\/pt\/wp-json\/wp\/v2\/posts\/2000\/revisions"}],"wp:attachment":[{"href":"https:\/\/csiag.eu\/pt\/wp-json\/wp\/v2\/media?parent=2000"}],"wp:term":[{"taxonomy":"category","embeddable":true,"href":"https:\/\/csiag.eu\/pt\/wp-json\/wp\/v2\/categories?post=2000"},{"taxonomy":"post_tag","embeddable":true,"href":"https:\/\/csiag.eu\/pt\/wp-json\/wp\/v2\/tags?post=2000"}],"curies":[{"name":"wp","href":"https:\/\/api.w.org\/{rel}","templated":true}]}}