{"id":2128,"date":"2022-07-05T19:23:52","date_gmt":"2022-07-05T19:23:52","guid":{"rendered":"https:\/\/csiag.eu\/?p=2128"},"modified":"2023-02-18T20:20:31","modified_gmt":"2023-02-18T20:20:31","slug":"fechadura-de-porta-mata-dois-coelhos-com-uma-cajadada-so","status":"publish","type":"post","link":"https:\/\/csiag.eu\/pt\/blog\/2022\/07\/05\/tuerschloss-klemmt-zwei-fliegen-mit-einer-klappe\/","title":{"rendered":"A fechadura da porta est\u00e1 presa\u2026 \u2013 Fechadura adicional ABUS"},"content":{"rendered":"<div id=\"ez-toc-container\" class=\"ez-toc-v2_0_86 counter-hierarchy ez-toc-counter ez-toc-grey ez-toc-container-direction\">\n<div class=\"ez-toc-title-container\">\n<p class=\"ez-toc-title\" style=\"cursor:inherit\">\u00cdndice<\/p>\n<span class=\"ez-toc-title-toggle\"><\/span><\/div>\n<nav><ul class='ez-toc-list ez-toc-list-level-1' ><li class='ez-toc-page-1 ez-toc-heading-level-2'><a class=\"ez-toc-link ez-toc-heading-1\" href=\"https:\/\/csiag.eu\/pt\/blog\/2022\/07\/05\/tuerschloss-klemmt-zwei-fliegen-mit-einer-klappe\/#Demontage_der_Turabdeckung\" >Desmontando a tampa da porta<\/a><\/li><li class='ez-toc-page-1 ez-toc-heading-level-2'><a class=\"ez-toc-link ez-toc-heading-2\" href=\"https:\/\/csiag.eu\/pt\/blog\/2022\/07\/05\/tuerschloss-klemmt-zwei-fliegen-mit-einer-klappe\/#Auswahl_der_neuen_Komponenten\" >Sele\u00e7\u00e3o de novos componentes<\/a><\/li><li class='ez-toc-page-1 ez-toc-heading-level-2'><a class=\"ez-toc-link ez-toc-heading-3\" href=\"https:\/\/csiag.eu\/pt\/blog\/2022\/07\/05\/tuerschloss-klemmt-zwei-fliegen-mit-einer-klappe\/#Turaufbau\" >Estrutura da porta<\/a><\/li><li class='ez-toc-page-1 ez-toc-heading-level-2'><a class=\"ez-toc-link ez-toc-heading-4\" href=\"https:\/\/csiag.eu\/pt\/blog\/2022\/07\/05\/tuerschloss-klemmt-zwei-fliegen-mit-einer-klappe\/#Einbau_des_Zusatzschlosses\" >Instala\u00e7\u00e3o da fechadura adicional<\/a><\/li><\/ul><\/nav><\/div>\n<span class=\"span-reading-time rt-reading-time\" style=\"display: block;\"><span class=\"rt-label rt-prefix\">Tempo de leitura<\/span> <span class=\"rt-time\"> 4<\/span> <span class=\"rt-label rt-postfix\">minutos<\/span><\/span>\n<p class=\"wp-block-paragraph\">A fechadura adicional ABUS \u00e9 avaliada com 90 pontos em 100 em termos de seguran\u00e7a e deve ser usada duas vezes aqui.<\/p>\n\n\n\n<p class=\"wp-block-paragraph\">Dado que os arrombamentos em caravanas\/casas m\u00f3veis tamb\u00e9m s\u00e3o frequentemente objecto de discuss\u00e3o, tamb\u00e9m terei este t\u00f3pico em considera\u00e7\u00e3o num relance.<\/p>\n\n\n\n<p class=\"wp-block-paragraph\">Voc\u00ea leu sobre esse problema repetidas vezes. \u00c9 simplesmente est\u00fapido se, como o Niessmann Flair, esta porta for o \u00fanico acesso. Consequentemente, a considera\u00e7\u00e3o foi: e se isso acontecer numa viagem longa, longe de oficinas ou fontes de pe\u00e7as sobressalentes?<\/p>\n\n\n\n<p class=\"wp-block-paragraph\">Como n\u00e3o gosto de ter que consertar uma coisa v\u00e1rias vezes e tamb\u00e9m n\u00e3o gosto de comprar ferramentas adequadas uma vez em vez de ferramentas &quot;baratas&quot; v\u00e1rias vezes, a solu\u00e7\u00e3o aqui foi retirar tudo e coloc\u00e1-lo novamente - modificado de acordo .<br><\/p>\n\n\n\n<h2 class=\"wp-block-heading\"><span class=\"ez-toc-section\" id=\"Demontage_der_Turabdeckung\"><\/span>Desmontando a tampa da porta<span class=\"ez-toc-section-end\"><\/span><\/h2>\n\n\n\n<p class=\"wp-block-paragraph\">Primeiro voc\u00ea tem que remover a tampa da porta. Para desmontagem, existem dois parafusos Phillips na parte superior e inferior do acabamento contrastante da janela. Depois de remover este suspeita-se que algo pode ser resolvido em algum lugar. No entanto, escondidas atr\u00e1s do resto do painel est\u00e3o pequenas tiras estreitas de velcro que seguram toda a haste.<\/p>\n\n\n\n<p class=\"wp-block-paragraph\">Ent\u00e3o, quando a porta estiver aberta, voc\u00ea segura corajosamente o painel no meio da parte interna da dobradi\u00e7a e puxa com firmeza. Com um solavanco, todas as conex\u00f5es de velcro se soltam. As tiras de velcro n\u00e3o se separam perfeitamente, mas a maioria delas \u00e9 arrancada junto com o adesivo.<\/p>\n\n\n\n<p class=\"wp-block-paragraph\">Apenas o parafuso do abridor de porta escuro e os outros dois parafusos na parte superior e inferior da ma\u00e7aneta longa cinza ainda seguram o lado direito do painel. Ap\u00f3s afrouxar estes cinco parafusos Phillips, o painel pode ser completamente removido.<\/p>\n\n\n<div class=\"wp-block-image\">\n<figure class=\"aligncenter size-large\"><img decoding=\"async\" width=\"470\" height=\"1024\" src=\"https:\/\/csiag.eu\/wp-content\/uploads\/2022\/05\/Tuere_demontiert-470x1024.jpg\" alt=\"\" class=\"wp-image-1814\" srcset=\"https:\/\/csiag.eu\/wp-content\/uploads\/2022\/05\/Tuere_demontiert-470x1024.jpg 470w, https:\/\/csiag.eu\/wp-content\/uploads\/2022\/05\/Tuere_demontiert-138x300.jpg 138w, https:\/\/csiag.eu\/wp-content\/uploads\/2022\/05\/Tuere_demontiert.jpg 551w\" sizes=\"(max-width: 470px) 100vw, 470px\" \/><figcaption class=\"wp-element-caption\">Painel interno da porta desmontado<\/figcaption><\/figure>\n<\/div>\n\n\n<p class=\"wp-block-paragraph\">Isto revela a liga\u00e7\u00e3o um tanto complexa e, portanto, propensa a falhas, que conecta os v\u00e1rios componentes entre si. \u00c0s vezes ele entorta, um suporte quebra ou precisa de lubrifica\u00e7\u00e3o. Todos os imponder\u00e1veis aos quais voc\u00ea n\u00e3o quer ser exposto em movimento.<\/p>\n\n\n\n<p class=\"wp-block-paragraph\">Em apenas alguns passos simples, todas as hastes podem ser desmontadas e a porta aguarda para ser reconstru\u00edda.<\/p>\n\n\n<div class=\"wp-block-image\">\n<figure class=\"aligncenter size-large\"><img decoding=\"async\" width=\"485\" height=\"1024\" src=\"https:\/\/csiag.eu\/wp-content\/uploads\/2022\/05\/Tuer_Schloss-485x1024.jpg\" alt=\"\" class=\"wp-image-1815\" srcset=\"https:\/\/csiag.eu\/wp-content\/uploads\/2022\/05\/Tuer_Schloss-485x1024.jpg 485w, https:\/\/csiag.eu\/wp-content\/uploads\/2022\/05\/Tuer_Schloss-142x300.jpg 142w, https:\/\/csiag.eu\/wp-content\/uploads\/2022\/05\/Tuer_Schloss.jpg 568w\" sizes=\"(max-width: 485px) 100vw, 485px\" \/><figcaption class=\"wp-element-caption\">Articula\u00e7\u00e3o da fechadura da porta<\/figcaption><\/figure>\n<\/div>\n\n\n<h2 class=\"wp-block-heading\"><span class=\"ez-toc-section\" id=\"Auswahl_der_neuen_Komponenten\"><\/span>Sele\u00e7\u00e3o de novos componentes<span class=\"ez-toc-section-end\"><\/span><\/h2>\n\n\n\n<p class=\"wp-block-paragraph\">O que \u00e9 melhor do que a constru\u00e7\u00e3o original da fechadura e o que \u00e9 adequado como prote\u00e7\u00e3o eficaz contra roubo?<\/p>\n\n\n\n<p class=\"wp-block-paragraph\">Todo mundo provavelmente conhece um convencional <a href=\"https:\/\/www.amazon.de\/ABUS-Einsteckschloss-TKZ40-edelstahl-45551\/dp\/B003LPUW7W\/ref=sr_1_36?__mk_de_DE=%C3%85M%C3%85%C5%BD%C3%95%C3%91&amp;crid=2OB33IF6S5U03&amp;keywords=t%C3%BCrschloss+abus&amp;qid=1652612219&amp;sprefix=t%C3%BCrschloss+abus%2Caps%2C185&amp;sr=8-36\" target=\"_blank\" rel=\"noreferrer noopener\">Fechadura de encaixe para porta<\/a> para uso com um cilindro de perfil adequado, bem como um chamado <a href=\"https:\/\/www.amazon.de\/ABUS-T%C3%BCr-Zusatzschloss-7010-Drehknauf-53294\/dp\/B0050G2ELM\/ref=sr_1_15?__mk_de_DE=%C3%85M%C3%85%C5%BD%C3%95%C3%91&amp;crid=2OB33IF6S5U03&amp;keywords=t%C3%BCrschloss%2Babus&amp;qid=1652612260&amp;sprefix=t%C3%BCrschloss%2Babus%2Caps%2C185&amp;sr=8-15&amp;th=1\" target=\"_blank\" rel=\"noreferrer noopener\">Bloqueio adicional<\/a>, que vem com tr\u00eas chaves e serve como prote\u00e7\u00e3o adicional contra roubo. Tamb\u00e9m podem ser instaladas duas fechaduras, uma acima e outra abaixo da fechadura antiga.<\/p>\n\n\n\n<p class=\"wp-block-paragraph\">\u00c9 melhor escolher o cilindro perfilado ap\u00f3s a conclus\u00e3o da estrutura da porta para poder determinar as dimens\u00f5es corretas. A espessura final da porta n\u00e3o deve ultrapassar 90 mm quando se utiliza a fechadura adicional mencionada acima.<br><br><\/p>\n\n\n\n<h2 class=\"wp-block-heading\"><span class=\"ez-toc-section\" id=\"Turaufbau\"><\/span>Estrutura da porta<span class=\"ez-toc-section-end\"><\/span><\/h2>\n\n\n\n<p class=\"wp-block-paragraph\">Para ter revestimento suficiente para as novas fechaduras ABUS, as placas de serigrafia servem como uma superf\u00edcie de montagem est\u00e1vel. A desvantagem \u00e9 o grande peso e a consequente maior carga nas dobradi\u00e7as da porta. No entanto, como uma casa m\u00f3vel est\u00e1 exposta a maiores flutua\u00e7\u00f5es de umidade, \u00e9 dif\u00edcil encontrar materiais de constru\u00e7\u00e3o alternativos mais leves. Eles tamb\u00e9m devem estar livres de distor\u00e7\u00f5es. Portanto, a escolha recaiu sobre a chapa serigr\u00e1fica.<\/p>\n\n\n\n<p class=\"wp-block-paragraph\">A economia de peso \u00e9 obtida atrav\u00e9s de furos dispostos em ambos os lados com uma profundidade de cerca de dois ter\u00e7os da espessura do painel, com a espessura original do painel de cerca de um cent\u00edmetro permanecendo entre os furos de copo adjacentes.<\/p>\n\n\n\n<p class=\"wp-block-paragraph\">Nas \u00e1reas previstas para instala\u00e7\u00e3o das fechaduras ABUS, a placa permanece em seu estado original.<\/p>\n\n\n\n<p class=\"wp-block-paragraph\">Uma placa de vidro acr\u00edlico, por exemplo na cor branca, pode servir como um acabamento visualmente bem-sucedido. No n\u00edvel de entrada, entretanto, o preto \u00e9 aconselh\u00e1vel. Arranh\u00f5es e sujeira nesta \u00e1rea dificilmente podem ser evitados, mas com vidro acr\u00edlico preto isso \u00e9 dificilmente vis\u00edvel.<\/p>\n\n\n\n<p class=\"wp-block-paragraph\"><br><\/p>\n\n\n\n<h2 class=\"wp-block-heading\"><span class=\"ez-toc-section\" id=\"Einbau_des_Zusatzschlosses\"><\/span>Instala\u00e7\u00e3o da fechadura adicional<span class=\"ez-toc-section-end\"><\/span><\/h2>\n\n\n\n<p class=\"wp-block-paragraph\">De acordo com o gabarito de perfura\u00e7\u00e3o fornecido, os furos s\u00e3o marcados no local desejado com um gravador. Certifique-se de que todas as perfura\u00e7\u00f5es estejam absolutamente em \u00e2ngulo reto!<\/p>\n\n\n\n<p class=\"wp-block-paragraph\">Comece pelo furo H\/K (*marcas no modelo de perfura\u00e7\u00e3o ABUS), correspondente \u00e0 porta articulada \u00e0 direita ou \u00e0 esquerda. Pr\u00e9-perfure com broca de 5 mm. O di\u00e2metro final da broca \u00e9 de 12 mm.<\/p>\n\n\n\n<p class=\"wp-block-paragraph\">A seguir \u00e9 feito o furo central G* ou L* com 35 mm, que serve de suporte para o cilindro externo da fechadura adicional.<\/p>\n\n\n\n<p class=\"wp-block-paragraph\">Na prepara\u00e7\u00e3o para a instala\u00e7\u00e3o, o comprimento do pino de trava e dos parafusos de reten\u00e7\u00e3o longos pode precisar ser ajustado de acordo com a espessura da porta. O parafuso de trava tamb\u00e9m deve ser removido ap\u00f3s afrouxar o parafuso Phillips na estrutura de fixa\u00e7\u00e3o. Como teste, o cilindro de travamento externo \u00e9 inserido no orif\u00edcio central e a placa de reten\u00e7\u00e3o na parte interna da porta \u00e9 fixada contra ele. Verifique se o pino do cilindro da fechadura est\u00e1 nivelado com a ranhura na placa do acionador e se os parafusos mais longos conectam firmemente ambas as pe\u00e7as da fechadura uma \u00e0 outra.<\/p>\n\n\n\n<p class=\"wp-block-paragraph\">Para evitar que, como aconteceu aqui, a fina folha de alum\u00ednio do revestimento externo seja puxada para dentro pela tens\u00e3o dos parafusos ao apertar e provoque um amassado, \u00e9 melhor colocar uma se\u00e7\u00e3o de tubo de alum\u00ednio de 20 mm, cortada no apropriado comprimento, sobre ele Empurre o pino do cilindro da trava. O comprimento deve ser tal que compense exatamente a dist\u00e2ncia entre a extremidade do cilindro da fechadura e o n\u00edvel do interior da porta. Desta forma, os parafusos podem ser apertados com firmeza, mas n\u00e3o deformam mais a camada externa.<\/p>\n\n\n\n<p class=\"wp-block-paragraph\">Agora a borda interna da tampa externa da trava pode ser completamente revestida com silicone, encaixada nos orif\u00edcios e a placa de reten\u00e7\u00e3o pode ser instalada. Certifique-se de que o pino do cilindro de travamento se encaixe perfeitamente e aperte os parafusos longos.<\/p>\n\n\n\n<p class=\"wp-block-paragraph\">Por fim, verifique a posi\u00e7\u00e3o de montagem vertical, corrija-a ligeiramente se necess\u00e1rio e fixe-a nas duas posi\u00e7\u00f5es M* com dois parafusos adequados.<\/p>\n\n\n\n<p class=\"wp-block-paragraph\">Ap\u00f3s cerca de duas horas, corte cuidadosamente e remova qualquer silicone que tenha escapado da parte externa da borda da tampa do cilindro da fechadura usando uma faca de corte em um \u00e2ngulo de 45 graus entre a tampa e a superf\u00edcie da porta.<\/p>\n\n\n<div class=\"wp-block-image\">\n<figure class=\"aligncenter size-large\"><img decoding=\"async\" width=\"768\" height=\"1024\" src=\"https:\/\/csiag.eu\/wp-content\/uploads\/2022\/05\/Z_Schloss-768x1024.jpg\" alt=\"\" class=\"wp-image-1821\" srcset=\"https:\/\/csiag.eu\/wp-content\/uploads\/2022\/05\/Z_Schloss-768x1024.jpg 768w, https:\/\/csiag.eu\/wp-content\/uploads\/2022\/05\/Z_Schloss-225x300.jpg 225w, https:\/\/csiag.eu\/wp-content\/uploads\/2022\/05\/Z_Schloss.jpg 900w\" sizes=\"(max-width: 768px) 100vw, 768px\" \/><figcaption class=\"wp-element-caption\">Instala\u00e7\u00e3o da fechadura adicional conclu\u00edda<\/figcaption><\/figure>\n<\/div>\n\n\n<p class=\"wp-block-paragraph\"><\/p>","protected":false},"excerpt":{"rendered":"<p><span class=\"span-reading-time rt-reading-time\" style=\"display: block;\"><span class=\"rt-label rt-prefix\">Tempo de leitura<\/span> <span class=\"rt-time\"> 4<\/span> <span class=\"rt-label rt-postfix\">minutos<\/span><\/span>A fechadura adicional ABUS tem uma classifica\u00e7\u00e3o de 90 pontos em 100 em termos de seguran\u00e7a e deve ser utilizada duas vezes neste caso. Uma vez que os assaltos em caravanas \/ autocaravanas s\u00e3o frequentemente objeto de discuss\u00e3o, tamb\u00e9m vou considerar este t\u00f3pico de uma s\u00f3 vez. L\u00ea-se sobre este problema uma e outra vez. \u00c9 simplesmente est\u00fapido quando esta porta, tal como a Niessmann Flair, \u00e9...&nbsp;<a href=\"https:\/\/csiag.eu\/pt\/blog\/2022\/07\/05\/tuerschloss-klemmt-zwei-fliegen-mit-einer-klappe\/\" rel=\"bookmark\">Ler mais \"<span class=\"screen-reader-text\">A fechadura da porta est\u00e1 presa\u2026 \u2013 Fechadura adicional ABUS<\/span><\/a><\/p>","protected":false},"author":1,"featured_media":0,"comment_status":"open","ping_status":"open","sticky":false,"template":"","format":"standard","meta":{"_lmt_disableupdate":"","_lmt_disable":"","neve_meta_sidebar":"","neve_meta_container":"","neve_meta_enable_content_width":"","neve_meta_content_width":0,"neve_meta_title_alignment":"","neve_meta_author_avatar":"","neve_post_elements_order":"","neve_meta_disable_header":"","neve_meta_disable_footer":"","neve_meta_disable_title":"","footnotes":""},"categories":[335,318],"tags":[599,594,596,595,597,593,598],"class_list":["post-2128","post","type-post","status-publish","format-standard","hentry","category-tuerschloss-klemmt-zwei-fliegen-mit-einer-klappe","category-womo-umbau","tag-abus","tag-demontage","tag-einbruchschutz","tag-klettstreifen","tag-tuereinsteckschloss","tag-tuerschloss-klemmt","tag-zusatzschloss"],"modified_by":"Achim Goerner","_links":{"self":[{"href":"https:\/\/csiag.eu\/pt\/wp-json\/wp\/v2\/posts\/2128","targetHints":{"allow":["GET"]}}],"collection":[{"href":"https:\/\/csiag.eu\/pt\/wp-json\/wp\/v2\/posts"}],"about":[{"href":"https:\/\/csiag.eu\/pt\/wp-json\/wp\/v2\/types\/post"}],"author":[{"embeddable":true,"href":"https:\/\/csiag.eu\/pt\/wp-json\/wp\/v2\/users\/1"}],"replies":[{"embeddable":true,"href":"https:\/\/csiag.eu\/pt\/wp-json\/wp\/v2\/comments?post=2128"}],"version-history":[{"count":0,"href":"https:\/\/csiag.eu\/pt\/wp-json\/wp\/v2\/posts\/2128\/revisions"}],"wp:attachment":[{"href":"https:\/\/csiag.eu\/pt\/wp-json\/wp\/v2\/media?parent=2128"}],"wp:term":[{"taxonomy":"category","embeddable":true,"href":"https:\/\/csiag.eu\/pt\/wp-json\/wp\/v2\/categories?post=2128"},{"taxonomy":"post_tag","embeddable":true,"href":"https:\/\/csiag.eu\/pt\/wp-json\/wp\/v2\/tags?post=2128"}],"curies":[{"name":"wp","href":"https:\/\/api.w.org\/{rel}","templated":true}]}}