{"id":5321,"date":"2023-10-12T07:29:44","date_gmt":"2023-10-12T07:29:44","guid":{"rendered":"https:\/\/csiag.eu\/?p=5321"},"modified":"2023-10-12T08:33:01","modified_gmt":"2023-10-12T08:33:01","slug":"tecnologia-de-audio","status":"publish","type":"post","link":"https:\/\/csiag.eu\/pt\/blog\/2023\/10\/12\/audio-technik\/","title":{"rendered":"Tecnologia de \u00e1udio"},"content":{"rendered":"<div id=\"ez-toc-container\" class=\"ez-toc-v2_0_86 counter-hierarchy ez-toc-counter ez-toc-grey ez-toc-container-direction\">\n<div class=\"ez-toc-title-container\">\n<p class=\"ez-toc-title\" style=\"cursor:inherit\">\u00cdndice<\/p>\n<span class=\"ez-toc-title-toggle\"><\/span><\/div>\n<nav><ul class='ez-toc-list ez-toc-list-level-1' ><li class='ez-toc-page-1 ez-toc-heading-level-2'><a class=\"ez-toc-link ez-toc-heading-1\" href=\"https:\/\/csiag.eu\/pt\/blog\/2023\/10\/12\/audio-technik\/#Budget_und_Zweck\" >Or\u00e7amento e prop\u00f3sito<\/a><\/li><li class='ez-toc-page-1 ez-toc-heading-level-2'><a class=\"ez-toc-link ez-toc-heading-2\" href=\"https:\/\/csiag.eu\/pt\/blog\/2023\/10\/12\/audio-technik\/#Kabel_ade_%E2%80%A6\" >Adeus cabo...<\/a><\/li><li class='ez-toc-page-1 ez-toc-heading-level-2'><a class=\"ez-toc-link ez-toc-heading-3\" href=\"https:\/\/csiag.eu\/pt\/blog\/2023\/10\/12\/audio-technik\/#Frequenz-Dschungel\" >Selva de frequ\u00eancia<\/a><ul class='ez-toc-list-level-3' ><li class='ez-toc-heading-level-3'><a class=\"ez-toc-link ez-toc-heading-4\" href=\"https:\/\/csiag.eu\/pt\/blog\/2023\/10\/12\/audio-technik\/#Bandbreite\" >Largura de banda<\/a><\/li><li class='ez-toc-page-1 ez-toc-heading-level-3'><a class=\"ez-toc-link ez-toc-heading-5\" href=\"https:\/\/csiag.eu\/pt\/blog\/2023\/10\/12\/audio-technik\/#Latenz\" >lat\u00eancia<\/a><\/li><li class='ez-toc-page-1 ez-toc-heading-level-3'><a class=\"ez-toc-link ez-toc-heading-6\" href=\"https:\/\/csiag.eu\/pt\/blog\/2023\/10\/12\/audio-technik\/#Empfehlung\" >Recomenda\u00e7\u00e3o<\/a><\/li><\/ul><\/li><li class='ez-toc-page-1 ez-toc-heading-level-2'><a class=\"ez-toc-link ez-toc-heading-7\" href=\"https:\/\/csiag.eu\/pt\/blog\/2023\/10\/12\/audio-technik\/#Billig_oder_gut\" >Barato ou bom?<\/a><ul class='ez-toc-list-level-3' ><li class='ez-toc-heading-level-3'><a class=\"ez-toc-link ez-toc-heading-8\" href=\"https:\/\/csiag.eu\/pt\/blog\/2023\/10\/12\/audio-technik\/#Gebrauchtmarkt\" >Mercado usado<\/a><\/li><\/ul><\/li><li class='ez-toc-page-1 ez-toc-heading-level-2'><a class=\"ez-toc-link ez-toc-heading-9\" href=\"https:\/\/csiag.eu\/pt\/blog\/2023\/10\/12\/audio-technik\/#Mikrofone\" >Microfones<\/a><ul class='ez-toc-list-level-3' ><li class='ez-toc-heading-level-3'><a class=\"ez-toc-link ez-toc-heading-10\" href=\"https:\/\/csiag.eu\/pt\/blog\/2023\/10\/12\/audio-technik\/#Richtcharakteristik\" >Padr\u00e3o polar<\/a><\/li><\/ul><\/li><li class='ez-toc-page-1 ez-toc-heading-level-2'><a class=\"ez-toc-link ez-toc-heading-11\" href=\"https:\/\/csiag.eu\/pt\/blog\/2023\/10\/12\/audio-technik\/#Digital-Mischpult\" >Misturador digital<\/a><\/li><li class='ez-toc-page-1 ez-toc-heading-level-2'><a class=\"ez-toc-link ez-toc-heading-12\" href=\"https:\/\/csiag.eu\/pt\/blog\/2023\/10\/12\/audio-technik\/#Beschallung\" >Refor\u00e7o de som<\/a><\/li><li class='ez-toc-page-1 ez-toc-heading-level-2'><a class=\"ez-toc-link ez-toc-heading-13\" href=\"https:\/\/csiag.eu\/pt\/blog\/2023\/10\/12\/audio-technik\/#Und_nun\" >E agora?<\/a><\/li><\/ul><\/nav><\/div>\n<span class=\"span-reading-time rt-reading-time\" style=\"display: block;\"><span class=\"rt-label rt-prefix\">Tempo de leitura<\/span> <span class=\"rt-time\"> 5<\/span> <span class=\"rt-label rt-postfix\">minutos<\/span><\/span>\n<p class=\"wp-block-paragraph\">Tecnologia de \u00e1udio com qualidade de est\u00fadio \u2013 com um or\u00e7amento apertado, isso \u00e9 poss\u00edvel? Dentro de certos limites, esta quest\u00e3o pode definitivamente ser respondida com sim. Gra\u00e7as \u00e0 tecnologia digital, o pau para toda obra que p\u00f5e ovos j\u00e1 n\u00e3o est\u00e1 fora de alcance e tamb\u00e9m pode ser alcan\u00e7ado com or\u00e7amentos abaixo do limite de cinco d\u00edgitos do euro.<\/p>\n\n\n\n<h2 class=\"wp-block-heading\"><span class=\"ez-toc-section\" id=\"Budget_und_Zweck\"><\/span>Or\u00e7amento e prop\u00f3sito<span class=\"ez-toc-section-end\"><\/span><\/h2>\n\n\n\n<p class=\"wp-block-paragraph\">As duas quest\u00f5es mais importantes s\u00e3o: qual \u00e9 o tamanho do or\u00e7amento e a que prop\u00f3sito deve servir? Trata-se principalmente de oradores, um ou v\u00e1rios num grupo de discuss\u00e3o, ou de m\u00fasicos, cantores, grupos mais pequenos? \u00c9 uma instala\u00e7\u00e3o m\u00f3vel ou fixa? Como os quartos s\u00e3o projetados? Que tipo de sistema de som \u00e9 desejado?<\/p>\n\n\n\n<h2 class=\"wp-block-heading\"><span class=\"ez-toc-section\" id=\"Kabel_ade_%E2%80%A6\"><\/span>Adeus cabo...<span class=\"ez-toc-section-end\"><\/span><\/h2>\n\n\n\n<p class=\"wp-block-paragraph\">Os cabos s\u00e3o coisa do passado, e \u00e9 por isso que a transmiss\u00e3o de \u00e1udio \u00e9 predominantemente implementada sem fio. Al\u00e9m do Bluetooth, por exemplo para monitorar alto-falantes, s\u00e3o utilizadas diversas faixas de frequ\u00eancia, dentro das quais algumas podem ser utilizadas sem autoriza\u00e7\u00e3o, enquanto outras est\u00e3o sujeitas a uma taxa.<\/p>\n\n\n\n<h2 class=\"wp-block-heading\"><span class=\"ez-toc-section\" id=\"Frequenz-Dschungel\"><\/span>Selva de frequ\u00eancia<span class=\"ez-toc-section-end\"><\/span><\/h2>\n\n\n\n<p class=\"wp-block-paragraph\">A escolha da faixa de frequ\u00eancia deve ser precedida de algumas considera\u00e7\u00f5es: quanto maior a dist\u00e2ncia entre o transmissor e o receptor, menor ser\u00e1 a frequ\u00eancia a ser selecionada. \u00c0 medida que a frequ\u00eancia aumenta, o alcance ou a capacidade das ondas de r\u00e1dio de penetrar obst\u00e1culos diminui. Al\u00e9m disso, algumas faixas de frequ\u00eancia n\u00e3o s\u00e3o reservadas para uso exclusivo para fins de transmiss\u00e3o de \u00e1udio, raz\u00e3o pela qual n\u00e3o pode ser garantida a aus\u00eancia de interfer\u00eancias. Finalmente, alguns lan\u00e7amentos de frequ\u00eancia s\u00e3o limitados no tempo, o que incentiva os retalhistas \u00e1vidos a anunciar ofertas especiais que parecem ser extremamente acess\u00edveis e, portanto, lucrativas. Infelizmente, o facto de as frequ\u00eancias oferecidas terem um prazo de validade pr\u00f3ximo \u00e9 muitas vezes uma quest\u00e3o diferente.<\/p>\n\n\n\n<h3 class=\"wp-block-heading\"><span class=\"ez-toc-section\" id=\"Bandbreite\"><\/span>Largura de banda<span class=\"ez-toc-section-end\"><\/span><\/h3>\n\n\n\n<p class=\"wp-block-paragraph\">A largura de banda dispon\u00edvel de uma frequ\u00eancia selecionada tamb\u00e9m merece aten\u00e7\u00e3o especial. Se v\u00e1rios transmissores tiverem que compartilhar uma faixa de frequ\u00eancia, por exemplo, na banda ISM\/SRD 863 - 865 com apenas 2 MHz, voc\u00ea poder\u00e1 atingir rapidamente os limites se for necess\u00e1ria uma determinada qualidade de \u00e1udio.<\/p>\n\n\n\n<h3 class=\"wp-block-heading\"><span class=\"ez-toc-section\" id=\"Latenz\"><\/span>lat\u00eancia<span class=\"ez-toc-section-end\"><\/span><\/h3>\n\n\n\n<p class=\"wp-block-paragraph\">A lat\u00eancia dentro da respectiva faixa de frequ\u00eancia \u00e9 outra considera\u00e7\u00e3o. Embora em audioconfer\u00eancias n\u00e3o importe alguns milissegundos se voc\u00ea ouvir o palestrante 20 ms depois da palavra ter sido dita, isso est\u00e1 fora de quest\u00e3o para m\u00fasicos ou cantores.<\/p>\n\n\n\n<h3 class=\"wp-block-heading\"><span class=\"ez-toc-section\" id=\"Empfehlung\"><\/span>Recomenda\u00e7\u00e3o<span class=\"ez-toc-section-end\"><\/span><\/h3>\n\n\n\n<p class=\"wp-block-paragraph\">Depois de pesar todas as eventualidades, apenas frequ\u00eancias na faixa de s\u00e3o recomendadas <strong>470 a 608 MHz<\/strong> e <strong>614 a 694 MHz<\/strong>, \u2013 pelo menos at\u00e9 2030, porque ent\u00e3o a sua aprova\u00e7\u00e3o expirar\u00e1 de acordo com a dota\u00e7\u00e3o geral <a href=\"https:\/\/images.static-thomann.de\/pics\/atg\/atgdata\/document\/info\/vfg_034_2020.pdf\" target=\"_blank\" rel=\"noopener\">34\/2020<\/a>,<\/p>\n\n\n\n<h2 class=\"wp-block-heading\"><span class=\"ez-toc-section\" id=\"Billig_oder_gut\"><\/span>Barato ou bom?<span class=\"ez-toc-section-end\"><\/span><\/h2>\n\n\n\n<p class=\"wp-block-paragraph\">O fabricante ao qual voc\u00ea adjudicar\u00e1 o contrato n\u00e3o deve depender principalmente da oferta de pre\u00e7o. O ditado \u201cQuem compra barato, compra duas vezes\u201d e portanto mais caro, certamente se justifica.<br>Mesmo que a data de expira\u00e7\u00e3o das frequ\u00eancias utiliz\u00e1veis possa encoraj\u00e1-lo a dizer que voc\u00ea precisa investir novamente de qualquer maneira, ent\u00e3o tamb\u00e9m pode ser algo \u201cbarato\u201d, isso pode muito bem ser verdade em casos de uso privado e de hobby. Mas se necessita de um equipamento em que possa confiar porque \u00e9 utilizado profissionalmente, tamb\u00e9m deve ter em conta aspectos como disponibilidade de servi\u00e7o, per\u00edodo de garantia, disponibilidade de pe\u00e7as sobressalentes, etc.<br>Os fabricantes presentes no mercado h\u00e1 d\u00e9cadas contam com produtos sofisticados, ampla rede de servi\u00e7os, atendimento dispon\u00edvel e capacidade de armazenamento para poder entregar as pe\u00e7as de reposi\u00e7\u00e3o necess\u00e1rias mesmo ap\u00f3s o t\u00e9rmino do per\u00edodo de garantia.<\/p>\n\n\n\n<h3 class=\"wp-block-heading\"><span class=\"ez-toc-section\" id=\"Gebrauchtmarkt\"><\/span>Mercado usado<span class=\"ez-toc-section-end\"><\/span><\/h3>\n\n\n\n<p class=\"wp-block-paragraph\">Equipamento usado como meio-termo? Por que n\u00e3o! Supondo, \u00e9 claro, que n\u00e3o envolva uma \u201cdata de validade\u201d pr\u00f3xima, como mencionado anteriormente. Aqui voc\u00ea normalmente obter\u00e1 equipamentos de alta qualidade a pre\u00e7os razo\u00e1veis e ainda ter\u00e1 uma longa vida \u00fatil. Os revendedores de equipamentos de est\u00fadio usados geralmente oferecem apenas um ano de garantia, em compara\u00e7\u00e3o com tr\u00eas ou mais anos para equipamentos novos, mas \u00e9 melhor do que nada.<\/p>\n\n\n\n<h2 class=\"wp-block-heading\"><span class=\"ez-toc-section\" id=\"Mikrofone\"><\/span>Microfones<span class=\"ez-toc-section-end\"><\/span><\/h2>\n\n\n\n<p class=\"wp-block-paragraph\">A escolha dos microfones depende do uso pretendido: fala, canto, quais caracter\u00edsticas direcionais, microfone de lapela, head set, captadores para instrumentos de corda, guitarras, etc.<\/p>\n\n\n\n<p class=\"wp-block-paragraph\">Um microfone pode ser projetado como microfone din\u00e2mico ou condensador.<\/p>\n\n\n\n<p class=\"wp-block-paragraph\">O microfone din\u00e2mico possui uma membrana comparativamente grande, \u00e9 preferencialmente usado em altos n\u00edveis de press\u00e3o sonora (canto), \u00e9 muito robusto e \u00e9 mais do que resistente a efeitos de feedback.<\/p>\n\n\n\n<p class=\"wp-block-paragraph\">Microfones condensadores s\u00e3o mais sens\u00edveis e mais prov\u00e1veis de serem encontrados em microfones direcionais. Voc\u00ea precisa de uma fonte de tens\u00e3o na forma de bateria ou a chamada alimenta\u00e7\u00e3o fantasma com 48 V DC (+\/- 4 V DC) via cabo. Microfones operados por bateria podem variar muito em termos de requisitos de energia. Dois microfones id\u00eanticos n\u00e3o precisam necessariamente ter o mesmo tempo de opera\u00e7\u00e3o.<\/p>\n\n\n\n<p class=\"wp-block-paragraph\">O diagrama de resposta de frequ\u00eancia de um microfone mostra sua sensibilidade em toda a faixa de frequ\u00eancia. Quanto mais linear for a progress\u00e3o, menos corre\u00e7\u00e3o ser\u00e1 necess\u00e1ria ao gravar no mixer downstream.<\/p>\n\n\n<div class=\"wp-block-image\">\n<figure class=\"aligncenter size-large is-resized\"><img decoding=\"async\" src=\"https:\/\/csiag.eu\/wp-content\/uploads\/2023\/08\/image-3-1024x432.png\" alt=\"\" class=\"wp-image-5006\" style=\"width:529px;height:223px\" width=\"529\" height=\"223\" srcset=\"https:\/\/csiag.eu\/wp-content\/uploads\/2023\/08\/image-3-1024x432.png 1024w, https:\/\/csiag.eu\/wp-content\/uploads\/2023\/08\/image-3-300x127.png 300w, https:\/\/csiag.eu\/wp-content\/uploads\/2023\/08\/image-3-768x324.png 768w, https:\/\/csiag.eu\/wp-content\/uploads\/2023\/08\/image-3.png 1326w\" sizes=\"(max-width: 529px) 100vw, 529px\" \/><figcaption class=\"wp-element-caption\">Microfone din\u00e2mico<br><em>Linhas tracejadas \u2013 redu\u00e7\u00e3o de graves comutada<\/em><\/figcaption><\/figure>\n<\/div>\n\n<div class=\"wp-block-image\">\n<figure class=\"aligncenter size-large is-resized\"><img decoding=\"async\" src=\"https:\/\/csiag.eu\/wp-content\/uploads\/2023\/08\/image-4-1024x387.png\" alt=\"\" class=\"wp-image-5009\" style=\"width:543px;height:206px\" width=\"543\" height=\"206\" srcset=\"https:\/\/csiag.eu\/wp-content\/uploads\/2023\/08\/image-4-1024x387.png 1024w, https:\/\/csiag.eu\/wp-content\/uploads\/2023\/08\/image-4-1536x581.png 1536w, https:\/\/csiag.eu\/wp-content\/uploads\/2023\/08\/image-4-300x113.png 300w, https:\/\/csiag.eu\/wp-content\/uploads\/2023\/08\/image-4-768x290.png 768w, https:\/\/csiag.eu\/wp-content\/uploads\/2023\/08\/image-4.png 1692w\" sizes=\"(max-width: 543px) 100vw, 543px\" \/><figcaption class=\"wp-element-caption\">Microfone condensador<\/figcaption><\/figure>\n<\/div>\n\n\n<p class=\"wp-block-paragraph\">Alto-falantes e cantores geralmente apreciam fones de ouvido. As m\u00e3os permanecem livres, n\u00e3o h\u00e1 necessidade de manter uma dist\u00e2ncia constante do microfone e a qualidade da fala\/canto \u00e9 sempre consistente. Microfones de lapela s\u00e3o usados \u201cocasionalmente\u201d. A desvantagem \u00e9 que o microfone pode ser tocado ao fazer gestos de varredura, o que pode levar a interrup\u00e7\u00f5es desagrad\u00e1veis na grava\u00e7\u00e3o\/transmiss\u00e3o.<\/p>\n\n\n\n<h3 class=\"wp-block-heading\"><span class=\"ez-toc-section\" id=\"Richtcharakteristik\"><\/span>Padr\u00e3o polar<span class=\"ez-toc-section-end\"><\/span><\/h3>\n\n\n\n<p class=\"wp-block-paragraph\">A caracter\u00edstica direcional de um microfone depende se a fonte de \u00e1udio vem preferencialmente de uma dire\u00e7\u00e3o e se o ru\u00eddo lateral \u00e9 bloqueado (cardi\u00f3ide, supercardi\u00f3ide, hipercardi\u00f3ide, clube), ou com um microfone central todas as fontes, por exemplo, dispostas em um c\u00edrculo ao redor dele deve ser registrado igualmente (esfera), ou a caracter\u00edstica do oito para interlocutores opostos um ao outro.<\/p>\n\n\n\n<p class=\"wp-block-paragraph\">A esfera capta som de todas as dire\u00e7\u00f5es, tem forte tend\u00eancia a feedback, mas n\u00e3o \u00e9 muito sens\u00edvel ao vento ou a ru\u00eddos de estalo e tem uma boa caracter\u00edstica de graves.<\/p>\n\n\n\n<p class=\"wp-block-paragraph\">O cardi\u00f3ide filtra muito bem as fontes de som traseiras, \u00e9 menos sens\u00edvel ao feedback, mas \u00e9 mais sens\u00edvel ao impacto e ao ru\u00eddo proveniente da estrutura e requer medidas de dissocia\u00e7\u00e3o adequadas. Em conversas pr\u00f3ximas, ele tende a amplificar as frequ\u00eancias baixas, raz\u00e3o pela qual um interruptor para fala geralmente ativa um filtro de graves.<\/p>\n\n\n\n<p class=\"wp-block-paragraph\">Observe que \u00e0 medida que a direcionalidade aumenta (super\/hipercardi\u00f3ide), ru\u00eddos que ocorrem na dire\u00e7\u00e3o oposta, bem como em \u00e2ngulos retos, tamb\u00e9m ganham influ\u00eancia.<\/p>\n\n\n\n<p class=\"wp-block-paragraph\">O taco \u00e9 o menos sens\u00edvel ao som proveniente da lateral, mas \u00e9 muito sens\u00edvel ao ru\u00eddo proveniente da estrutura e de impacto, raz\u00e3o pela qual deve ser assegurado um bom desacoplamento.<\/p>\n\n\n\n<p class=\"wp-block-paragraph\">Aqui est\u00e3o as diferentes caracter\u00edsticas dos diagramas polares:<\/p>\n\n\n\n<figure class=\"wp-block-image size-large\"><img decoding=\"async\" width=\"1024\" height=\"188\" src=\"https:\/\/csiag.eu\/wp-content\/uploads\/2023\/08\/image-2-1024x188.png\" alt=\"\" class=\"wp-image-5003\" srcset=\"https:\/\/csiag.eu\/wp-content\/uploads\/2023\/08\/image-2-1024x188.png 1024w, https:\/\/csiag.eu\/wp-content\/uploads\/2023\/08\/image-2-1536x283.png 1536w, https:\/\/csiag.eu\/wp-content\/uploads\/2023\/08\/image-2-2048x377.png 2048w, https:\/\/csiag.eu\/wp-content\/uploads\/2023\/08\/image-2-300x55.png 300w, https:\/\/csiag.eu\/wp-content\/uploads\/2023\/08\/image-2-768x141.png 768w\" sizes=\"(max-width: 1024px) 100vw, 1024px\" \/><\/figure>\n\n\n\n<h2 class=\"wp-block-heading\"><span class=\"ez-toc-section\" id=\"Digital-Mischpult\"><\/span>Misturador digital<span class=\"ez-toc-section-end\"><\/span><\/h2>\n\n\n\n<p class=\"wp-block-paragraph\">O dimensionamento de um console de mixagem digital \u00e9 geralmente o \u00faltimo obst\u00e1culo no caminho para mixagem e grava\u00e7\u00e3o de \u00e1udio profissional. Quantas entradas e sa\u00eddas s\u00e3o necess\u00e1rias, deve haver uma op\u00e7\u00e3o de grava\u00e7\u00e3o integrada, sinais digitais, anal\u00f3gicos podem ser processados, etc.?<br>Em geral, pode-se dizer que \u00e9 melhor superdimensionar do que subdimensionar. Para voltar ao pau para toda obra mencionado no in\u00edcio, um exemplo recomendado \u00e9 o m\u00f3vel e estacion\u00e1rio <em><a href=\"https:\/\/www.thomann.de\/de\/midas_m_32_live.htm\" target=\"_blank\" rel=\"noopener\">Midas M32 ao vivo<\/a><\/em> chamado. Tem tudo o que um cora\u00e7\u00e3o de \u00e1udio deseja, pode ser expandido em v\u00e1rias dire\u00e7\u00f5es e \u00e9 dif\u00edcil de bater em termos de rela\u00e7\u00e3o pre\u00e7o-desempenho em torno de 3.500 euros com uma taxa de amostragem de 48 kHz.<\/p>\n\n\n\n<p class=\"wp-block-paragraph\">Se voc\u00ea precisa de uma taxa de amostragem de 96 kHz, \u00e9 isso <a href=\"https:\/\/www.thomann.de\/de\/allen_heath_sq6.htm\" target=\"_blank\" rel=\"noopener\">Allen e Heath SQ6<\/a> um bom conselho, mesmo que seja inferior ao mixer de 48 kHz mencionado acima em alguns aspectos.<\/p>\n\n\n\n<p class=\"wp-block-paragraph\">A decis\u00e3o de compra deve sempre ser baseada nos par\u00e2metros relevantes e essenciais para a sua pr\u00f3pria aplica\u00e7\u00e3o, inclusive prospectivamente.<\/p>\n\n\n\n<h2 class=\"wp-block-heading\"><span class=\"ez-toc-section\" id=\"Beschallung\"><\/span>Refor\u00e7o de som<span class=\"ez-toc-section-end\"><\/span><\/h2>\n\n\n\n<p class=\"wp-block-paragraph\">O c\u00edrculo se fecha com o design do sistema de som. Dependendo das condi\u00e7\u00f5es espaciais relacionadas ao som, pode ser aconselh\u00e1vel obter recomenda\u00e7\u00f5es de um planejador de ac\u00fastica ambiente. Se n\u00e3o pretende equipar e sonorizar uma sala de concertos, mas sim uma sala de reuni\u00f5es, normalmente alugada, por exemplo, pretende manter os seus investimentos imobili\u00e1rios dentro de um limite bastante administr\u00e1vel. Consequentemente, as medidas acusticamente corretivas limitam-se a absorvedores sonoros m\u00f3veis ou, simplesmente, a materiais de cortina para evitar reflex\u00f5es sonoras indesejadas.<\/p>\n\n\n\n<p class=\"wp-block-paragraph\">A escolha dos sistemas de refor\u00e7o sonoro tamb\u00e9m deve ser precedida de aconselhamento profissional, caso voc\u00ea n\u00e3o possua os conhecimentos especializados relevantes. Uma alternativa econ\u00f3mica pode ser olhar em salas semelhantes e ouvir os sistemas a\u00ed instalados e falar com os operadores. Novamente, deve-se dar prefer\u00eancia a fabricantes conhecidos de sistemas de alto-falantes se voc\u00ea quiser aproveitar o investimento por muitos anos sem arrependimentos.<\/p>\n\n\n\n<h2 class=\"wp-block-heading\"><span class=\"ez-toc-section\" id=\"Und_nun\"><\/span>E agora?<span class=\"ez-toc-section-end\"><\/span><\/h2>\n\n\n\n<p class=\"wp-block-paragraph\">Agora \u00e9 importante anotar, com base nas ideias acima, como os seus pr\u00f3prios requisitos s\u00e3o concebidos para poder obter conselhos e recomenda\u00e7\u00f5es direcionadas, por um lado, e para poder criar uma lista de materiais dentro do or\u00e7amento dispon\u00edvel em o outro. Ent\u00e3o partimos em busca de equipamentos adequados.<\/p>","protected":false},"excerpt":{"rendered":"<p><span class=\"span-reading-time rt-reading-time\" style=\"display: block;\"><span class=\"rt-label rt-prefix\">Tempo de leitura<\/span> <span class=\"rt-time\"> 5<\/span> <span class=\"rt-label rt-postfix\">minutos<\/span><\/span>Tecnologia de \u00e1udio com qualidade de est\u00fadio com um or\u00e7amento apertado - \u00e9 poss\u00edvel? Dentro de certos limites, a resposta a esta pergunta pode ser certamente afirmativa. Gra\u00e7as \u00e0 tecnologia digital, a \"porca que p\u00f5e ovos e produz leite de l\u00e3\" j\u00e1 n\u00e3o est\u00e1 fora de alcance e pode tamb\u00e9m ser realizada com or\u00e7amentos inferiores a cinco d\u00edgitos de euros. Or\u00e7amento e objetivo As duas quest\u00f5es mais importantes s\u00e3o: qual a dimens\u00e3o do projeto?&nbsp;<a href=\"https:\/\/csiag.eu\/pt\/blog\/2023\/10\/12\/audio-technik\/\" rel=\"bookmark\">Ler mais \"<span class=\"screen-reader-text\">Tecnologia de \u00e1udio<\/span><\/a><\/p>","protected":false},"author":1,"featured_media":0,"comment_status":"open","ping_status":"open","sticky":false,"template":"","format":"standard","meta":{"_lmt_disableupdate":"","_lmt_disable":"","neve_meta_sidebar":"","neve_meta_container":"","neve_meta_enable_content_width":"","neve_meta_content_width":0,"neve_meta_title_alignment":"","neve_meta_author_avatar":"","neve_post_elements_order":"","neve_meta_disable_header":"","neve_meta_disable_footer":"","neve_meta_disable_title":"","footnotes":""},"categories":[2079],"tags":[2495,2095,548,2490,2476,2085,2485,524,2487,2471,2472,2489,2482,2084,2087,2486,1425,2479,2478,2474,2493,2093,1366,2480,2491,2092,549,2349,2494,2473,2488,477,2081,141,2481,713,2483,2082,2484,2094,2091,2477,2492,2086],"class_list":["post-5321","post","type-post","status-publish","format-standard","hentry","category-audio-technik","tag-allen-heath-sq6","tag-allgemeinzuteilung","tag-audio","tag-aufnahme","tag-bandbreite","tag-beschallung","tag-betriebsdauer","tag-bluetooth","tag-diagramm","tag-digital","tag-digital-technik","tag-dynamisches-mikrofon","tag-empfindlichkeit","tag-frequenzband","tag-frequenzbereich","tag-frequenzgang","tag-garantie","tag-gebraucht","tag-gebrauchtmarkt","tag-gebuehrenpflichtig","tag-hyper-niere","tag-ism-band","tag-kabel","tag-kondensator-mikrofon","tag-kugel","tag-latenz","tag-lautsprecher","tag-linear","tag-midas-m32-live","tag-mikrofon","tag-mischpult","tag-monitor","tag-musiker","tag-niere","tag-phantomspeisung","tag-reichweite","tag-richtcharakteristik","tag-saenger","tag-spanungsquelle","tag-srd-band","tag-stoerungsfreiheit","tag-studio-equipment","tag-super-niere","tag-uebertragung"],"modified_by":"Achim Goerner","_links":{"self":[{"href":"https:\/\/csiag.eu\/pt\/wp-json\/wp\/v2\/posts\/5321","targetHints":{"allow":["GET"]}}],"collection":[{"href":"https:\/\/csiag.eu\/pt\/wp-json\/wp\/v2\/posts"}],"about":[{"href":"https:\/\/csiag.eu\/pt\/wp-json\/wp\/v2\/types\/post"}],"author":[{"embeddable":true,"href":"https:\/\/csiag.eu\/pt\/wp-json\/wp\/v2\/users\/1"}],"replies":[{"embeddable":true,"href":"https:\/\/csiag.eu\/pt\/wp-json\/wp\/v2\/comments?post=5321"}],"version-history":[{"count":0,"href":"https:\/\/csiag.eu\/pt\/wp-json\/wp\/v2\/posts\/5321\/revisions"}],"wp:attachment":[{"href":"https:\/\/csiag.eu\/pt\/wp-json\/wp\/v2\/media?parent=5321"}],"wp:term":[{"taxonomy":"category","embeddable":true,"href":"https:\/\/csiag.eu\/pt\/wp-json\/wp\/v2\/categories?post=5321"},{"taxonomy":"post_tag","embeddable":true,"href":"https:\/\/csiag.eu\/pt\/wp-json\/wp\/v2\/tags?post=5321"}],"curies":[{"name":"wp","href":"https:\/\/api.w.org\/{rel}","templated":true}]}}