{"id":11158,"date":"2025-09-15T19:08:29","date_gmt":"2025-09-15T19:08:29","guid":{"rendered":"https:\/\/csiag.eu\/?p=11158"},"modified":"2025-10-06T19:17:57","modified_gmt":"2025-10-06T19:17:57","slug":"senteti%cc%87k-mrna-asilari-ve-transkri%cc%87ptomi%cc%87k-duezensi%cc%87zli%cc%87k-asilama-sonrasi-yeni%cc%87-baslayan-advers-olaylar-ve-kanserlerden-elde-edi%cc%87len-kanitlar","status":"publish","type":"post","link":"https:\/\/csiag.eu\/tr\/blog\/2025\/09\/15\/synthetic-mrna-vaccines-and-transcriptomic-dysregulation-evidence-from-new-onset-adverse-events-and-cancers-post-vaccination\/","title":{"rendered":"Sentetik mRNA A\u015f\u0131lar\u0131 ve Transkriptomik D\u00fczensizlik: A\u015f\u0131lama Sonras\u0131 Yeni Ba\u015flayan Advers Olaylar ve Kanserlerden Elde Edilen Kan\u0131tlar"},"content":{"rendered":"<div id=\"ez-toc-container\" class=\"ez-toc-v2_0_86 counter-hierarchy ez-toc-counter ez-toc-grey ez-toc-container-direction\">\n<div class=\"ez-toc-title-container\">\n<p class=\"ez-toc-title\" style=\"cursor:inherit\">\u0130\u00e7indekiler tablosu<\/p>\n<span class=\"ez-toc-title-toggle\"><\/span><\/div>\n<nav><ul class='ez-toc-list ez-toc-list-level-1' ><li class='ez-toc-page-1 ez-toc-heading-level-2'><a class=\"ez-toc-link ez-toc-heading-1\" href=\"https:\/\/csiag.eu\/tr\/blog\/2025\/09\/15\/synthetic-mrna-vaccines-and-transcriptomic-dysregulation-evidence-from-new-onset-adverse-events-and-cancers-post-vaccination\/#A_Systematic_Review_of_Autopsy_Findings_in_Deaths_after_COVID-19_Vaccination\" >COVID-19 A\u015f\u0131lamas\u0131 Sonras\u0131 \u00d6l\u00fcmlerde Otopsi Bulgular\u0131n\u0131n Sistematik Bir \u0130ncelemesi<\/a><\/li><li class='ez-toc-page-1 ez-toc-heading-level-2'><a class=\"ez-toc-link ez-toc-heading-2\" href=\"https:\/\/csiag.eu\/tr\/blog\/2025\/09\/15\/synthetic-mrna-vaccines-and-transcriptomic-dysregulation-evidence-from-new-onset-adverse-events-and-cancers-post-vaccination\/#Fazit\" >Sonu\u00e7<\/a><\/li><\/ul><\/nav><\/div>\n<span class=\"span-reading-time rt-reading-time\" style=\"display: block;\"><span class=\"rt-label rt-prefix\">Okuma s\u00fcresi<\/span> <span class=\"rt-time\"> 4<\/span> <span class=\"rt-label rt-postfix\">dakika<\/span><\/span>\n<p class=\"wp-block-paragraph\">Sesli versiyon\n<script async defer src=\"https:\/\/proxy.beyondwords.io\/npm\/@beyondwords\/player@latest\/dist\/umd.js\"\n  onload=\"new BeyondWords.Player({\n    target: this,\n    projectId: 52646,\n    contentId: '1957fc44-e3e4-4fd5-b0a8-129a5a6b6ef0',\n    playerStyle: 'standard',\n    video: true,\n    callToAction: 'H\u00f6ren Sie diesen Artikel ...'\n  })\">\n<\/script>\n<\/p>\n\n\n\n<p class=\"wp-block-paragraph\">Ba\u015fl\u0131k alt\u0131nda \"<em>Sentetik mRNA A\u015f\u0131lar\u0131 ve Transkriptomik D\u00fczensizlik: A\u015f\u0131lama Sonras\u0131 Yeni Ba\u015flayan Advers Olaylar ve Kanserlerden Elde Edilen Kan\u0131tlar<\/em>\" (Almanca: <em>\"Sentetik mRNA a\u015f\u0131lar\u0131 ve transkriptomik d\u00fczensizlik: a\u015f\u0131lamay\u0131 takiben ortaya \u00e7\u0131kan advers olaylar\u0131n ve kanserlerin kan\u0131t\u0131\"<\/em>Natalia von Ranke, Wei Zhang, Philipp Anokin, <a href=\"https:\/\/sciprofiles.com\/profile\/NicolasHulscher\" target=\"_blank\" rel=\"noreferrer noopener\">Nicolas Hulscher<\/a>, <a href=\"https:\/\/sciprofiles.com\/profile\/2024928\" target=\"_blank\" rel=\"noreferrer noopener\">Kevin J. McKernan<\/a>, Peter A. McCullough &amp; <a href=\"https:\/\/sciprofiles.com\/profile\/2712787\" target=\"_blank\" rel=\"noreferrer noopener\">John A. Catanzaro<\/a> 25.07.2025 tarihinde DOI 10.20944\/preprints202507\/.2155.v1 alt\u0131nda yay\u0131nlanm\u0131\u015ft\u0131r. <a href=\"https:\/\/www.preprints.org\/manuscript\/202507.2155\/v1\" target=\"_blank\" rel=\"noreferrer noopener\">preprints.org<\/a> \u00e7al\u0131\u015fmalar\u0131n\u0131 yay\u0131nlad\u0131lar. <\/p>\n\n\n\n<p class=\"wp-block-paragraph\">11 Eyl\u00fcl 2025 tarihinde, uncutnews.ch'nin bir haberinde bildirdi\u011fi \u00fczere, \u00f6n bask\u0131 preprints.org'dan geri \u00e7ekilmi\u015ftir <a href=\"https:\/\/uncutnews.ch\/einer-der-meistgelesenen-preprints-der-welt-die-zeigt-dass-mrna-spritzen-tausende-von-genen-zerstoeren-wird-zensiert\/\" target=\"_blank\" rel=\"noreferrer noopener\">Katk\u0131<\/a> 15 Eyl\u00fcl 2025 tarihinde sona erecektir.<\/p>\n\n\n\n<p class=\"wp-block-paragraph\">\u00c7al\u0131\u015fma \u015fu anda di\u011fer tan\u0131nm\u0131\u015f dergiler taraf\u0131ndan hakem de\u011ferlendirmesinden ge\u00e7mekte olup, \u015fu adresten eri\u015filebilir durumdad\u0131r <a href=\"https:\/\/www.researchgate.net\/search\/publication?q=Synthetic+mRNA+Vaccines+and+Transcriptomic+Dysregulation%3A+Evidence+from+New-Onset+Adverse+Events+and+Cancers+Post-Vaccination\" target=\"_blank\" rel=\"noreferrer noopener\">Ara\u015ft\u0131rmaGate<\/a> mevcut.<\/p>\n\n\n\n<p class=\"wp-block-paragraph\">Bu arada, 36.351 okuyucu art\u0131k silinmi\u015f olan \u00f6n bask\u0131ya eri\u015fmi\u015f, 8.651 indirme ger\u00e7ekle\u015fmi\u015f ve 22 yorum b\u0131rak\u0131lm\u0131\u015ft\u0131r:<\/p>\n\n\n<div class=\"wp-block-image\">\n<figure class=\"aligncenter size-large\"><img decoding=\"async\" width=\"1024\" height=\"372\" src=\"https:\/\/csiag.eu\/wp-content\/uploads\/2025\/09\/image-1024x372.png\" alt=\"\" class=\"wp-image-11159\" srcset=\"https:\/\/csiag.eu\/wp-content\/uploads\/2025\/09\/image-1024x372.png 1024w, https:\/\/csiag.eu\/wp-content\/uploads\/2025\/09\/image-300x109.png 300w, https:\/\/csiag.eu\/wp-content\/uploads\/2025\/09\/image-768x279.png 768w, https:\/\/csiag.eu\/wp-content\/uploads\/2025\/09\/image-1536x557.png 1536w, https:\/\/csiag.eu\/wp-content\/uploads\/2025\/09\/image-2048x743.png 2048w, https:\/\/csiag.eu\/wp-content\/uploads\/2025\/09\/image-18x7.png 18w\" sizes=\"(max-width: 1024px) 100vw, 1024px\" \/><\/figure>\n<\/div>\n\n\n<p class=\"wp-block-paragraph\">Bu nedenle \u00e7al\u0131\u015fman\u0131n bilim camias\u0131nda b\u00fcy\u00fck ilgi g\u00f6rd\u00fc\u011f\u00fc anla\u015f\u0131l\u0131yor. Bir \u00f6n bask\u0131n\u0131n geri \u00e7ekilmesi nadir g\u00f6r\u00fclen bir durum gibi g\u00f6r\u00fcnmektedir.<\/p>\n\n\n\n<p class=\"wp-block-paragraph\">\u00c7al\u0131\u015fmada, sa\u011fl\u0131kl\u0131 kontrol deneklerini (803 test dene\u011fi) pandemi faaliyetlerinin bir par\u00e7as\u0131 olarak ger\u00e7ekle\u015ftirilen mRNA enjeksiyonlar\u0131ndan bariz bir \u015fekilde zarar g\u00f6rm\u00fc\u015f ki\u015filerle (\u00f6rn. kanser ve s\u00f6zde advers olaylar) kar\u015f\u0131la\u015ft\u0131rmak i\u00e7in diferansiyel gen ekspresyon analizi kullan\u0131lm\u0131\u015ft\u0131r. PDF olarak burada <a href=\"https:\/\/csiag.eu\/wp-content\/uploads\/2025\/09\/preprints202507.2155.v11.16.50PM.pdf\" target=\"_blank\" rel=\"noreferrer noopener\">\u0130ndir<\/a>.<\/p>\n\n\n\n<p class=\"wp-block-paragraph\">Binlerce genle ilgili gen ifadesinin uzun vadede (enjeksiyondan sonra aylar ila y\u0131llar boyunca) bozuldu\u011fu g\u00f6sterilmi\u015ftir, \u00f6rne\u011fin mitokondriyal yetmezlik (daha \u00f6nce sadece genetik olarak belirlenmi\u015f, maternal olarak kal\u0131tsal mitokondriyal kusurlar nedeniyle h\u00fccresel enerji \u00fcretiminin bozulmas\u0131 olarak biliniyordu), onkojenik aktivasyon (sa\u011flam genlerin patolojik formlara d\u00f6n\u00fc\u015ft\u00fcr\u00fcld\u00fc\u011f\u00fc, onkogen \u00fcr\u00fcn\u00fcn\u00fcn a\u015f\u0131r\u0131 ekspresyonuna ve dolay\u0131s\u0131yla kontrols\u00fcz h\u00fccre b\u00fcy\u00fcmesine ve ard\u0131ndan t\u00fcm\u00f6r olu\u015fumuna neden oldu\u011fu) gibi. Bu durum, kan \u00f6rneklerinin y\u00fcksek \u00e7\u00f6z\u00fcn\u00fcrl\u00fckl\u00fc RNA dizilimi yoluyla ke\u015ffedilmi\u015ftir.<\/p>\n\n\n\n<p class=\"wp-block-paragraph\">Di\u011ferlerinin yan\u0131 s\u0131ra a\u015fa\u011f\u0131daki etkiler g\u00f6zlemlenmi\u015ftir:<\/p>\n\n\n\n<ul class=\"wp-block-list\">\n<li><strong>Mitokondriyal yetmezlik<\/strong><br>Kompleks I'in bozulmas\u0131 (NADH dehidrojenaz veya NADH ubikinon oksidored\u00fcktaz), oksidatif stres, enerji y\u0131k\u0131m\u0131<\/li>\n\n\n\n<li><strong>Ba\u011f\u0131\u015f\u0131kl\u0131k sisteminin yeniden programlanmas\u0131<\/strong><br>kronik enflamasyon, <br>ACE2 bask\u0131lanmas\u0131 (anjiyotensin d\u00f6n\u00fc\u015ft\u00fcr\u00fcc\u00fc enzim-2 aktivitesinin veya ekspresyonunun inhibisyonu veya azalt\u0131lmas\u0131), <br>TLR hiperaktivasyonu (Toll benzeri resept\u00f6rlerin (TLR'ler) a\u015f\u0131r\u0131 veya kontrols\u00fcz aktivasyonu, dimerizasyon ile tetiklenen h\u00fccre i\u00e7i sinyal kaskadlar\u0131na, enflamatuar s\u00fcre\u00e7lerde, a\u015f\u0131r\u0131 enflamatuar reaksiyonlara neden olur)<\/li>\n\n\n\n<li><strong>Onkojenik aktivasyon<\/strong><br>MYC (transkripsiyon fakt\u00f6r\u00fc ve kromozom 8'de (gen lokusu 8q24.21) bulunan ili\u015fkili gen; di\u011fer genlerin ifadesini art\u0131r\u0131r, mekanizma hen\u00fcz net de\u011fildir) artm\u0131\u015f, p53\/KRAS p53 ve ili\u015fkili TP53 geni bir t\u00fcm\u00f6r bask\u0131lay\u0131c\u0131 olarak hareket eder; bir h\u00fccrede genetik bir kusur olmas\u0131 durumunda, h\u00fccre b\u00f6l\u00fcnmesi durdurulur ve DNA onar\u0131m mekanizmalar\u0131 harekete ge\u00e7irilir. Onar\u0131m ba\u015far\u0131l\u0131 olursa p53 seviyesi d\u00fc\u015fer ve h\u00fccre b\u00f6l\u00fcnmesi ilerler. Onar\u0131m ba\u015far\u0131l\u0131 olmazsa, p53 seviyesi y\u00fckselmeye devam eder ve kaspazlar\u0131 aktive ederek apoptoza, yani h\u00fccre \u00f6l\u00fcm\u00fcne yol a\u00e7ar; p53 ayr\u0131ca gebelik hormonu hCG'yi (insan koryonik gonadotropini) de kontrol eder, <br>DNA onar\u0131m mekanizmalar\u0131n\u0131n bask\u0131lanmas\u0131 (yukar\u0131ya bak\u0131n\u0131z)<\/li>\n\n\n\n<li><strong>H\u00fccresel stres<\/strong><br>Ribozomlar\u0131n a\u015f\u0131r\u0131 y\u00fcklenmesi (okunmas\u0131 gereken b\u00fcy\u00fck miktarda mRNA, mRNA'n\u0131n hasar g\u00f6rmesi, eksik bir durdurma sinyalinin protein biyosentezini engellemesinden kaynaklan\u0131r, bu da toplamda h\u00fccreye y\u00fck olan ve h\u00fccresel stres reaksiyonlar\u0131na yol a\u00e7an kusurlu veya eksik proteinlerin birikmesine yol a\u00e7ar), <br>Yanl\u0131\u015f katlanm\u0131\u015f proteinlerin yap\u0131s\u0131 (yanl\u0131\u015f katlanm\u0131\u015f proteinler, bir amino asit zinciri biyolojik olarak do\u011fru, i\u015flevsel \u00fc\u00e7 boyutlu katlanm\u0131\u015f yap\u0131da bulunmad\u0131\u011f\u0131nda ve h\u00fccre i\u00e7inde topland\u0131\u011f\u0131nda olu\u015fur, bu sayede toksik proteinler Alzheimer, Parkinson ve Huntington hastal\u0131\u011f\u0131 gibi hastal\u0131klara yol a\u00e7abilir),<br>Proteazomun aktivasyonu (yanl\u0131\u015f katlanm\u0131\u015f proteinlerin sonucu; protein homeostaz\u0131n\u0131 yeniden sa\u011flamak i\u00e7in yanl\u0131\u015f katlanm\u0131\u015f olarak kabul edilen bu protein aglomeralar\u0131n\u0131 par\u00e7alamaya \u00e7al\u0131\u015fan s\u00fcre\u00e7).<\/li>\n\n\n\n<li><strong>Epigenetik yeniden yap\u0131land\u0131rma<\/strong><br>Kromatin kaymalar\u0131 (transkripsiyon fakt\u00f6rleri ve RNA polimeraz i\u00e7in DNA b\u00f6lgelerinin g\u00f6r\u00fcn\u00fcrl\u00fc\u011f\u00fcn\u00fc d\u00fczenler; nesiller boyunca kal\u0131t\u0131labilen ve organizmalar\u0131n geli\u015fimi ve uyarlanabilirli\u011fi i\u00e7in merkezi olan karma\u015f\u0131k epigenetik mekanizmalar\u0131n bir par\u00e7as\u0131d\u0131r),<br>Metilasyon de\u011fi\u015fiklikleri (genlerin \u00f6zelliklerini epigenetik olarak etkiler; genler inaktive edilebilir veya ifadeleri azalt\u0131labilir; ilgili metil gruplar\u0131 demetilasyon ile \u00e7\u0131kar\u0131l\u0131rsa bu s\u00fcre\u00e7ler tersine \u00e7evrilebilir), <br>N\u00fckleozom yer de\u011fi\u015ftirmesi (DNA'ya normalde bundan sorumlu enzimler (DNA polimerazlar veya RNA polimerazlar) taraf\u0131ndan ula\u015f\u0131lamad\u0131\u011f\u0131ndan, DNA replikasyonu veya transkripsiyon gibi h\u00fccresel s\u00fcre\u00e7ler i\u00e7in DNA'y\u0131 eri\u015filebilir hale getirmeye yarar; n\u00fckleozomlar\u0131n DNA \u00fczerindeki konumland\u0131r\u0131lmas\u0131 (n\u00fckleozom fazlamas\u0131) gen ifadesinin d\u00fczenlenmesi i\u00e7in \u00f6nemlidir).<\/li>\n\n\n\n<li><strong>Ters Transkripsiyon<\/strong><br>Ba\u011f\u0131ms\u0131z \u00e7al\u0131\u015fmalar, DNA'da mRNA entegrasyonunun (a\u015f\u0131 mRNA's\u0131n\u0131n gen entegrasyonu) ve ayn\u0131 zamanda bunun kal\u0131c\u0131 ifadesinin meydana geldi\u011fini g\u00f6stermi\u015ftir. (Molek\u00fcler biyolojinin merkezi dogmas\u0131n\u0131n form\u00fclasyonuna g\u00f6re, bilgi ak\u0131\u015f\u0131 her zaman DNA'dan RNA'ya tan\u0131mlan\u0131r).<\/li>\n<\/ul>\n\n\n\n<h2 class=\"wp-block-heading\"><span class=\"ez-toc-section\" id=\"A_Systematic_Review_of_Autopsy_Findings_in_Deaths_after_COVID-19_Vaccination\"><\/span><strong>COVID-19 A\u015f\u0131lamas\u0131 Sonras\u0131 \u00d6l\u00fcmlerde Otopsi Bulgular\u0131n\u0131n Sistematik Bir \u0130ncelemesi<\/strong><span class=\"ez-toc-section-end\"><\/span><\/h2>\n\n\n\n<p class=\"wp-block-paragraph\">Benzer bir kader 48 sayfal\u0131k \"<strong>COVID-19 A\u015f\u0131lamas\u0131 Sonras\u0131 \u00d6l\u00fcmlerde Otopsi Bulgular\u0131n\u0131n Sistematik Bir \u0130ncelemesi<\/strong>\" dan <a href=\"https:\/\/web.archive.org\/web\/20230706021406\/https:\/\/papers.ssrn.com\/sol3\/cf_dev\/AbsByAuth.cfm?per_id=5996183\" target=\"_blank\" rel=\"noreferrer noopener\">Nicolas Hulscher<\/a>, <a href=\"https:\/\/web.archive.org\/web\/20230706021406\/https:\/\/papers.ssrn.com\/sol3\/cf_dev\/AbsByAuth.cfm?per_id=5996184\" target=\"_blank\" rel=\"noopener\">Paul E. Alexander,<\/a> <a href=\"https:\/\/web.archive.org\/web\/20230706021406\/https:\/\/papers.ssrn.com\/sol3\/cf_dev\/AbsByAuth.cfm?per_id=5996185\" target=\"_blank\" rel=\"noopener\">Richard Ameling<\/a>, <a href=\"https:\/\/web.archive.org\/web\/20230706021406\/https:\/\/papers.ssrn.com\/sol3\/cf_dev\/AbsByAuth.cfm?per_id=5996186\" target=\"_blank\" rel=\"noreferrer noopener\">Heather Gessling<\/a>, <a href=\"https:\/\/web.archive.org\/web\/20230706021406\/https:\/\/papers.ssrn.com\/sol3\/cf_dev\/AbsByAuth.cfm?per_id=5996187\" target=\"_blank\" rel=\"noopener\">Roger Hodkinson<\/a>, <a href=\"https:\/\/web.archive.org\/web\/20230706021406\/https:\/\/papers.ssrn.com\/sol3\/cf_dev\/AbsByAuth.cfm?per_id=5996188\" target=\"_blank\" rel=\"noopener\">William Makis<\/a>, <a href=\"https:\/\/web.archive.org\/web\/20230706021406\/https:\/\/papers.ssrn.com\/sol3\/cf_dev\/AbsByAuth.cfm?per_id=4289932\" target=\"_blank\" rel=\"noopener\">Harvey A. Risch<\/a>, <a href=\"https:\/\/web.archive.org\/web\/20230706021406\/https:\/\/papers.ssrn.com\/sol3\/cf_dev\/AbsByAuth.cfm?per_id=5996189\" target=\"_blank\" rel=\"noreferrer noopener\">Mark Tozzi<\/a>, <a href=\"https:\/\/web.archive.org\/web\/20230706021406\/https:\/\/papers.ssrn.com\/sol3\/cf_dev\/AbsByAuth.cfm?per_id=5996190\" target=\"_blank\" rel=\"noreferrer noopener\">Peter A. McCullough<\/a>05.07.2023 tarihinde yay\u0131nland\u0131 - sadece 24 saat sonra <em>The Lancet<\/em> bu saatler i\u00e7inde 1.042 indirme ve 2.176 g\u00f6r\u00fcnt\u00fcleme kaydedildikten sonra silinmi\u015ftir.<\/p>\n\n\n\n<p class=\"wp-block-paragraph\">Ne yaz\u0131k ki, yaln\u0131zca bu i\u00e7erik hala <a href=\"https:\/\/web.archive.org\/web\/20230706021406\/https:\/\/papers.ssrn.com\/sol3\/papers.cfm?abstract_id=4496137\" target=\"_blank\" rel=\"noreferrer noopener\">WayBackMachine<\/a> mevcut:<\/p>\n\n\n\n<p class=\"wp-block-paragraph\">\"\u00d6zet<\/p>\n\n\n\n<p class=\"wp-block-paragraph\">Arka plan: COVID-19 a\u015f\u0131lar\u0131n\u0131n h\u0131zl\u0131 geli\u015fimi ve yayg\u0131n kullan\u0131m\u0131, \u00e7ok say\u0131da advers olay raporuyla birle\u015fti\u011finde, sistemik lipid nanopartik\u00fcl (LNP) ve mRNA da\u011f\u0131l\u0131m\u0131, spike proteini ile ili\u015fkili doku hasar\u0131, trombojenisite, ba\u011f\u0131\u015f\u0131kl\u0131k sistemi disfonksiyonu ve karsinojenisite dahil olmak \u00fczere olas\u0131 hasar mekanizmalar\u0131 konusunda endi\u015felere yol a\u00e7m\u0131\u015ft\u0131r. Bu sistematik derlemenin amac\u0131, COVID-19 a\u015f\u0131s\u0131 uygulamas\u0131 ile \u00f6l\u00fcm aras\u0131ndaki olas\u0131 nedensel ba\u011flant\u0131lar\u0131 otopsi ve post-mortem analiz kullanarak ara\u015ft\u0131rmakt\u0131r.&nbsp;<br><br>Y\u00f6ntemler: 18 May\u0131s 2023 tarihine kadar COVID-19 a\u015f\u0131lamas\u0131yla ilgili yay\u0131nlanm\u0131\u015f t\u00fcm otopsi ve nekropsi raporlar\u0131n\u0131 ara\u015ft\u0131rd\u0131k. Ba\u015flang\u0131\u00e7ta 678 \u00e7al\u0131\u015fma tespit ettik ve dahil etme kriterlerimizi tarad\u0131ktan sonra 325 otopsi vakas\u0131 ve bir nekropsi vakas\u0131 i\u00e7eren 44 makaleyi dahil ettik. \u00dc\u00e7 doktor ba\u011f\u0131ms\u0131z olarak t\u00fcm \u00f6l\u00fcmleri inceledi ve COVID-19 a\u015f\u0131lamas\u0131n\u0131n do\u011frudan neden olup olmad\u0131\u011f\u0131n\u0131 veya \u00f6l\u00fcme \u00f6nemli \u00f6l\u00e7\u00fcde katk\u0131da bulunup bulunmad\u0131\u011f\u0131n\u0131 belirledi.&nbsp;<br><br>Bulgular: COVID-19 a\u015f\u0131s\u0131 ile ili\u015fkili \u00f6l\u00fcmlerde en \u00e7ok etkilenen organ sistemi kardiyovask\u00fcler sistem (53%) olurken, bunu hematolojik sistem (17%), solunum sistemi (8%) ve \u00e7oklu organ sistemleri (7%) takip etmi\u015ftir. \u00dc\u00e7 veya daha fazla organ sistemi 21 vakada etkilenmi\u015ftir. A\u015f\u0131dan \u00f6l\u00fcme kadar ge\u00e7en ortalama s\u00fcre 14,3 g\u00fcnd\u00fc. \u00d6l\u00fcmlerin \u00e7o\u011fu son a\u015f\u0131 uygulamas\u0131ndan sonraki bir hafta i\u00e7inde ger\u00e7ekle\u015fmi\u015ftir. Toplam 240 \u00f6l\u00fcm\u00fcn (73,9%) COVID-19 a\u015f\u0131lamas\u0131na do\u011frudan ba\u011fl\u0131 oldu\u011fu veya \u00f6nemli \u00f6l\u00e7\u00fcde katk\u0131da bulundu\u011fu ba\u011f\u0131ms\u0131z olarak karara ba\u011flanm\u0131\u015ft\u0131r.<br><br>&nbsp;Yorum: Bu derlemedeki vakalar aras\u0131nda bilinen COVID-19 a\u015f\u0131 advers olaylar\u0131, bunlar\u0131n mekanizmalar\u0131 ve ilgili a\u015f\u0131r\u0131 \u00f6l\u00fcmle g\u00f6r\u00fclen tutarl\u0131l\u0131k, otopsi onay\u0131 ve doktor liderli\u011findeki \u00f6l\u00fcm karar\u0131 ile birle\u015fti\u011finde, COVID-19 a\u015f\u0131lar\u0131 ile \u00f6l\u00fcm aras\u0131nda \u00e7o\u011fu vakada y\u00fcksek bir nedensel ba\u011flant\u0131 olas\u0131l\u0131\u011f\u0131 oldu\u011funu g\u00f6stermektedir. Bulgular\u0131m\u0131z\u0131n a\u00e7\u0131kl\u0131\u011fa kavu\u015fturulmas\u0131 i\u00e7in daha fazla acil ara\u015ft\u0131rma yap\u0131lmas\u0131 gerekmektedir.<br><br>Finansman: Yok.<br><br>\u00c7\u0131kar Beyan\u0131: Dr. Alexander, Amerling, Hodkinson, Makis, McCullough, Risch, Trozzi, finansman, analiz veya yay\u0131nda hi\u00e7bir rol\u00fc olmayan The Wellness Company, Boca Raton, FL ile ba\u011flant\u0131l\u0131d\u0131r ve maa\u015f deste\u011fi almaktad\u0131r veya hisse senedi pozisyonlar\u0131na sahiptir.<\/p>\n\n\n\n<p class=\"wp-block-paragraph\"><strong>Anahtar kelimeler:<\/strong>&nbsp;otopsi, nekropsi, COVID-19, COVID-19 a\u015f\u0131lar\u0131, mRNA, SARS-CoV-2 a\u015f\u0131lamas\u0131, \u00f6l\u00fcm, a\u015f\u0131r\u0131 \u00f6l\u00fcm, ba\u015fak protein, organ sistemi<\/p>\n\n\n\n<p class=\"wp-block-paragraph\"><strong>\u00d6nerilen At\u0131f:<\/strong><\/p>\n\n\n\n<p class=\"wp-block-paragraph\">Hulscher, Nicolas ve Alexander, Paul E. ve Amerling, Richard ve Gessling, Heather ve Hodkinson, Roger ve Makis, William ve Risch, Harvey A. ve Trozzi, Mark ve McCullough, Peter A., COVID-19 A\u015f\u0131lamas\u0131 Sonras\u0131 \u00d6l\u00fcmlerde Otopsi Bulgular\u0131n\u0131n Sistematik \u0130ncelemesi. SSRN'de mevcuttur:&nbsp;<a href=\"https:\/\/web.archive.org\/web\/20230706021406\/https:\/\/ssrn.com\/abstract=4496137\" target=\"_blank\" rel=\"noreferrer noopener\">https:\/\/ssrn.com\/abstract=4496137<\/a>&nbsp;veya&nbsp;<a href=\"https:\/\/web.archive.org\/web\/20230706021406\/https:\/\/dx.doi.org\/10.2139\/ssrn.4496137\" target=\"_blank\" rel=\"noreferrer noopener\">http:\/\/dx.doi.org\/10.2139\/ssrn.4496137<\/a>\u201e<\/p>\n\n\n\n<h2 class=\"wp-block-heading\"><span class=\"ez-toc-section\" id=\"Fazit\"><\/span>Sonu\u00e7<span class=\"ez-toc-section-end\"><\/span><\/h2>\n\n\n\n<p class=\"wp-block-paragraph\">Nazik okuyucu, yukar\u0131da bahsedilen \u00e7al\u0131\u015fmalar\u0131n silinmesinin nedenleri hakk\u0131nda kendi kendine d\u00fc\u015f\u00fcnmeli ve bilimin hala ger\u00e7e\u011fin ortaya \u00e7\u0131kmas\u0131na ne kadar hizmet edebilece\u011fi sorusunu kendisine sormal\u0131d\u0131r...<\/p>","protected":false},"excerpt":{"rendered":"<p><span class=\"span-reading-time rt-reading-time\" style=\"display: block;\"><span class=\"rt-label rt-prefix\">Okuma s\u00fcresi<\/span> <span class=\"rt-time\"> 4<\/span> <span class=\"rt-label rt-postfix\">dakika<\/span><\/span>Audio-Version Unter dem Titel &#8222;Synthetic mRNA Vaccines and Transcriptomic Dysregulation: Evidence from New-Onset Adverse Events and Cancers Post-Vaccination&#8220; (zu Deutsch: \u201eSynthetische mRNA-Impfstoffe und transkriptomische Dysregulation: Beweise f\u00fcr neu auftretende unerw\u00fcnschte Ereignisse und Krebserkrankungen nach der Impfung\u201c, haben Natalia von Ranke, Wei Zhang, Philipp Anokin, Nicolas Hulscher, Kevin J. McKernan, Peter A. McCullough &amp; John A.&hellip;&nbsp;<a href=\"https:\/\/csiag.eu\/tr\/blog\/2025\/09\/15\/synthetic-mrna-vaccines-and-transcriptomic-dysregulation-evidence-from-new-onset-adverse-events-and-cancers-post-vaccination\/\" rel=\"bookmark\">Daha fazlas\u0131n\u0131 oku \"<span class=\"screen-reader-text\">Sentetik mRNA A\u015f\u0131lar\u0131 ve Transkriptomik D\u00fczensizlik: A\u015f\u0131lama Sonras\u0131 Yeni Ba\u015flayan Advers Olaylar ve Kanserlerden Elde Edilen Kan\u0131tlar<\/span><\/a><\/p>","protected":false},"author":1,"featured_media":0,"comment_status":"open","ping_status":"open","sticky":false,"template":"","format":"standard","meta":{"_lmt_disableupdate":"","_lmt_disable":"","neve_meta_sidebar":"","neve_meta_container":"","neve_meta_enable_content_width":"","neve_meta_content_width":0,"neve_meta_title_alignment":"","neve_meta_author_avatar":"","neve_post_elements_order":"","neve_meta_disable_header":"","neve_meta_disable_footer":"","neve_meta_disable_title":"","footnotes":""},"categories":[628,316,1078,354],"tags":[5341,5348,5322,5367,2036,5365,5349,5378,5324,5361,5366,5369,5347,5379,5372,5374,5345,5368,5323,5356,5362,5363,5333,5331,5371,5370,5340,24,5326,5354,5342,5343,5327,5321,5330,5376,5373,5353,5344,80,5332,5329,5325,5334,5364,5337,5336,5377,49,4662,5375,1470,5380,5350,5358,5320,5355,5359,5352,5346,5335,5351,5319,5328,5339,5360,5338],"class_list":["post-11158","post","type-post","status-publish","format-standard","hentry","category-corona","category-corona-blog","category-medizin","category-medizin-gesundheit","tag-abbau-komplex-i","tag-ace2-suppression","tag-adverse","tag-agglomerate","tag-alzheimer","tag-aminosaeurekette","tag-angiotensin-converting-enzyme-2","tag-autopsy-findings","tag-cancer","tag-caspasen","tag-chorea-huntington","tag-chromatinverschiebungen","tag-chronische-entzuendungen","tag-deaths-after-covid-19-vaccination","tag-demethylierung","tag-dna-replikation-2","tag-energiezusammenbruch","tag-epigenetische-umstrukturierung","tag-events","tag-genlokus-8q24-21","tag-hcg","tag-humanes-choriongonadotropin","tag-john-a-catanzaro","tag-kevin-j-mckernan","tag-methylgruppen","tag-methylierungsaenderungen","tag-mitochondriales-versagen","tag-mrna","tag-mrna-impfstoffe","tag-myc","tag-nadh-dehydrogenase","tag-nadh-ubichinon-oxidoreduktase","tag-natalia-von-ranke","tag-new-onset","tag-nicolas-hulscher","tag-nukleosomen-phasing","tag-nukleosomenverschiebung","tag-onkogene-aktivierung","tag-oxidativer-stress","tag-parkinson","tag-peter-s-mccullough","tag-philipp-anokin","tag-post-vaccination","tag-preprints-org","tag-proteinbiosynthese","tag-research-gate","tag-researchgate","tag-reverse-transcription","tag-ribosomen","tag-rna-polymerase","tag-rna-polymerasen","tag-studie","tag-the-lancet","tag-tlr-hyperaktivierung","tag-tp53","tag-transcriptomic-dysregulation","tag-transkriptionsfaktor","tag-tumorsuppressor","tag-uebermaessigen-entzuendungsreaktionen","tag-umprogrammierung-des-immunsystems","tag-uncutnews-ch","tag-unkontrollierte-aktivierung","tag-vaccines","tag-wei-zhang","tag-withdrawn","tag-zellteilung","tag-zurueckgezogen"],"modified_by":"Achim Goerner","_links":{"self":[{"href":"https:\/\/csiag.eu\/tr\/wp-json\/wp\/v2\/posts\/11158","targetHints":{"allow":["GET"]}}],"collection":[{"href":"https:\/\/csiag.eu\/tr\/wp-json\/wp\/v2\/posts"}],"about":[{"href":"https:\/\/csiag.eu\/tr\/wp-json\/wp\/v2\/types\/post"}],"author":[{"embeddable":true,"href":"https:\/\/csiag.eu\/tr\/wp-json\/wp\/v2\/users\/1"}],"replies":[{"embeddable":true,"href":"https:\/\/csiag.eu\/tr\/wp-json\/wp\/v2\/comments?post=11158"}],"version-history":[{"count":0,"href":"https:\/\/csiag.eu\/tr\/wp-json\/wp\/v2\/posts\/11158\/revisions"}],"wp:attachment":[{"href":"https:\/\/csiag.eu\/tr\/wp-json\/wp\/v2\/media?parent=11158"}],"wp:term":[{"taxonomy":"category","embeddable":true,"href":"https:\/\/csiag.eu\/tr\/wp-json\/wp\/v2\/categories?post=11158"},{"taxonomy":"post_tag","embeddable":true,"href":"https:\/\/csiag.eu\/tr\/wp-json\/wp\/v2\/tags?post=11158"}],"curies":[{"name":"wp","href":"https:\/\/api.w.org\/{rel}","templated":true}]}}