{"id":5104,"date":"2023-09-05T11:59:24","date_gmt":"2023-09-05T11:59:24","guid":{"rendered":"https:\/\/csiag.eu\/?p=5104"},"modified":"2024-06-02T09:06:51","modified_gmt":"2024-06-02T09:06:51","slug":"balkon-elektrik-santrali","status":"publish","type":"post","link":"https:\/\/csiag.eu\/tr\/blog\/2023\/09\/05\/balkon-kraftwerk\/","title":{"rendered":"Balkon g\u00fc\u00e7 istasyonu"},"content":{"rendered":"<div id=\"ez-toc-container\" class=\"ez-toc-v2_0_86 counter-hierarchy ez-toc-counter ez-toc-grey ez-toc-container-direction\">\n<div class=\"ez-toc-title-container\">\n<p class=\"ez-toc-title\" style=\"cursor:inherit\">\u0130\u00e7indekiler tablosu<\/p>\n<span class=\"ez-toc-title-toggle\"><\/span><\/div>\n<nav><ul class='ez-toc-list ez-toc-list-level-1' ><li class='ez-toc-page-1 ez-toc-heading-level-2'><a class=\"ez-toc-link ez-toc-heading-1\" href=\"https:\/\/csiag.eu\/tr\/blog\/2023\/09\/05\/balkon-kraftwerk\/#Installations-Beispiel\" >Kurulum \u00f6rne\u011fi<\/a><\/li><li class='ez-toc-page-1 ez-toc-heading-level-2'><a class=\"ez-toc-link ez-toc-heading-2\" href=\"https:\/\/csiag.eu\/tr\/blog\/2023\/09\/05\/balkon-kraftwerk\/#Montage_der_PV-Module\" >FV mod\u00fcllerin montaj\u0131<\/a><\/li><li class='ez-toc-page-1 ez-toc-heading-level-2'><a class=\"ez-toc-link ez-toc-heading-3\" href=\"https:\/\/csiag.eu\/tr\/blog\/2023\/09\/05\/balkon-kraftwerk\/#Weiterfuhrende_Beitrage\" >Di\u011fer katk\u0131lar<\/a><\/li><li class='ez-toc-page-1 ez-toc-heading-level-2'><a class=\"ez-toc-link ez-toc-heading-4\" href=\"https:\/\/csiag.eu\/tr\/blog\/2023\/09\/05\/balkon-kraftwerk\/#Hinweis\" >\u0130pucu<\/a><\/li><\/ul><\/nav><\/div>\n<span class=\"span-reading-time rt-reading-time\" style=\"display: block;\"><span class=\"rt-label rt-prefix\">Okuma s\u00fcresi<\/span> <span class=\"rt-time\"> 2<\/span> <span class=\"rt-label rt-postfix\">dakika<\/span><\/span>\n<p class=\"wp-block-paragraph\">Bir balkon enerji santrali, \u015fu anda maksimum 600 W (feed-in) \u00e7\u0131k\u0131\u015f\u0131 olan bir fotovoltaik sistemdir. Yasa taraf\u0131ndan belirlenen - keyfi - g\u00fc\u00e7 s\u0131n\u0131r\u0131n\u0131n 2023 y\u0131l\u0131nda 800 W'a \u00e7\u0131kar\u0131lmas\u0131 beklenmektedir.<\/p>\n\n\n\n<p class=\"wp-block-paragraph\">Bunun arka plan\u0131nda, \"balkon g\u00fc\u00e7 istasyonu\" ile bir \u00fcnite olarak sat\u0131lan inverterlerin 600 W besleme g\u00fcc\u00fc ile s\u0131n\u0131rl\u0131 olmas\u0131 ve gerekti\u011finde yaz\u0131l\u0131mla 800 W'a d\u00f6n\u00fc\u015ft\u00fcr\u00fclebilmesi yatmaktad\u0131r.<\/p>\n\n\n\n<p class=\"wp-block-paragraph\">Bu t\u00fcr teklifler h\u0131z kesmeden devam ediyor. Bununla birlikte, bir\u00e7ok eksiksiz teklifin her zaman en iyi bile\u015fenleri i\u00e7ermedi\u011fi unutulmamal\u0131d\u0131r.<\/p>\n\n\n\n<p class=\"wp-block-paragraph\">Bu ba\u011flamda, fiyat\/performans a\u00e7\u0131s\u0131ndan en uygun varyant\u0131 sat\u0131n almak istiyorsan\u0131z, teknik verilere, \u00f6zellikle de PV mod\u00fcllerinin ve invert\u00f6rlerin verimlili\u011fine bakman\u0131z gerekir.<\/p>\n\n\n\n<p class=\"wp-block-paragraph\">Dahas\u0131, baz\u0131 s\u00f6zde ucuz tekliflerde \u015feytan ayr\u0131nt\u0131da gizlidir: nakliye masraflar\u0131 kolayca \u00fc\u00e7 haneli avro aral\u0131\u011f\u0131na \u00e7\u0131kabilir.<\/p>\n\n\n\n<p class=\"wp-block-paragraph\">Bir ba\u015fka nokta da fiyatland\u0131rman\u0131n KDV a\u00e7\u0131s\u0131ndan de\u011ferlendirilmesidir. PV sistemleri ve ilgili bile\u015fenleri, sistemler do\u011frudan gayrimenkulle ba\u011flant\u0131l\u0131 olarak kurulum ve tedarik i\u00e7in tasarlanm\u0131\u015fsa \u015fu anda KDV'den muaft\u0131r.<\/p>\n\n\n\n<p class=\"wp-block-paragraph\">Son olarak, kullan\u0131labilirlik s\u00f6z konusudur. Birka\u00e7 aya varan teslimat s\u00fcreleri olduk\u00e7a m\u00fcmk\u00fcnd\u00fcr. Baz\u0131 perakendecilerin minimum sat\u0131n alma miktarlar\u0131 da vard\u0131r.<\/p>\n\n\n\n<h2 class=\"wp-block-heading\"><span class=\"ez-toc-section\" id=\"Installations-Beispiel\"><\/span>Kurulum \u00f6rne\u011fi<span class=\"ez-toc-section-end\"><\/span><\/h2>\n\n\n\n<p class=\"wp-block-paragraph\">Burada, bu makalenin yay\u0131nland\u0131\u011f\u0131 tarihte teknik veriler ve kullan\u0131labilirlik a\u00e7\u0131s\u0131ndan olas\u0131 optimuma yak\u0131n olan bireysel bir sistem \u00f6rnek olarak a\u00e7\u0131klanmaktad\u0131r:<\/p>\n\n\n\n<ul class=\"wp-block-list\">\n<li><a href=\"https:\/\/www.monbeck.de\/Jinko-Solar-Tiger-Neo-JKM435N-54HL4R-V-435Wp-Black-Frame-Solarmodul-fuer-Verbraucher-19-guenstiger\" target=\"_blank\" rel=\"noopener\">Jinko Solar Tiger Neo JKM435N-54HL4R-V - 435Wp Siyah \u00c7er\u00e7eve G\u00fcne\u015f Mod\u00fcl\u00fc<\/a><\/li>\n\n\n\n<li><a href=\"https:\/\/www.toms-car-hifi.de\/technikwelt\/freizeit\/solar\/wechselrichter\/50270\/x1-0.6-s-d-mini-g3.1?sPartner=idealo\" target=\"_blank\" rel=\"noopener\">Solax - X1-0.6-S-D MINI G3.1<\/a><\/li>\n<\/ul>\n\n\n\n<p class=\"wp-block-paragraph\">Yakla\u015f\u0131k 600 Euro kar\u015f\u0131l\u0131\u011f\u0131nda iyi bir <a href=\"https:\/\/de.solaxpower.com\/wp-content\/uploads\/2023\/08\/X1-MINI-G3_DE.pdf\" target=\"_blank\" rel=\"noopener\">\u0130nvert\u00f6r<\/a> 98 % verimlili\u011fe sahip iki PV mod\u00fcl\u00fc (1762 x 1134 x 30 mm) ve hemen veya k\u0131sa s\u00fcrede temin edilebilecek mod\u00fcller aras\u0131nda en iyi verimlili\u011fe, yani 21,77 %'ye sahiptir.<\/p>\n\n\n\n<p class=\"wp-block-paragraph\">Tek ek gereklilikler \u015funlard\u0131r <a href=\"https:\/\/www.amazon.de\/Profi-Verbindungskabel-Verl%C3%A4ngerungskabel-Solarkabel-Solarstecker-Automobile-10M-6mm%C2%B2\/dp\/B0BR72TRHB\/ref=sr_1_12?__mk_de_DE=%C3%85M%C3%85%C5%BD%C3%95%C3%91&amp;crid=2YIVLJJSV9DFH&amp;keywords=PV-verbindungskabel%2B10m&amp;qid=1693914874&amp;sprefix=pv-verbindungskabel%2B10%2Caps%2C672&amp;sr=8-12&amp;th=1\" target=\"_blank\" rel=\"noopener\">Ba\u011flant\u0131 kablosu<\/a> PV mod\u00fcllerinden eviriciye ve montaj malzemesine kadar. FV kablolar 6 mm olmal\u0131d\u0131r<sup>2<\/sup> setlerde genellikle 4 mm olmas\u0131na ra\u011fmen 4 mm'nin alt\u0131na d\u00fc\u015fmez<sup>2<\/sup> Kablo ne kadar kal\u0131n olursa, hat kay\u0131plar\u0131 o kadar d\u00fc\u015f\u00fck olur!<\/p>\n\n\n\n<h2 class=\"wp-block-heading\"><span class=\"ez-toc-section\" id=\"Montage_der_PV-Module\"><\/span>FV mod\u00fcllerin montaj\u0131<span class=\"ez-toc-section-end\"><\/span><\/h2>\n\n\n\n<p class=\"wp-block-paragraph\">PV mod\u00fclleri yatay veya dikey olarak ve her zaman gerilim veya burulma olmadan monte edilebilir.<br>\u00d6zellikle g\u00fcne\u015fin daha az oldu\u011fu k\u0131\u015f aylar\u0131nda daha y\u00fcksek verim elde etmek i\u00e7in e\u011fim a\u00e7\u0131s\u0131 nispeten dik olmal\u0131d\u0131r. Yaz aylar\u0131nda, daha dik bir a\u00e7\u0131yla bile hala yeterli verim vard\u0131r. Buna ek olarak, daha dik montajla daha az toz ve kar birikir, her ikisi de verimi art\u0131r\u0131r.<\/p>\n\n\n\n<p class=\"wp-block-paragraph\">Is\u0131 birikimi nedeniyle performans\u0131n d\u00fc\u015fmesini ve\/veya kusurlar\u0131 \u00f6nlemek i\u00e7in yeterli havaland\u0131rma sa\u011flanmal\u0131d\u0131r.<\/p>\n\n\n\n<h2 class=\"wp-block-heading\"><span class=\"ez-toc-section\" id=\"Weiterfuhrende_Beitrage\"><\/span>Di\u011fer katk\u0131lar<span class=\"ez-toc-section-end\"><\/span><\/h2>\n\n\n\n<p class=\"wp-block-paragraph\">Ayr\u0131nt\u0131lar hakk\u0131nda <a href=\"https:\/\/csiag.eu\/tr\/fotovoltaik-sistem-icin-planlama-yardimi\/\">Sistem planlamas\u0131<\/a> ve teknik tasar\u0131m bu b\u00f6l\u00fcmde a\u00e7\u0131klanmaktad\u0131r. <a href=\"https:\/\/csiag.eu\/tr\/fotovoltaik\/\">Makale<\/a> bulmak i\u00e7in.<\/p>\n\n\n\n<h2 class=\"wp-block-heading\"><span class=\"ez-toc-section\" id=\"Hinweis\"><\/span>\u0130pucu<span class=\"ez-toc-section-end\"><\/span><\/h2>\n\n\n\n<p class=\"has-text-color has-link-color wp-elements-f234df222ea860dd4c97e330ba467d9e wp-block-paragraph\" style=\"color:#ff0000\">T\u00fcm elektrik tesisat\u0131 \u00e7al\u0131\u015fmalar\u0131, y\u00fcr\u00fcrl\u00fckteki y\u00f6netmeliklere uygun olarak kalifiye personel taraf\u0131ndan ger\u00e7ekle\u015ftirilmelidir. Elektrik tesisatlar\u0131 \u00fczerinde \u00e7al\u0131\u015f\u0131rken, her zaman g\u00fcvenli bir \u015fekilde enerjileri kesilmelidir!<br>\u0130lgili olmayan \u00fc\u00e7\u00fcnc\u00fc taraflar\u0131 bilgilendirmek i\u00e7in, \u00e7al\u0131\u015fma s\u00fcresince kapatma cihazlar\u0131na uygun i\u015faretler tak\u0131lmal\u0131d\u0131r.<\/p>\n\n\n\n<div style=\"height:34px\" aria-hidden=\"true\" class=\"wp-block-spacer\"><\/div>\n\n\n\n<blockquote class=\"wp-block-quote is-layout-flow wp-block-quote-is-layout-flow\">\n<p class=\"wp-block-paragraph\">p.s. \u00d6deme kar\u015f\u0131l\u0131\u011f\u0131 ger\u00e7ekle\u015ftirme konusunda ki\u015fisel deste\u011fe ihtiyac\u0131n\u0131z varsa, bir\u00a0<a href=\"https:\/\/csiag.eu\/tr\/danismanlik-hizmeti\/\">Rezervasyon<\/a>\u00a0Yap!<\/p>\n<\/blockquote>","protected":false},"excerpt":{"rendered":"<p><span class=\"span-reading-time rt-reading-time\" style=\"display: block;\"><span class=\"rt-label rt-prefix\">Okuma s\u00fcresi<\/span> <span class=\"rt-time\"> 2<\/span> <span class=\"rt-label rt-postfix\">dakika<\/span><\/span>Bir balkon enerji santrali, \u015fu anda maksimum 600 W (feed-in) \u00e7\u0131k\u0131\u015f\u0131 olan bir fotovoltaik sistemdir. Yasa taraf\u0131ndan belirlenen - keyfi - g\u00fc\u00e7 s\u0131n\u0131r\u0131n\u0131n 2023 y\u0131l\u0131nda 800 W'a \u00e7\u0131kar\u0131lmas\u0131 beklenmektedir. Bunun arka plan\u0131nda, \"balkon santrali\" ile birlikte sat\u0131lan inverterlerin 600 W'l\u0131k bir besleme g\u00fcc\u00fc ile s\u0131n\u0131rl\u0131 olmas\u0131 yatmaktad\u0131r....&nbsp;<a href=\"https:\/\/csiag.eu\/tr\/blog\/2023\/09\/05\/balkon-kraftwerk\/\" rel=\"bookmark\">Daha fazlas\u0131n\u0131 oku \"<span class=\"screen-reader-text\">Balkon g\u00fc\u00e7 istasyonu<\/span><\/a><\/p>","protected":false},"author":1,"featured_media":0,"comment_status":"open","ping_status":"open","sticky":false,"template":"","format":"standard","meta":{"_lmt_disableupdate":"","_lmt_disable":"","neve_meta_sidebar":"","neve_meta_container":"","neve_meta_enable_content_width":"","neve_meta_content_width":0,"neve_meta_title_alignment":"","neve_meta_author_avatar":"","neve_post_elements_order":"","neve_meta_disable_header":"","neve_meta_disable_footer":"","neve_meta_disable_title":"","footnotes":""},"categories":[1],"tags":[],"class_list":["post-5104","post","type-post","status-publish","format-standard","hentry","category-uncategorized"],"modified_by":"Achim Goerner","_links":{"self":[{"href":"https:\/\/csiag.eu\/tr\/wp-json\/wp\/v2\/posts\/5104","targetHints":{"allow":["GET"]}}],"collection":[{"href":"https:\/\/csiag.eu\/tr\/wp-json\/wp\/v2\/posts"}],"about":[{"href":"https:\/\/csiag.eu\/tr\/wp-json\/wp\/v2\/types\/post"}],"author":[{"embeddable":true,"href":"https:\/\/csiag.eu\/tr\/wp-json\/wp\/v2\/users\/1"}],"replies":[{"embeddable":true,"href":"https:\/\/csiag.eu\/tr\/wp-json\/wp\/v2\/comments?post=5104"}],"version-history":[{"count":0,"href":"https:\/\/csiag.eu\/tr\/wp-json\/wp\/v2\/posts\/5104\/revisions"}],"wp:attachment":[{"href":"https:\/\/csiag.eu\/tr\/wp-json\/wp\/v2\/media?parent=5104"}],"wp:term":[{"taxonomy":"category","embeddable":true,"href":"https:\/\/csiag.eu\/tr\/wp-json\/wp\/v2\/categories?post=5104"},{"taxonomy":"post_tag","embeddable":true,"href":"https:\/\/csiag.eu\/tr\/wp-json\/wp\/v2\/tags?post=5104"}],"curies":[{"name":"wp","href":"https:\/\/api.w.org\/{rel}","templated":true}]}}