{"id":7717,"date":"2024-08-02T09:38:14","date_gmt":"2024-08-02T09:38:14","guid":{"rendered":"https:\/\/csiag.eu\/?p=7717"},"modified":"2024-11-06T19:15:59","modified_gmt":"2024-11-06T19:15:59","slug":"mb-sprinter-kabinini-yalitin","status":"publish","type":"post","link":"https:\/\/csiag.eu\/tr\/blog\/2024\/08\/02\/mb-sprinter-fahrerhaus-isolieren\/","title":{"rendered":"MB Sprinter - Kabin yal\u0131t\u0131m\u0131"},"content":{"rendered":"<div id=\"ez-toc-container\" class=\"ez-toc-v2_0_86 counter-hierarchy ez-toc-counter ez-toc-grey ez-toc-container-direction\">\n<div class=\"ez-toc-title-container\">\n<p class=\"ez-toc-title\" style=\"cursor:inherit\">\u0130\u00e7indekiler tablosu<\/p>\n<span class=\"ez-toc-title-toggle\"><\/span><\/div>\n<nav><ul class='ez-toc-list ez-toc-list-level-1' ><li class='ez-toc-page-1 ez-toc-heading-level-2'><a class=\"ez-toc-link ez-toc-heading-1\" href=\"https:\/\/csiag.eu\/tr\/blog\/2024\/08\/02\/mb-sprinter-fahrerhaus-isolieren\/#Demontage_der_Verkleidung\" >Panellerin s\u00f6k\u00fclmesi<\/a><\/li><li class='ez-toc-page-1 ez-toc-heading-level-2'><a class=\"ez-toc-link ez-toc-heading-2\" href=\"https:\/\/csiag.eu\/tr\/blog\/2024\/08\/02\/mb-sprinter-fahrerhaus-isolieren\/#Montage_Isolierung\" >Montaj yal\u0131t\u0131m\u0131<\/a><\/li><li class='ez-toc-page-1 ez-toc-heading-level-2'><a class=\"ez-toc-link ez-toc-heading-3\" href=\"https:\/\/csiag.eu\/tr\/blog\/2024\/08\/02\/mb-sprinter-fahrerhaus-isolieren\/#Montage_der_Verkleidung\" >Panellerin tak\u0131lmas\u0131<\/a><\/li><\/ul><\/nav><\/div>\n<span class=\"span-reading-time rt-reading-time\" style=\"display: block;\"><span class=\"rt-label rt-prefix\">Okuma s\u00fcresi<\/span> <span class=\"rt-time\"> 2<\/span> <span class=\"rt-label rt-postfix\">dakika<\/span><\/span>\n<p class=\"wp-block-paragraph\">MB Sprinter'\u0131n kabinini yal\u0131tmak zor de\u011fildir, ancak her zaman oldu\u011fu gibi nas\u0131l yap\u0131laca\u011f\u0131n\u0131 bilmek i\u015fi kolayla\u015ft\u0131r\u0131r.<\/p>\n\n\n\n<p class=\"wp-block-paragraph\">A\u015fa\u011f\u0131da prosed\u00fcre ili\u015fkin k\u0131sa bir k\u0131lavuz yer almaktad\u0131r.<\/p>\n\n\n\n<p class=\"wp-block-paragraph\">Kargo alan\u0131ndaki di\u011fer t\u00fcm y\u00fczeyler, zemin, tavan ve yan duvarlar ile s\u00fcrg\u00fcl\u00fc yan kap\u0131 ve arka kap\u0131lar i\u00e7in: ambalaj ka\u011f\u0131d\u0131 kullanarak konturlar\u0131 \u00e7izin, bir ke\u00e7eli kalemle \u00e7izin, kesin, tekrar ayarlay\u0131n ve d\u00fczeltin. Daha sonra m\u00fckemmel(!) oturan \u015fablonu ambalaj kartonuna (\u00f6rn. Armaflex ambalaj\u0131) aktar\u0131n ve kesici b\u0131\u00e7akla temiz bir \u015fekilde kesin. Tekrar ayarlay\u0131n ve gerekirse d\u00fczeltin.<\/p>\n\n\n\n<p class=\"wp-block-paragraph\">Bu \u015fablonu Armaflex malzemenin \u00fczerine yerle\u015ftirin ve - bas\u0131n\u00e7 uygulamadan - temiz bir kesim kenar\u0131 elde etmek i\u00e7in birka\u00e7 e\u015fit vuru\u015fla kesin. Mamut izolasyonumuzu toplam be\u015f kesici b\u0131\u00e7akla ger\u00e7ekle\u015ftirdik.<\/p>\n\n\n\n<h2 class=\"wp-block-heading\"><span class=\"ez-toc-section\" id=\"Demontage_der_Verkleidung\"><\/span>Panellerin s\u00f6k\u00fclmesi<span class=\"ez-toc-section-end\"><\/span><\/h2>\n\n\n\n<p class=\"wp-block-paragraph\">\u0130lk olarak, s\u00fcr\u00fcc\u00fc ve yolcu taraf\u0131ndaki tutma kolu \u00fczerindeki iki Torx vidas\u0131n\u0131 gev\u015fetin.<\/p>\n\n\n\n<p class=\"wp-block-paragraph\">G\u00fcne\u015f siperlikleri daha sonra yan camlara paralel olarak yana do\u011fru d\u00f6nd\u00fcr\u00fcl\u00fcr. Art\u0131k serbest olan tutucunun her iki taraf\u0131nda ve tutma taraf\u0131nda birer vida vard\u0131r. D\u00f6rt Torx vidan\u0131n t\u00fcm\u00fc gev\u015fetildikten sonra, ilgili g\u00fcne\u015flik yatay olarak d\u00f6nd\u00fcr\u00fclerek braketten \u00e7\u0131kar\u0131labilir.<\/p>\n\n\n\n<p class=\"wp-block-paragraph\">B dire\u011findeki palto kancalar\u0131 yukar\u0131 do\u011fru \u00e7ekilir. Alt\u0131nda k\u00fc\u00e7\u00fck bir Torx vidas\u0131yla sabitlenmi\u015f metal bir tutma tertibat\u0131 g\u00f6r\u00fclebilir, ard\u0131ndan B s\u00fctununun kaplamas\u0131 \u00fcstteki tutucudan \u00e7\u0131kar\u0131labilir.<\/p>\n\n\n\n<p class=\"wp-block-paragraph\">\u015eimdi t\u00fcm yan plastik panel B s\u00fctunundan s\u0131k\u0131ca \u00e7ekilerek kald\u0131r\u0131labilir, b\u00f6ylece tavan paneli arkas\u0131ndan dikey olarak yukar\u0131 do\u011fru \u00e7ekilebilir. Bunu yaparken, s\u00fcr\u00fcc\u00fc kap\u0131s\u0131n\u0131n \u00fczerindeki lastik duda\u011f\u0131n bir k\u0131sm\u0131 da tavan kaplamas\u0131n\u0131n kenar\u0131n\u0131n bir k\u0131sm\u0131n\u0131 ortaya \u00e7\u0131kar\u0131r. Yan tarafta kalan kau\u00e7uk dudak arkadan kolayca kavranabilir ve tavan kaplamas\u0131n\u0131n kalan iki kenar\u0131 ortaya \u00e7\u0131kar.<\/p>\n\n\n\n<p class=\"wp-block-paragraph\">T\u00fcm paneller ba\u015f dayana\u011f\u0131 y\u00fcksekli\u011fine kadar al\u00e7alt\u0131labilir ve b\u00f6ylece kabinin sac metal i\u00e7 k\u0131sm\u0131 her taraftan eri\u015filebilir hale gelir.<\/p>\n\n\n\n<h2 class=\"wp-block-heading\"><span class=\"ez-toc-section\" id=\"Montage_Isolierung\"><\/span>Montaj yal\u0131t\u0131m\u0131<span class=\"ez-toc-section-end\"><\/span><\/h2>\n\n\n\n<p class=\"wp-block-paragraph\">Tercih edilen yal\u0131t\u0131m olarak Armaflex AF ile \u00e7al\u0131\u015fmak kolayd\u0131r, antibakteriyel bir kaplamaya sahiptir ve bir kesici b\u0131\u00e7akla boyutuna g\u00f6re kesilebilir.<\/p>\n\n\n\n<p class=\"wp-block-paragraph\">Keserken, b\u0131\u00e7a\u011f\u0131n her zaman m\u00fcmk\u00fcn olan en d\u00fc\u015f\u00fck a\u00e7\u0131da oldu\u011fundan emin olun, malzemenin \u00fczerinde birka\u00e7 kez bask\u0131 yapmadan, neredeyse an\u0131nda kay\u0131n: bu, kal\u0131n malzemede bile y\u0131rt\u0131lmad\u0131\u011f\u0131 i\u00e7in y\u0131pranmayan \u00e7ok temiz bir kesim y\u00fczeyi ile sonu\u00e7lan\u0131r. B\u0131\u00e7ak ne kadar k\u00f6rse, kesimler o kadar s\u0131k olur.<\/p>\n\n\n\n<p class=\"wp-block-paragraph\">Kavisler i\u00e7in sadece yeni, keskin b\u0131\u00e7aklar kullan\u0131n veya malzemeyi dikey olarak \"\u00f6nceden kesin\" ve ard\u0131ndan yapboz tekni\u011fini kullanarak malzemeyi kesin ve destek filmini dikey olarak delin. Bu ayn\u0131 zamanda nispeten temiz bir kesim y\u00fczeyi sa\u011flar.<\/p>\n\n\n\n<p class=\"wp-block-paragraph\">Karma\u015f\u0131k kesimler, \u00f6nce ambalaj ka\u011f\u0131d\u0131 kullanarak bir \u015fablon olu\u015fturarak, ard\u0131ndan bunu ambalaj kartonuna (\u00f6rne\u011fin Armaflex ambalaj\u0131) aktararak ve bu karton \u015fablonu kesim i\u00e7in Armaflex \u00fczerine yerle\u015ftirerek ger\u00e7ekle\u015ftirilebilir.<\/p>\n\n\n\n<p class=\"wp-block-paragraph\">Kabin tavan\u0131n\u0131n (ve ayn\u0131 zamanda kargo alan\u0131ndaki di\u011fer t\u00fcm y\u00fczeylerin) yan yal\u0131t\u0131m\u0131 bu \u015fekilde d\u00fczg\u00fcn bir \u015fekilde \u00fcretilebilir.<\/p>\n\n\n\n<p class=\"wp-block-paragraph\">Son olarak, d\u00fcz \u00e7at\u0131 y\u00fczeyi i\u00e7in kesikler \u00fcretilir ve anten ve di\u011fer aksesuar \u00e7at\u0131 kanallar\u0131 i\u00e7in kesikler dikkate al\u0131narak yap\u0131\u015ft\u0131r\u0131l\u0131r.<\/p>\n\n\n\n<h2 class=\"wp-block-heading\"><span class=\"ez-toc-section\" id=\"Montage_der_Verkleidung\"><\/span>Panellerin tak\u0131lmas\u0131<span class=\"ez-toc-section-end\"><\/span><\/h2>\n\n\n\n<p class=\"wp-block-paragraph\">Ba\u015f lentolar\u0131n\u0131n \u00fczerinde \"y\u00fczen\" tavan kaplamas\u0131 yukar\u0131 kald\u0131r\u0131l\u0131r, hassas bir \u015fekilde hizalan\u0131r, B s\u00fctunu kaplamas\u0131n\u0131n \u00fczerinden kald\u0131r\u0131l\u0131r ve arkas\u0131ndaki orijinal konumuna indirilir.<\/p>\n\n\n\n<p class=\"wp-block-paragraph\">Yan lastik dudak tavan kaplamas\u0131n\u0131n \u00fczerinden geri kald\u0131r\u0131l\u0131r, ard\u0131ndan g\u00fcne\u015flik ve tutma kolu \u00fcnitesi s\u00fcr\u00fcc\u00fc ve yolcu taraf\u0131na tak\u0131l\u0131r ve g\u00fcne\u015flik kancalanarak yerine vidalan\u0131r.<\/p>\n\n\n\n<p class=\"wp-block-paragraph\">Son olarak, palto kancas\u0131n\u0131n metal braketleri B s\u00fctununa vidalan\u0131r ve plastik kanca yukar\u0131dan tutturulur.<\/p>","protected":false},"excerpt":{"rendered":"<p><span class=\"span-reading-time rt-reading-time\" style=\"display: block;\"><span class=\"rt-label rt-prefix\">Okuma s\u00fcresi<\/span> <span class=\"rt-time\"> 2<\/span> <span class=\"rt-label rt-postfix\">dakika<\/span><\/span>MB Sprinter'\u0131n kabinini yal\u0131tmak zor de\u011fildir, ancak her zaman oldu\u011fu gibi nas\u0131l yap\u0131laca\u011f\u0131n\u0131 bilmek i\u015fi kolayla\u015ft\u0131r\u0131r. \u0130\u015fte prosed\u00fcr i\u00e7in k\u0131sa bir k\u0131lavuz. Y\u00fck b\u00f6lmesindeki di\u011fer t\u00fcm y\u00fczeyler, zemin, tavan ve yan duvarlar\u0131n yan\u0131 s\u0131ra s\u00fcrg\u00fcl\u00fc yan kap\u0131 ve arka kap\u0131lar i\u00e7in: ambalaj ka\u011f\u0131d\u0131 kullanarak konturlar\u0131 \u00e7izin, ke\u00e7eli kalemle \u00e7izin, kesin, tekrar ayarlay\u0131n ve d\u00fczeltin. Sonra kesip \u00e7\u0131kar\u0131n...&nbsp;<a href=\"https:\/\/csiag.eu\/tr\/blog\/2024\/08\/02\/mb-sprinter-fahrerhaus-isolieren\/\" rel=\"bookmark\">Daha fazlas\u0131n\u0131 oku \"<span class=\"screen-reader-text\">MB Sprinter - Kabin yal\u0131t\u0131m\u0131<\/span><\/a><\/p>","protected":false},"author":1,"featured_media":0,"comment_status":"open","ping_status":"open","sticky":false,"template":"","format":"standard","meta":{"_lmt_disableupdate":"","_lmt_disable":"","neve_meta_sidebar":"","neve_meta_container":"","neve_meta_enable_content_width":"","neve_meta_content_width":0,"neve_meta_title_alignment":"","neve_meta_author_avatar":"","neve_post_elements_order":"","neve_meta_disable_header":"","neve_meta_disable_footer":"","neve_meta_disable_title":"","footnotes":""},"categories":[3049,3556],"tags":[566,3558,3559,3562,3564,3560,594,581,3568,3557,2857,2979,3566,3565,3563,3561,2856,3567],"class_list":["post-7717","post","type-post","status-publish","format-standard","hentry","category-isolierung","category-sprinter","tag-antenne","tag-armaflex","tag-armaflex-af","tag-b-saeule","tag-cuttermesser","tag-dachverkleidung","tag-demontage","tag-fahrerhaus","tag-isolation","tag-isolierung","tag-mb-sprinter","tag-montage","tag-schablone","tag-schnittfuehrung","tag-schnuttflaeche","tag-sonnenblende","tag-sprinter","tag-verkleidung"],"modified_by":"Achim Goerner","_links":{"self":[{"href":"https:\/\/csiag.eu\/tr\/wp-json\/wp\/v2\/posts\/7717","targetHints":{"allow":["GET"]}}],"collection":[{"href":"https:\/\/csiag.eu\/tr\/wp-json\/wp\/v2\/posts"}],"about":[{"href":"https:\/\/csiag.eu\/tr\/wp-json\/wp\/v2\/types\/post"}],"author":[{"embeddable":true,"href":"https:\/\/csiag.eu\/tr\/wp-json\/wp\/v2\/users\/1"}],"replies":[{"embeddable":true,"href":"https:\/\/csiag.eu\/tr\/wp-json\/wp\/v2\/comments?post=7717"}],"version-history":[{"count":0,"href":"https:\/\/csiag.eu\/tr\/wp-json\/wp\/v2\/posts\/7717\/revisions"}],"wp:attachment":[{"href":"https:\/\/csiag.eu\/tr\/wp-json\/wp\/v2\/media?parent=7717"}],"wp:term":[{"taxonomy":"category","embeddable":true,"href":"https:\/\/csiag.eu\/tr\/wp-json\/wp\/v2\/categories?post=7717"},{"taxonomy":"post_tag","embeddable":true,"href":"https:\/\/csiag.eu\/tr\/wp-json\/wp\/v2\/tags?post=7717"}],"curies":[{"name":"wp","href":"https:\/\/api.w.org\/{rel}","templated":true}]}}